{"id":45781,"date":"2020-01-14T20:56:54","date_gmt":"2020-01-14T19:56:54","guid":{"rendered":"https:\/\/www.schiebener.net\/wordpress\/?p=45781"},"modified":"2020-01-14T20:57:33","modified_gmt":"2020-01-14T19:57:33","slug":"musikalisch-karnevalistische-gruesse-aus-marseille","status":"publish","type":"post","link":"https:\/\/www.schiebener.net\/wordpress\/musikalisch-karnevalistische-gruesse-aus-marseille\/","title":{"rendered":"Musikalisch karnevalistische Gr\u00fc\u00dfe aus Marseille"},"content":{"rendered":"<figure id=\"attachment_45727\" aria-describedby=\"caption-attachment-45727\" style=\"width: 700px\" class=\"wp-caption aligncenter\"><img loading=\"lazy\" decoding=\"async\" class=\"wp-image-45727\" src=\"https:\/\/www.schiebener.net\/wordpress\/wp-content\/uploads\/2020\/01\/Lo_C\u00f2r_de_la_Plana_klein.jpg\" alt=\"\" width=\"700\" height=\"466\" srcset=\"https:\/\/www.schiebener.net\/wordpress\/wp-content\/uploads\/2020\/01\/Lo_C\u00f2r_de_la_Plana_klein.jpg 1196w, https:\/\/www.schiebener.net\/wordpress\/wp-content\/uploads\/2020\/01\/Lo_C\u00f2r_de_la_Plana_klein-300x200.jpg 300w, https:\/\/www.schiebener.net\/wordpress\/wp-content\/uploads\/2020\/01\/Lo_C\u00f2r_de_la_Plana_klein-1024x682.jpg 1024w, https:\/\/www.schiebener.net\/wordpress\/wp-content\/uploads\/2020\/01\/Lo_C\u00f2r_de_la_Plana_klein-768x512.jpg 768w\" sizes=\"auto, (max-width: 709px) 85vw, (max-width: 909px) 67vw, (max-width: 984px) 61vw, (max-width: 1362px) 45vw, 600px\" \/><figcaption id=\"caption-attachment-45727\" class=\"wp-caption-text\">Lo C\u00f2r De La Plana haben sich den A Capella Ges\u00e4ngen der okzitanischen Tradition verschrieben. Auf ihrer Spurensuche entdecken sie auch ganz moderne Klangwelten. (Pressefoto)<\/figcaption><\/figure>\n<p><strong>Meschede. P\u00fcnktlich zur n\u00e4rrischen Saison hat der WKM-WERKKREIS KULTUR MESCHEDE im Rahmen des Klangkosmos Weltmusik in NRW die F\u00fcnf S\u00e4nger der Formation LO C\u00d2R DE LA PLANA mit ihrem Programm \u201eCarnaval Occitian\u201c aus S\u00fcdfrankreich eingeladen.<\/strong><\/p>\n<p><em>(Pressemitteilung des &#8222;<a href=\"https:\/\/www.meschede.de\/tourismus-freizeit-kultur\/freizeit-kultur\/kultur-vor-ort\/werkkreis-kultur-meschede-ev\/\" target=\"_blank\" rel=\"noopener noreferrer\">Werkkreis Kultur Meschede<\/a>&#8222;)<\/em><\/p>\n<p>Die Lieder wurden eigens f\u00fcr den Auftritt am Samstag, 08.02. 20 Uhr im B\u00fcrgerzentrum Alte Synagoge Meschede in der Kampstr. 8 zur f\u00fcnften Jahreszeit zusammengestellt.<\/p>\n<p>Im Herzen von Marseille\u00a0liegt der Platz \u201eLa Plaine\u201c. Er ist Namensgeber des Ensembles:\u00a0Lo C\u00f2r de la Plana. \u201eLa Plana\u201c hei\u00dft auf Franz\u00f6sisch \u201eLa Plaine\u201c was \u201ePlateau\u201c oder \u201eFl\u00e4che\u201c bedeutet. Dieser gro\u00dfe Platz wurde im 13. Jahrhundert angelegt und ist aktuell im Zuge eines Stadtumbaus hoch umstritten.<\/p>\n<p>In dem neuen Programm der okzitanischen S\u00e4nger nennen sie, als musikalisch-k\u00fcnstlerisches Sprachrohr, unverbl\u00fcmt soziale und politische Missst\u00e4nde beim Namen.<\/p>\n<p>Lo C\u00f2r De La Plana haben sich den A Capella Ges\u00e4ngen der okzitanischen Tradition verschrieben. Auf ihrer Spurensuche entdecken sie auch ganz moderne Klangwelten. Was die f\u00fcnf S\u00e4nger auf der traditionellen Spurensuchen ausgraben ist alles andere als verstaubt. Da trifft die Chortradition des westlichen Mittelmeerraums auf das Selbstverst\u00e4ndnis einer okzitanischen Eigenst\u00e4ndigkeit und die Weltoffenheit des internationalen Hafens: Marseille hatte schon immer ein farbigeres Kulturverst\u00e4ndnis, auch schon vor dem Titel der Kulturhauptstadt Europas 2013.<\/p>\n<p>Dazu kommt die hohe Professionalit\u00e4t der f\u00fcnf S\u00e4nger des Chors. Anleihen an Melodien aus dem Mittelalter sind zu h\u00f6ren, die Verwandtschaft zu Ges\u00e4ngen der gro\u00dfen Inseln Korsika und Sardinien wird deutlich. Vielf\u00e4ltiger Groove und eine ausgefeilte Gesangstechnik mit Elementen Sprechtechniken der Popmusik und Beatboxing, vor allem aber eine h\u00f6rbare Freude an verschlungenen Melodien und Harmonien machen dieses Konzert zu einem ansteckenden H\u00f6rerlebnis.<\/p>\n<p>Der Chor spielt in folgender Besetzung: Der k\u00fcnstlerische Leiter Manu Th\u00e9ron, Rodin Kaufmann, Benjamin Novarino-Giana, Denis Sampieri, S\u00e9bastien Spessa. Alle f\u00fcnf begleiten sich neben dem Gesang auch am Tamburin.<\/p>\n<p>Wer wei\u00df, vielleicht tauchen die Franzosen ja auch noch auf der <a href=\"https:\/\/www.siedlerkarneval.de\/\" target=\"_blank\" rel=\"noopener noreferrer\">Prunksitzung der SGH<\/a> nebenan in der Stadthalle auf \u2026<\/p>\n<p>&#8212;&#8212;&#8212;&#8212;&#8212;&#8212;&#8212;&#8212;&#8212;&#8212;-<\/p>\n<p><em>Karten gibt es f\u00fcr 12 \u20ac in der Tourist-Info Meschede, Brilon, Olsberg und online unter <a href=\"http:\/\/www.reservix.de\" target=\"_blank\" rel=\"noopener noreferrer\">www.reservix.de<\/a>. An der Abendkasse kosten die Tickets 15 \u20ac.<\/em><\/p>\n<p><em>Weitere Infos zur Band und der Weltmusikreihe unter <a href=\"http:\/\/www.klangkosmos-nrw.de\" target=\"_blank\" rel=\"noopener noreferrer\">www.klangkosmos-nrw.de<\/a><\/em><\/p>\n<p><em><strong>LO C\u00d2R DE LA PLANA (Frankreich): Polyphone Lieder des \u201eCarnaval Occitan\u201c Marseille<br \/>\nSamstag, 08.02.20 &#8211; 20:00 Uhr B\u00fcrgerzentrum Alte Synagoge Meschede, Kampstr. 8<\/strong><\/em><\/p>\n","protected":false},"excerpt":{"rendered":"<p>Meschede. P\u00fcnktlich zur n\u00e4rrischen Saison hat der WKM-WERKKREIS KULTUR MESCHEDE im Rahmen des Klangkosmos Weltmusik in NRW die F\u00fcnf S\u00e4nger der Formation LO C\u00d2R DE LA PLANA mit ihrem Programm &hellip; <a href=\"https:\/\/www.schiebener.net\/wordpress\/musikalisch-karnevalistische-gruesse-aus-marseille\/\" class=\"more-link\"><span class=\"screen-reader-text\">\u201eMusikalisch karnevalistische Gr\u00fc\u00dfe aus Marseille\u201c <\/span>weiterlesen<\/a><\/p>\n","protected":false},"author":17,"featured_media":0,"comment_status":"open","ping_status":"open","sticky":false,"template":"","format":"standard","meta":{"footnotes":""},"categories":[303,674,80,27,1043],"tags":[8509,8508,264,7012],"class_list":["post-45781","post","type-post","status-publish","format-standard","hentry","category-in-unserem-briefkasten","category-kultur","category-lokales","category-musik","category-pressemitteilungen","tag-buergerzentrum-alte-synagoge","tag-lo-cor-de-la-plana","tag-meschede","tag-werkkreis-kultur-meschede"],"_links":{"self":[{"href":"https:\/\/www.schiebener.net\/wordpress\/wp-json\/wp\/v2\/posts\/45781","targetHints":{"allow":["GET"]}}],"collection":[{"href":"https:\/\/www.schiebener.net\/wordpress\/wp-json\/wp\/v2\/posts"}],"about":[{"href":"https:\/\/www.schiebener.net\/wordpress\/wp-json\/wp\/v2\/types\/post"}],"author":[{"embeddable":true,"href":"https:\/\/www.schiebener.net\/wordpress\/wp-json\/wp\/v2\/users\/17"}],"replies":[{"embeddable":true,"href":"https:\/\/www.schiebener.net\/wordpress\/wp-json\/wp\/v2\/comments?post=45781"}],"version-history":[{"count":0,"href":"https:\/\/www.schiebener.net\/wordpress\/wp-json\/wp\/v2\/posts\/45781\/revisions"}],"wp:attachment":[{"href":"https:\/\/www.schiebener.net\/wordpress\/wp-json\/wp\/v2\/media?parent=45781"}],"wp:term":[{"taxonomy":"category","embeddable":true,"href":"https:\/\/www.schiebener.net\/wordpress\/wp-json\/wp\/v2\/categories?post=45781"},{"taxonomy":"post_tag","embeddable":true,"href":"https:\/\/www.schiebener.net\/wordpress\/wp-json\/wp\/v2\/tags?post=45781"}],"curies":[{"name":"wp","href":"https:\/\/api.w.org\/{rel}","templated":true}]}}