{"id":4574,"date":"2009-09-03T17:32:51","date_gmt":"2009-09-03T15:32:51","guid":{"rendered":"http:\/\/www.schiebener.net\/wordpress\/?p=4574"},"modified":"2009-09-03T17:33:43","modified_gmt":"2009-09-03T15:33:43","slug":"hat-die-spd-eine-strategie","status":"publish","type":"post","link":"https:\/\/www.schiebener.net\/wordpress\/hat-die-spd-eine-strategie\/","title":{"rendered":"Die &#8222;F\u00fcnfte Kolonne&#8220; oder hat die SPD eine Strategie?"},"content":{"rendered":"<p>Welche Strategie hat die SPD f\u00fcr die Zeit bis zu den Bundestagswahlen und danach?<\/p>\n<ol>\n<li>Schwarz, Rot, Gelb?<\/li>\n<li>Rot, Gelb, Gr\u00fcn?<\/li>\n<li>Rot, Rot, Gr\u00fcn?<\/li>\n<\/ol>\n<p>In Th\u00fcringen ist die CDU auf elegante Art und Weise die politische Altlast Althaus losgeworden. Es wird dort aller Wahrscheinlichkeit nach nicht zu einer Koalition der SPD mit der Linken kommen. Die SPD wird argumentieren: Ja, liebe W\u00e4hler, wir wollten das System Althaus bek\u00e4mpfen, aber jetzt ist er ja weg und die CDU per SPD Definition ein m\u00f6glicher Partner (der sogar auf unseren Druck hin) Althaus abzieht.<\/p>\n<p>Im Saarland wird M\u00fcller den Koch machen und eine Koalition ohne Linke zusammen r\u00fchren. Helfen werden ihm dabei die Gr\u00fcnen, die in Hamburg schon l\u00e4ngst das Ticket f\u00fcr Schwarz-Gr\u00fcne B\u00fcndnisse (Kohlekraftwerk Moorburg) gel\u00f6st haben. Der SPD, die von ihrem Erzfeind aus eigenem Fleisch und Blut, t\u00fcckisch gepeinigt und gedem\u00fctigt wird, nimmt es jeder verst\u00e4ndnisvolle Deutsche ab, dass sie mit dem hassgetriebenen Oskar, dem Demagogen, nun \u00fcberhaupt nicht kann. Die FDP hat mindestens zwei Tickets gel\u00f6st, h\u00e4lt aber zur Zeit das Schwarz-Gelbe besonders hoch.<\/p>\n<p>Wenn nichts Unvorhergesehenes passiert, wird es nach den Bundestagswahlen zu folgenden Konstellationen kommen:<\/p>\n<ol>\n<li>Schwarz, Gelb<\/li>\n<li>Schwarz, Gelb, Gr\u00fcn<\/li>\n<li>eine ausgezehrte SPD wird von der CDU am Hungerhaken eine weitere Regierungszeit durchgeschleift und bei der dann folgenden Wahl endg\u00fcltig gedem\u00fctigt.<\/li>\n<\/ol>\n<p>Mehr f\u00e4llt mir zur Zeit partout nicht ein.<\/p>\n<p>Eine gro\u00dfartige Verschw\u00f6rungs-Theorie <a href=\"http:\/\/www.nachdenkseiten.de\/?p=4169\" target=\"_blank\">bietet seit heute Albrecht M\u00fcller<\/a> an: Die SPD wird von einer Art &#8222;F\u00fcnfter Kolonne&#8220; nach allen Regeln der subversiven Kunst auseinander genommen:<\/p>\n<blockquote><p><strong>R\u00e4tselhafte SPD-Strategie. Des R\u00e4tsels L\u00f6sung: SPD-Spitze arbeitet f\u00fcr andere.<\/strong><\/p>\n<p><span class=\"preview\">Sie m\u00f6gen dies f\u00fcr eine sehr gewagte Vermutung halten. Dann bleibt Ihnen als L\u00f6sung des R\u00e4tsels alternativ nur die Vermutung, dass in der SPD-Spitze nur noch Dummk\u00f6pfe sitzen. Andere Erkl\u00e4rungen gibt es f\u00fcr den Niedergang dieser gro\u00dfen und wichtigen Partei aus meiner Sicht nicht. &#8230;<br \/>\n<\/span><br \/>\nVorweg: Dies ist eine dramatische und f\u00fcr unser Volk unerfreuliche Entwicklung. Denn wir br\u00e4uchten eine wirkliche politische Alternative zum neoliberal bestimmten Kurs von Union und FDP. Dies kann man ohne Parteilichkeit feststellen. Eine Alternative zu haben, ist eine ur-demokratische Regel. Ohne die SPD wird es unter heutigen Bedingungen aber keine Alternative zum rechtskonservativen Lager geben. Deshalb ist die Erkenntnis, dass die SPD-Spitze im Auftrag anderer Interessen arbeitet, so bedr\u00fcckend&#8230; <a href=\"http:\/\/www.nachdenkseiten.de\/?p=4169\" target=\"_blank\">weiterlesen<\/a><\/p><\/blockquote>\n","protected":false},"excerpt":{"rendered":"<p>Welche Strategie hat die SPD f\u00fcr die Zeit bis zu den Bundestagswahlen und danach? Schwarz, Rot, Gelb? Rot, Gelb, Gr\u00fcn? Rot, Rot, Gr\u00fcn? In Th\u00fcringen ist die CDU auf elegante &hellip; <a href=\"https:\/\/www.schiebener.net\/wordpress\/hat-die-spd-eine-strategie\/\" class=\"more-link\"><span class=\"screen-reader-text\">\u201eDie &#8222;F\u00fcnfte Kolonne&#8220; oder hat die SPD eine Strategie?\u201c <\/span>weiterlesen<\/a><\/p>\n","protected":false},"author":3,"featured_media":0,"comment_status":"open","ping_status":"open","sticky":false,"template":"","format":"standard","meta":{"footnotes":""},"categories":[24],"tags":[102,749,13,750],"class_list":["post-4574","post","type-post","status-publish","format-standard","hentry","category-politik","tag-albrecht-muller","tag-bundestagswahl","tag-spd","tag-strategie"],"_links":{"self":[{"href":"https:\/\/www.schiebener.net\/wordpress\/wp-json\/wp\/v2\/posts\/4574","targetHints":{"allow":["GET"]}}],"collection":[{"href":"https:\/\/www.schiebener.net\/wordpress\/wp-json\/wp\/v2\/posts"}],"about":[{"href":"https:\/\/www.schiebener.net\/wordpress\/wp-json\/wp\/v2\/types\/post"}],"author":[{"embeddable":true,"href":"https:\/\/www.schiebener.net\/wordpress\/wp-json\/wp\/v2\/users\/3"}],"replies":[{"embeddable":true,"href":"https:\/\/www.schiebener.net\/wordpress\/wp-json\/wp\/v2\/comments?post=4574"}],"version-history":[{"count":0,"href":"https:\/\/www.schiebener.net\/wordpress\/wp-json\/wp\/v2\/posts\/4574\/revisions"}],"wp:attachment":[{"href":"https:\/\/www.schiebener.net\/wordpress\/wp-json\/wp\/v2\/media?parent=4574"}],"wp:term":[{"taxonomy":"category","embeddable":true,"href":"https:\/\/www.schiebener.net\/wordpress\/wp-json\/wp\/v2\/categories?post=4574"},{"taxonomy":"post_tag","embeddable":true,"href":"https:\/\/www.schiebener.net\/wordpress\/wp-json\/wp\/v2\/tags?post=4574"}],"curies":[{"name":"wp","href":"https:\/\/api.w.org\/{rel}","templated":true}]}}