{"id":45726,"date":"2020-01-07T18:39:04","date_gmt":"2020-01-07T17:39:04","guid":{"rendered":"https:\/\/www.schiebener.net\/wordpress\/?p=45726"},"modified":"2020-01-07T18:42:47","modified_gmt":"2020-01-07T17:42:47","slug":"weltmusik-im-sauer-und-siegerland-klangkosmos-nrw-hat-geburtstag-rueckschau-und-das-programm-2020","status":"publish","type":"post","link":"https:\/\/www.schiebener.net\/wordpress\/weltmusik-im-sauer-und-siegerland-klangkosmos-nrw-hat-geburtstag-rueckschau-und-das-programm-2020\/","title":{"rendered":"Weltmusik im Sauer- und Siegerland: Klangkosmos NRW hat Geburtstag &#8211; R\u00fcckschau und das Programm 2020"},"content":{"rendered":"<figure id=\"attachment_45727\" aria-describedby=\"caption-attachment-45727\" style=\"width: 700px\" class=\"wp-caption aligncenter\"><a href=\"https:\/\/www.schiebener.net\/wordpress\/wp-content\/uploads\/2020\/01\/Lo_C\u00f2r_de_la_Plana_klein.jpg\" target=\"_blank\" rel=\"noopener noreferrer\"><img loading=\"lazy\" decoding=\"async\" class=\"wp-image-45727\" src=\"https:\/\/www.schiebener.net\/wordpress\/wp-content\/uploads\/2020\/01\/Lo_C\u00f2r_de_la_Plana_klein.jpg\" alt=\"\" width=\"700\" height=\"466\" srcset=\"https:\/\/www.schiebener.net\/wordpress\/wp-content\/uploads\/2020\/01\/Lo_C\u00f2r_de_la_Plana_klein.jpg 1196w, https:\/\/www.schiebener.net\/wordpress\/wp-content\/uploads\/2020\/01\/Lo_C\u00f2r_de_la_Plana_klein-300x200.jpg 300w, https:\/\/www.schiebener.net\/wordpress\/wp-content\/uploads\/2020\/01\/Lo_C\u00f2r_de_la_Plana_klein-1024x682.jpg 1024w, https:\/\/www.schiebener.net\/wordpress\/wp-content\/uploads\/2020\/01\/Lo_C\u00f2r_de_la_Plana_klein-768x512.jpg 768w\" sizes=\"auto, (max-width: 709px) 85vw, (max-width: 909px) 67vw, (max-width: 984px) 61vw, (max-width: 1362px) 45vw, 600px\" \/><\/a><figcaption id=\"caption-attachment-45727\" class=\"wp-caption-text\">Die okzitanischen Revolution\u00e4re des polyphonen Gesangs aus S\u00fcdfrankreich, LO C\u00d2R DE LA PLANA, sind mit einem extra f\u00fcr NRW zugeschnittenen \u201eCarnaval-Programm\u201c am 08.02. in Meschede. Am 17.02. tritt das Quintett in Siegen auf. (Pressefoto)<\/figcaption><\/figure>\n<p><strong>S\u00fcdwestfalen. Im Jahr 2000 fand das erste Konzert unter dem Label \u201eKlangkosmos\u201c in S\u00fcdwestfalen statt. Niemand der damaligen Paten dieser Konzerte h\u00e4tte gedacht, dass aus der Idee eine echte Erfolgsgeschichte w\u00fcrde.<\/strong><\/p>\n<p><em>(Pressemitteilung des <a href=\"https:\/\/www.meschede.de\/tourismus-freizeit-kultur\/freizeit-kultur\/kultur-vor-ort\/werkkreis-kultur-meschede-ev\/\" target=\"_blank\" rel=\"noopener noreferrer\">Werkkreis Kultur Meschede<\/a>)<\/em><\/p>\n<p>Seitdem entstand eine offene Plattform von Kulturorganisationen in mehreren St\u00e4dten S\u00fcdwestfalens, die herausragende Musikensembles aus allen f\u00fcnf Kontinenten pr\u00e4sentiert, um die weltweite musikalische Vielfalt zeitgen\u00f6ssischer Heimatkl\u00e4nge und Klangkunst live erlebbar zu machen.<\/p>\n<p>Jedes Jahr waren mindestens sechs Ensembles mit Meistermusikern und jungen Talenten nach S\u00fcdwestfalen eingeladen, um sich in Konzerten zu pr\u00e4sentieren, in Musikworkshops an Schulen und in Einrichtungen der kulturellen Bildung die Geheimnisse ihrer Musik zu teilen, sich mit lokalen Communities und musikalischen <em>local heroes<\/em> auszutauschen und neue Freundschaften zu schlie\u00dfen, aber auch in wissenschaftlichen <em>Lectures<\/em> und kulturpolitischen Rahmenveranstaltungen tiefe Einblicke in ihre Klangkunst und Kulturen zu erm\u00f6glichen.<\/p>\n<p>Die St\u00e4dte Brilon, Meschede und Siegen haben ber\u00fchrende, intensive Konzerte erlebt, magisch sch\u00f6ne Kl\u00e4nge auf wenig bekannten Instrumenten geh\u00f6rt; k\u00e4mpferische Lieder, Hymnen f\u00fcr den Frieden sowie \u00fcbersch\u00e4umende fr\u00f6hliche Grooves, die das Leben feiern. Vielen Dank an alle, die in den letzten Jahren das Projekt begleitet und unterst\u00fctzt haben, vor allem an das fantastische Publikum!<\/p>\n<p><strong>Das Programm des ersten Halbjahres 2020<\/strong><\/p>\n<p>In der 1. Jahresh\u00e4lfte 2020 der Jubil\u00e4umsspielzeit wurden ganz besondere musikalische Perlen nach S\u00fcdwestfalen eingeladen.<\/p>\n<figure id=\"attachment_45728\" aria-describedby=\"caption-attachment-45728\" style=\"width: 700px\" class=\"wp-caption aligncenter\"><a href=\"https:\/\/www.schiebener.net\/wordpress\/wp-content\/uploads\/2020\/01\/Niyireth-Alarcon_by-Adelia-Agzamova_klein-.jpg\" target=\"_blank\" rel=\"noopener noreferrer\"><img loading=\"lazy\" decoding=\"async\" class=\"wp-image-45728\" src=\"https:\/\/www.schiebener.net\/wordpress\/wp-content\/uploads\/2020\/01\/Niyireth-Alarcon_by-Adelia-Agzamova_klein-.jpg\" alt=\"\" width=\"700\" height=\"467\" srcset=\"https:\/\/www.schiebener.net\/wordpress\/wp-content\/uploads\/2020\/01\/Niyireth-Alarcon_by-Adelia-Agzamova_klein-.jpg 1024w, https:\/\/www.schiebener.net\/wordpress\/wp-content\/uploads\/2020\/01\/Niyireth-Alarcon_by-Adelia-Agzamova_klein--300x200.jpg 300w, https:\/\/www.schiebener.net\/wordpress\/wp-content\/uploads\/2020\/01\/Niyireth-Alarcon_by-Adelia-Agzamova_klein--768x512.jpg 768w\" sizes=\"auto, (max-width: 709px) 85vw, (max-width: 909px) 67vw, (max-width: 984px) 61vw, (max-width: 1362px) 45vw, 600px\" \/><\/a><figcaption id=\"caption-attachment-45728\" class=\"wp-caption-text\">Im Mai (17. Brilon \/ 18. Siegen) steht mit NIYIRETH ALARC\u00d2N eine starke Frau aus Kolumbien im Mittelpunkt der Konzerte, die schon lange vor \u201eFridays for Future\u201c sich f\u00fcr den Schutz der Natur eingesetzt hat. (Foto: Adelia Agzamova)<\/figcaption><\/figure>\n<p>Zum ersten Mal im Klangkosmos ist am 20.01. das Quartett LEE NARAE aus Korea in Siegen, dass einen ber\u00fchrenden Liederzyklus im volkmusikalischen Pansori-Stil \u00fcber eine legend\u00e4re Frauengestalt pr\u00e4sentiert.<\/p>\n<p>Auch erstmals am 20.04. in Siegen wird der ber\u00fchmte Epens\u00e4nger Turkmenistans, PALVAN HAMIDOV, im Trio kraftvoll-rhythmische St\u00fccke im Gep\u00e4ck haben.<\/p>\n<p>Die afghanischen Gro\u00dfmeister klassischer Musik aus Kabul kommen mit dem Ensemble SAFAR am 15.03. nach Brilon, und die okzitanischen Revolution\u00e4re des polyphonen Gesangs aus S\u00fcdfrankreich, LO C\u00d2R DE LA PLANA, sind mit einem extra f\u00fcr NRW zugeschnittenen \u201eCarnaval-Programm\u201c am 08.02. in Meschede. Am 17.02. tritt das Quintett in Siegen auf.<\/p>\n<p>Im Mai (17. Brilon \/ 18. Siegen) steht mit NIYIRETH ALARC\u00d2N eine starke Frau aus Kolumbien im Mittelpunkt der Konzerte, die schon lange vor \u201eFridays for Future\u201c sich f\u00fcr den Schutz der Natur eingesetzt hat.<\/p>\n<p>&#8212;&#8212;&#8212;&#8212;&#8212;&#8212;&#8212;&#8212;&#8212;&#8212;&#8212;&#8212;&#8212;&#8212;&#8212;&#8212;&#8212;&#8212;&#8212;&#8211;<\/p>\n<p><em>Die Koordinationsstelle der Reihe \u201eKlangkosmos Weltmusik in NRW\u201c liegt in der Hand von <a href=\"http:\/\/www.albakultur.de\/\">alba KULTUR K\u00f6ln<\/a> mit ihrer Kuratorin Birgit Ellinghaus.<\/em><\/p>\n<p><em>Weitere Infos und Downloads unter <a href=\"http:\/\/www.klangkosmos-nrw.de\/\" target=\"_blank\" rel=\"noopener noreferrer\">www.klangkosmos-nrw.de<\/a><\/em><\/p>\n<p>&nbsp;<\/p>\n","protected":false},"excerpt":{"rendered":"<p>S\u00fcdwestfalen. Im Jahr 2000 fand das erste Konzert unter dem Label \u201eKlangkosmos\u201c in S\u00fcdwestfalen statt. Niemand der damaligen Paten dieser Konzerte h\u00e4tte gedacht, dass aus der Idee eine echte Erfolgsgeschichte &hellip; <a href=\"https:\/\/www.schiebener.net\/wordpress\/weltmusik-im-sauer-und-siegerland-klangkosmos-nrw-hat-geburtstag-rueckschau-und-das-programm-2020\/\" class=\"more-link\"><span class=\"screen-reader-text\">\u201eWeltmusik im Sauer- und Siegerland: Klangkosmos NRW hat Geburtstag &#8211; R\u00fcckschau und das Programm 2020\u201c <\/span>weiterlesen<\/a><\/p>\n","protected":false},"author":17,"featured_media":0,"comment_status":"open","ping_status":"open","sticky":false,"template":"","format":"standard","meta":{"footnotes":""},"categories":[674,80,27,1043],"tags":[8493,8492,655,8494,7012],"class_list":["post-45726","post","type-post","status-publish","format-standard","hentry","category-kultur","category-lokales","category-musik","category-pressemitteilungen","tag-alba-kultur-koeln","tag-klangkosmos-nrw","tag-pressemitteilung","tag-weltmusik","tag-werkkreis-kultur-meschede"],"_links":{"self":[{"href":"https:\/\/www.schiebener.net\/wordpress\/wp-json\/wp\/v2\/posts\/45726","targetHints":{"allow":["GET"]}}],"collection":[{"href":"https:\/\/www.schiebener.net\/wordpress\/wp-json\/wp\/v2\/posts"}],"about":[{"href":"https:\/\/www.schiebener.net\/wordpress\/wp-json\/wp\/v2\/types\/post"}],"author":[{"embeddable":true,"href":"https:\/\/www.schiebener.net\/wordpress\/wp-json\/wp\/v2\/users\/17"}],"replies":[{"embeddable":true,"href":"https:\/\/www.schiebener.net\/wordpress\/wp-json\/wp\/v2\/comments?post=45726"}],"version-history":[{"count":0,"href":"https:\/\/www.schiebener.net\/wordpress\/wp-json\/wp\/v2\/posts\/45726\/revisions"}],"wp:attachment":[{"href":"https:\/\/www.schiebener.net\/wordpress\/wp-json\/wp\/v2\/media?parent=45726"}],"wp:term":[{"taxonomy":"category","embeddable":true,"href":"https:\/\/www.schiebener.net\/wordpress\/wp-json\/wp\/v2\/categories?post=45726"},{"taxonomy":"post_tag","embeddable":true,"href":"https:\/\/www.schiebener.net\/wordpress\/wp-json\/wp\/v2\/tags?post=45726"}],"curies":[{"name":"wp","href":"https:\/\/api.w.org\/{rel}","templated":true}]}}