{"id":45722,"date":"2020-01-07T17:15:49","date_gmt":"2020-01-07T16:15:49","guid":{"rendered":"https:\/\/www.schiebener.net\/wordpress\/?p=45722"},"modified":"2020-01-07T17:15:49","modified_gmt":"2020-01-07T16:15:49","slug":"sauerlaender-buergerliste-grundsaetzliches-zu-energie-und-klima-klimaschutz-faengt-auf-kommunaler-ebene-an","status":"publish","type":"post","link":"https:\/\/www.schiebener.net\/wordpress\/sauerlaender-buergerliste-grundsaetzliches-zu-energie-und-klima-klimaschutz-faengt-auf-kommunaler-ebene-an\/","title":{"rendered":"Sauerl\u00e4nder B\u00fcrgerliste: Grunds\u00e4tzliches zu Energie und Klima &#8211; Klimaschutz f\u00e4ngt auf kommunaler Ebene an."},"content":{"rendered":"<figure id=\"attachment_26131\" aria-describedby=\"caption-attachment-26131\" style=\"width: 512px\" class=\"wp-caption aligncenter\"><img loading=\"lazy\" decoding=\"async\" class=\"wp-image-26131 size-full\" src=\"https:\/\/www.schiebener.net\/wordpress\/wp-content\/uploads\/2013\/10\/windraeder20131026.jpg\" alt=\"Windr\u00e4der\" width=\"512\" height=\"384\" srcset=\"https:\/\/www.schiebener.net\/wordpress\/wp-content\/uploads\/2013\/10\/windraeder20131026.jpg 512w, https:\/\/www.schiebener.net\/wordpress\/wp-content\/uploads\/2013\/10\/windraeder20131026-300x225.jpg 300w\" sizes=\"auto, (max-width: 512px) 85vw, 512px\" \/><figcaption id=\"caption-attachment-26131\" class=\"wp-caption-text\">Richtung Kr\u00e4merh\u00f6he, Blick nach links: Windr\u00e4der (archiv: zoom)<\/figcaption><\/figure>\n<p><strong>Auch im Sauerland wird in den letzten Wochen intensiv dar\u00fcber diskutiert, welche Ursachen es f\u00fcr den Klimawandel gibt und was die richtigen Schritte zum besseren Klimaschutz sind, insbesondere aus kommunaler Sicht.<\/strong><\/p>\n<p><em>(Dieser Artikel der SBL ist heute in \u00e4hnlicher Form zuerst <a href=\"http:\/\/sbl-fraktion.de\/?p=9324\" target=\"_blank\" rel=\"noopener noreferrer\">auf der Website der Sauerl\u00e4nder B\u00fcrgerliste<\/a> erschienen.)<\/em><\/p>\n<p>Daher hier der Versuch, die seit 2006 bestehende Position der SBL in 22 Thesen darzustellen:<\/p>\n<ol>\n<li>Der Klimawandel ist deutlich sp\u00fcrbar, und zeigt sich u.a. an der permanenten und progressiven Erderw\u00e4rmung.<\/li>\n<li>Die W\u00e4rme auf der Erde resultiert vor allem aus der Sonneneinstrahlung, aber durch den Zustand unserer Atmosph\u00e4re entscheidet sich, in welchem Umfang auf der Erde ein Treibhauseffekt entsteht.<\/li>\n<li>Die Treibhausgase in unserer Atmosph\u00e4re haben deutlich zugenommen.<\/li>\n<li>Daf\u00fcr sind vor allem wir Menschen verantwortlich.<\/li>\n<li>Eine gro\u00dfe Rolle bei den Treibhausgasen spielt CO2.<\/li>\n<li>Daher ist eine Reduzierung der Treibhausgase und insbesondere von CO2 f\u00fcr den Klimaschutz unbedingt erforderlich.<\/li>\n<li>\u00a0Ohne marktregulierende Ma\u00dfnahmen (wie z.B. CO2-Steuer) wird diese Reduzierung nicht gelingen.<\/li>\n<li>\u00a0F\u00fcr einkommensschwache Haushalte ist ein pauschaler Ausgleich der aus der CO2-Abgabe entstehenden Mehrbelastungen durch ein Energiegeld o.\u00e4. sinnvoll.<\/li>\n<li>\u00a0Drei wichtige Bereiche f\u00fcr die CO2-Einsparung und damit f\u00fcr den Klimaschutz sind Verkehr, Heizung und die Erzeugung von elektrischer Energie.<\/li>\n<li>\u00a0Die Verwendung von Kohle in jeder Form als Energietr\u00e4ger ist weder nachhaltig noch emissionsarm.<\/li>\n<li>\u00a0Atomkraft w\u00e4re ein geeigneter Energietr\u00e4ger (da sie relativ \u201csauber\u201d ist), wenn nicht der Betrieb von AKW hohe Risiken enthielte und wenn abgebrannte Brennst\u00e4be endg\u00fcltig und sicher gelagert werden k\u00f6nnten. Beides wird sich auf absehbare Zeit nicht \u00e4ndern. Daher scheiden AKWs aus.<\/li>\n<li>\u00a0Neue Energietr\u00e4ger wie z.B. Wasserstoff werden mindestens bis 2050 keinen wesentlichen Beitrag zur Energieerzeugung leisten k\u00f6nnen.<\/li>\n<li>\u00a0Regenerative Energien wie Wasserkraft und Windkraft sind f\u00fcr eine Energiewende unverzichtbar.<\/li>\n<li>\u00a0Gerade im Sauerland bestehen aufgrund der topographischen Verh\u00e4ltnisse und der geringen Siedlungsdichte sehr gute Voraussetzungen f\u00fcr die Nutzung von Wind- und Wasserkraft.<\/li>\n<li>\u00a0Kein Verfahren zur Energieerzeugung ist ohne Nachteile.<\/li>\n<li>\u00a0Gerade f\u00fcr Windenergieanlagen (WEA) ist es daher richtig, in jedem Einzelfall auf die jeweiligen Standortbedingungen zu achten, diese sorgf\u00e4ltig zu pr\u00fcfen und WEA nicht \u00fcberall zu errichten.<\/li>\n<li>\u00a0F\u00fcr das Ergebnis der Abw\u00e4gung bei jeder einzelnen WEA gibt es Spielraum, je nach Setzung der Schwerpunkte. Dies darf aber nicht zu einer fast generellen Ablehnung des Baus von WEA f\u00fchren.<\/li>\n<li>\u00a0Au\u00dfer der AfD unterst\u00fctzen in Deutschland mittlerweile alle Parteien die Nutzung von Windkraft f\u00fcr die Stromerzeugung.<\/li>\n<li>\u00a0Auch der Anteil der \u201cKlimawandelleugner\u201d ist au\u00dferhalb der AfD sehr gering.<\/li>\n<li>\u00a0F\u00fcr die Verkehrswende ist eine st\u00e4rkere Nutzung des \u00d6PV unabdingbar; daf\u00fcr m\u00fcssen a) eine Ausweitung der Angebote, b) eine Verbesserung der Qualit\u00e4t und c) Fahrpreissenkungen erfolgen.<\/li>\n<li>\u00a0E-Mobilit\u00e4t bietet sich vor allem f\u00fcr Kurzstrecken und innerhalb der St\u00e4dte an.<\/li>\n<li>\u00a0Klimaschutz f\u00e4ngt auf kommunaler Ebene an. Wir m\u00fcssen alle unseren Beitrag leisten, ohne dass jede(r) in allen Bereichen perfekt sein kann.<\/li>\n<\/ol>\n","protected":false},"excerpt":{"rendered":"<p>Auch im Sauerland wird in den letzten Wochen intensiv dar\u00fcber diskutiert, welche Ursachen es f\u00fcr den Klimawandel gibt und was die richtigen Schritte zum besseren Klimaschutz sind, insbesondere aus kommunaler &hellip; <a href=\"https:\/\/www.schiebener.net\/wordpress\/sauerlaender-buergerliste-grundsaetzliches-zu-energie-und-klima-klimaschutz-faengt-auf-kommunaler-ebene-an\/\" class=\"more-link\"><span class=\"screen-reader-text\">\u201eSauerl\u00e4nder B\u00fcrgerliste: Grunds\u00e4tzliches zu Energie und Klima &#8211; Klimaschutz f\u00e4ngt auf kommunaler Ebene an.\u201c <\/span>weiterlesen<\/a><\/p>\n","protected":false},"author":17,"featured_media":0,"comment_status":"open","ping_status":"open","sticky":false,"template":"","format":"standard","meta":{"footnotes":""},"categories":[8406,80,549],"tags":[8010,1982,6854],"class_list":["post-45722","post","type-post","status-publish","format-standard","hentry","category-klimakrise","category-lokales","category-umwelt","tag-klimaschutz","tag-klimawandel","tag-sauerlaender-buergerliste-sblfw"],"_links":{"self":[{"href":"https:\/\/www.schiebener.net\/wordpress\/wp-json\/wp\/v2\/posts\/45722","targetHints":{"allow":["GET"]}}],"collection":[{"href":"https:\/\/www.schiebener.net\/wordpress\/wp-json\/wp\/v2\/posts"}],"about":[{"href":"https:\/\/www.schiebener.net\/wordpress\/wp-json\/wp\/v2\/types\/post"}],"author":[{"embeddable":true,"href":"https:\/\/www.schiebener.net\/wordpress\/wp-json\/wp\/v2\/users\/17"}],"replies":[{"embeddable":true,"href":"https:\/\/www.schiebener.net\/wordpress\/wp-json\/wp\/v2\/comments?post=45722"}],"version-history":[{"count":0,"href":"https:\/\/www.schiebener.net\/wordpress\/wp-json\/wp\/v2\/posts\/45722\/revisions"}],"wp:attachment":[{"href":"https:\/\/www.schiebener.net\/wordpress\/wp-json\/wp\/v2\/media?parent=45722"}],"wp:term":[{"taxonomy":"category","embeddable":true,"href":"https:\/\/www.schiebener.net\/wordpress\/wp-json\/wp\/v2\/categories?post=45722"},{"taxonomy":"post_tag","embeddable":true,"href":"https:\/\/www.schiebener.net\/wordpress\/wp-json\/wp\/v2\/tags?post=45722"}],"curies":[{"name":"wp","href":"https:\/\/api.w.org\/{rel}","templated":true}]}}