{"id":45593,"date":"2019-12-23T19:47:25","date_gmt":"2019-12-23T18:47:25","guid":{"rendered":"https:\/\/www.schiebener.net\/wordpress\/?p=45593"},"modified":"2019-12-23T19:50:57","modified_gmt":"2019-12-23T18:50:57","slug":"ich-bin-traurig-hermann-ludwig-gremliza-20-november-1940-in-koeln-%e2%80%a0-20-dezember-2019-in-hamburg","status":"publish","type":"post","link":"https:\/\/www.schiebener.net\/wordpress\/ich-bin-traurig-hermann-ludwig-gremliza-20-november-1940-in-koeln-%e2%80%a0-20-dezember-2019-in-hamburg\/","title":{"rendered":"Ich bin traurig: Hermann Ludwig Gremliza (* 20. November 1940 in K\u00f6ln, \u2020 20. Dezember 2019 in Hamburg)"},"content":{"rendered":"<div class=\"video-wrapped video-wrapped-video video-wrapped-yt\" style=\"width: 840px; min-height: 630px; background-image: url('https:\/\/www.schiebener.net\/wordpress\/wp-content\/plugins\/wp-video-embed-privacy-master\/preview\/yt\/yG6s93MTGOA.jpg?s=7f644eb24218065774afedb34c22d5c6353e9979f5159d53bdaee3f14aa20020')\" data-embed-frame=\"&lt;iframe title=&quot;Hermann L. Gremliza und Horst Tomayer: Das sehr gemischte Doppel&quot; width=&quot;840&quot; height=&quot;630&quot; src=&quot;https:\/\/www.youtube-nocookie.com\/embed\/yG6s93MTGOA?feature=oembed&quot; frameborder=&quot;0&quot; allow=&quot;accelerometer; autoplay; clipboard-write; encrypted-media; gyroscope; picture-in-picture; web-share&quot; referrerpolicy=&quot;strict-origin-when-cross-origin&quot; allowfullscreen&gt;&lt;\/iframe&gt;\" data-embed-play=\"&lt;span&gt;Video abspielen&lt;\/span&gt;&lt;div class=&quot;small&quot;&gt;&lt;span&gt;Das Video wird von Youtube eingebettet. Es gelten die &lt;a href=&quot;https:\/\/www.google.com\/intl\/de\/policies\/privacy\/&quot; target=&quot;_blank&quot;&gt;Datenschutzerkl\u00e4rungen von Google&lt;\/a&gt;.&lt;\/span&gt;&lt;\/div&gt;\">\n<div class=\"video-wrapped-nojs\"><span>Aktivieren Sie JavaScript um das Video zu sehen.<br \/>Video-Link: <a href=\"https:\/\/www.youtube.com\/watch?v=yG6s93MTGOA\">https:\/\/www.youtube.com\/watch?v=yG6s93MTGOA<\/a><\/span><\/div>\n<\/div>\n<p>&nbsp;<br \/>\n<strong>Als ich heute Nachmittag <a href=\"https:\/\/twitter.com\/SWeiermann\/status\/1209109810186260480\" target=\"_blank\" rel=\"noopener noreferrer\">\u00fcber Twitter<\/a> die Nachricht vom Tod <a href=\"https:\/\/de.wikipedia.org\/wiki\/Hermann_L._Gremliza\" target=\"_blank\" rel=\"noopener noreferrer\">Hermann Gremlizas<\/a> erhielt, war ich traurig und habe mich ins Auto gesetzt, um an einen Ort zu fahren, an dem es Licht gab.<\/strong><\/p>\n<p>Disclaimer: unser Stadtteil ist in der d\u00fcsteren Jahreszeit eben das: dunkel.<\/p>\n<p>Mein Leben in Zeitschriften: Die ZEIT, der Spiegel, STERN und dann <a href=\"https:\/\/konkret-magazin.de\/\"><em>Konkret<\/em><\/a>, wegen Gremliza. Die ZEIT bezog ich als Sch\u00fcler im Abo und qu\u00e4lte mich durch die bombastischen, hypermetaphorischen Leitartikel von Theo Sommer, auf der Suche nach dem Sinn hinter all dem Sprachballast.<\/p>\n<p>Dann kam Gremliza und zerriss monatlich chirurgisch pr\u00e4zise die Sprachget\u00fcme und Wolken von Theo Sommer.\u00a0 Seitdem folgte ich Hermann Gremliza.<\/p>\n<p>Nicht alle Artikel in der Monatszeitschrift <em>Konkret<\/em>, f\u00fcr die Gremliza seit 1974 als Herausgeber zeichnete, fand ich gelungen, aber solange Theo Sommer auf der letzten Seite im &#8222;Express&#8220; von Gremliza auseinandergenommen wurde und Horst Tomayer seine Scherze mit den M\u00e4chtigen trieb, verzieh ich der Zeitschrift vieles.<\/p>\n<p>Die unbeirrbare Israel-Solidarit\u00e4t, die der linke Sozialdemokrat (bis 1989) dann parteilose Gremliza durch alle Jahrzehnte beibehielt,\u00a0 war ein Kompass, der mehr Menschen in wirren politischen Zeiten geholfen hat, dem Antisemitismus nicht auf den Leim zu gehen, als es die Auflage der <em>Konkret<\/em> vermuten l\u00e4sst.<\/p>\n<p>&#8222;Vielleicht der gr\u00f6\u00dfte Journalist des Landes&#8220;, <a href=\"https:\/\/www.juedische-allgemeine.de\/kultur\/vielleicht-der-groesste-journalist-des-landes\/\" target=\"_blank\" rel=\"noopener noreferrer\">schreibt heute Martin Krauss in der J\u00fcdischen Allgemeinen<\/a>.<\/p>\n<p>Dass ich als Student keinen &#8222;Pal\u00e4stinenser-Schal&#8220; getragen und sp\u00e4ter keine Sympathie f\u00fcr BDS entwickelt habe, verdanke ich unter anderem auch Hermann Gremliza.<\/p>\n<p>R.I.P.<\/p>\n","protected":false},"excerpt":{"rendered":"<p>Aktivieren Sie JavaScript um das Video zu sehen.Video-Link: https:\/\/www.youtube.com\/watch?v=yG6s93MTGOA &nbsp; Als ich heute Nachmittag \u00fcber Twitter die Nachricht vom Tod Hermann Gremlizas erhielt, war ich traurig und habe mich ins &hellip; <a href=\"https:\/\/www.schiebener.net\/wordpress\/ich-bin-traurig-hermann-ludwig-gremliza-20-november-1940-in-koeln-%e2%80%a0-20-dezember-2019-in-hamburg\/\" class=\"more-link\"><span class=\"screen-reader-text\">\u201eIch bin traurig: Hermann Ludwig Gremliza (* 20. November 1940 in K\u00f6ln, \u2020 20. Dezember 2019 in Hamburg)\u201c <\/span>weiterlesen<\/a><\/p>\n","protected":false},"author":3,"featured_media":0,"comment_status":"open","ping_status":"open","sticky":false,"template":"","format":"standard","meta":{"footnotes":""},"categories":[319,83,6,32,49],"tags":[540,538],"class_list":["post-45593","post","type-post","status-publish","format-standard","hentry","category-geschichte","category-hamburg-allgemein","category-kalenderblatt","category-medien","category-religion","tag-hermann-l-gremliza","tag-konkret"],"_links":{"self":[{"href":"https:\/\/www.schiebener.net\/wordpress\/wp-json\/wp\/v2\/posts\/45593","targetHints":{"allow":["GET"]}}],"collection":[{"href":"https:\/\/www.schiebener.net\/wordpress\/wp-json\/wp\/v2\/posts"}],"about":[{"href":"https:\/\/www.schiebener.net\/wordpress\/wp-json\/wp\/v2\/types\/post"}],"author":[{"embeddable":true,"href":"https:\/\/www.schiebener.net\/wordpress\/wp-json\/wp\/v2\/users\/3"}],"replies":[{"embeddable":true,"href":"https:\/\/www.schiebener.net\/wordpress\/wp-json\/wp\/v2\/comments?post=45593"}],"version-history":[{"count":0,"href":"https:\/\/www.schiebener.net\/wordpress\/wp-json\/wp\/v2\/posts\/45593\/revisions"}],"wp:attachment":[{"href":"https:\/\/www.schiebener.net\/wordpress\/wp-json\/wp\/v2\/media?parent=45593"}],"wp:term":[{"taxonomy":"category","embeddable":true,"href":"https:\/\/www.schiebener.net\/wordpress\/wp-json\/wp\/v2\/categories?post=45593"},{"taxonomy":"post_tag","embeddable":true,"href":"https:\/\/www.schiebener.net\/wordpress\/wp-json\/wp\/v2\/tags?post=45593"}],"curies":[{"name":"wp","href":"https:\/\/api.w.org\/{rel}","templated":true}]}}