{"id":45413,"date":"2019-11-26T19:14:56","date_gmt":"2019-11-26T18:14:56","guid":{"rendered":"https:\/\/www.schiebener.net\/wordpress\/?p=45413"},"modified":"2019-11-26T19:14:56","modified_gmt":"2019-11-26T18:14:56","slug":"sozialhelden-gewinnen-deutschen-nachhaltigkeitspreis-und-neuen-partner-fuer-aufzug-projekt","status":"publish","type":"post","link":"https:\/\/www.schiebener.net\/wordpress\/sozialhelden-gewinnen-deutschen-nachhaltigkeitspreis-und-neuen-partner-fuer-aufzug-projekt\/","title":{"rendered":"Sozialhelden gewinnen Deutschen Nachhaltigkeitspreis und neuen Partner f\u00fcr Aufzug-Projekt"},"content":{"rendered":"<figure id=\"attachment_45414\" aria-describedby=\"caption-attachment-45414\" style=\"width: 700px\" class=\"wp-caption aligncenter\"><a href=\"https:\/\/www.schiebener.net\/wordpress\/wp-content\/uploads\/2019\/11\/Pressefoto_DNP_2019_Fotocredit_Dariusz_Misztal-9-scaled.jpg\" target=\"_blank\" rel=\"noopener noreferrer\"><img loading=\"lazy\" decoding=\"async\" class=\"wp-image-45414\" src=\"https:\/\/www.schiebener.net\/wordpress\/wp-content\/uploads\/2019\/11\/Pressefoto_DNP_2019_Fotocredit_Dariusz_Misztal-9-scaled.jpg\" alt=\"\" width=\"700\" height=\"466\" srcset=\"https:\/\/www.schiebener.net\/wordpress\/wp-content\/uploads\/2019\/11\/Pressefoto_DNP_2019_Fotocredit_Dariusz_Misztal-9-scaled.jpg 2560w, https:\/\/www.schiebener.net\/wordpress\/wp-content\/uploads\/2019\/11\/Pressefoto_DNP_2019_Fotocredit_Dariusz_Misztal-9-scaled-300x200.jpg 300w, https:\/\/www.schiebener.net\/wordpress\/wp-content\/uploads\/2019\/11\/Pressefoto_DNP_2019_Fotocredit_Dariusz_Misztal-9-scaled-1024x682.jpg 1024w, https:\/\/www.schiebener.net\/wordpress\/wp-content\/uploads\/2019\/11\/Pressefoto_DNP_2019_Fotocredit_Dariusz_Misztal-9-scaled-768x511.jpg 768w, https:\/\/www.schiebener.net\/wordpress\/wp-content\/uploads\/2019\/11\/Pressefoto_DNP_2019_Fotocredit_Dariusz_Misztal-9-scaled-1536x1022.jpg 1536w, https:\/\/www.schiebener.net\/wordpress\/wp-content\/uploads\/2019\/11\/Pressefoto_DNP_2019_Fotocredit_Dariusz_Misztal-9-scaled-2048x1363.jpg 2048w\" sizes=\"auto, (max-width: 709px) 85vw, (max-width: 909px) 67vw, (max-width: 984px) 61vw, (max-width: 1362px) 45vw, 600px\" \/><\/a><figcaption id=\"caption-attachment-45414\" class=\"wp-caption-text\"><br \/>Preisu?bergabe des Deutschen Nachhaltigkeitspreis (v.l.n.r): Prof. Dr. Wolf-Dieter Lukas, Staatssekret\u00e4r im Bundesministerium fu?r Bildung und Forschung (BMBF), Raul Krauthausen, Gru?nder und Vorstandsvorsitzender des Sozialhelden e.V. und Jonas Deister, Gesch\u00e4ftsfu?hrer des Sozialhelden e.V. (Foto: Dariusz Misztal)<\/figcaption><\/figure>\n<p><b><strong>D\u00fcsseldorf 26.11.2019 <\/strong><\/b>\u2013 <b><strong>\u00a0Am Freitag wurde in D\u00fcsseldorf vor 1.200 G\u00e4sten der 12. Deutsche Nachhaltigkeitspreis verliehen. In Zusammenarbeit mit der Bundesregierung wurden Spitzenleistungen der Nachhaltigkeit in Wirtschaft, Kommunen und Forschung pr\u00e4miert. Ehrenpreise erhielten Bundespr\u00e4sident a. D. Joachim Gauck, die Umweltaktivistin Paula Caballero, Simply Red-Frontmann Mick Hucknall und der Architekt Bjarke Ingels f\u00fcr ihr soziales und \u00f6kologisches Engagement. Einen Sonderpreis f\u00fcr Greta Thunberg nahmen stellvertretend \u201eFridays For Future\u201c-Aktivistinnen entgegen. In der Kategorie Forschung gewann der Berliner Verein Sozialhelden um den Inklusionsaktivisten Raul Krauthausen.<\/strong><\/b><\/p>\n<p><em>(<a href=\"https:\/\/sozialhelden.de\/blog\/sozialhelden-gewinnen-nachhaltigkeitspreis\/\" target=\"_blank\" rel=\"noopener noreferrer\">Pressemitteilung der Sozialhelden<\/a>)<\/em><\/p>\n<p>Der Deutsche Nachhaltigkeitspreis Forschung geht an den gemeinn\u00fctzigen Verein Sozialhelden aus Berlin f\u00fcr das <a href=\"http:\/\/www.projekt-elevate.de\/\" target=\"_blank\" rel=\"noopener noreferrer\">Projekt Elevate<\/a>. Der Verein setzt sich mit dem Projekt daf\u00fcr ein, die Voraussetzungen f\u00fcr einen bundesweiten und fl\u00e4chendeckenden Online-Informationsservice zu schaffen, der die Verf\u00fcgbarkeit und Funktionsf\u00e4higkeit von Aufz\u00fcgen in Echtzeit darstellt. Der Preis wir zum achten Mal in Zusammenarbeit mit dem Bundesministerium f\u00fcr Bildung und Forschung (BMBF) vergeben und widmet sich in diesem Jahr dem Schwerpunktthema \u201eUrbane Mobilit\u00e4t\u201c.<\/p>\n<p>\u201cEs ist eine gro\u00dfe Ehre neben Gr\u00f6\u00dfen wie Greta Thunberg und Mick Hucknall mit dem Nachhaltigkeitspreis ausgezeichnet zu werden. Und besonders freut uns, dass es ein Publikumspreis ist und sehr viele Menschen f\u00fcr uns abgestimmt haben,\u201d sagt Sozialhelden-Gr\u00fcnder Raul Krauthausen nach der Bekanntgabe der diesj\u00e4hrigen Gewinner. \u201cDenn eine barrierefreie Planung ist ein gro\u00dfer Pfeiler der Nachhaltigkeit. Nur wer sich in einer Gesellschaft frei bewegen kann, kann diese auch mitgestalten,\u201d so Krauthausen weiter.<\/p>\n<p>Das Projekt Elevate sieht der Aktivist und Rollstuhlfahrer dabei als gutes Beispiel einer gesamtgesellschaftlichen Verantwortung, an der Wirtschaft, Politik und Zivilgesellschaft gemeinsam arbeiten m\u00fcssen. \u201cEs kann immer mal passieren, dass ein Aufzug ausf\u00e4llt, aber dann muss man schnell und zuverl\u00e4ssig informiert werden. Denn nicht nur Rollstuhlfahrer*innen sind darauf angewiesen, sondern auch Familien mit Kinderwagen, \u00e4ltere Menschen oder einfach nur Touristen und Touristinnen mit schweren Koffern,\u201d erkl\u00e4rt Krauthausen.<\/p>\n<p>Wie die Zusammenarbeit im Bereich Aufz\u00fcge funktionieren kann, skizziert Projektleiter Jonas Deister: \u201cDie Aufz\u00fcge kommen von Herstellern wie Schindler oder Thyssen Krupp und gehen dann an St\u00e4dte, Verkehrsunternehmen und Wohnungsgesellschaften und sollen f\u00fcr Menschen eine Hilfe sein. Deswegen sind alle an einem funktionsf\u00e4higen Fahrstuhl interessiert, aber manchmal sind diese defekt, und dann sollten wenigstens die Informationen schnell vorliegen.\u201d Diese Informationen werden im Projekt Elevate gesammelt und \u00f6ffentlich bereitgestellt. \u201cZurzeit k\u00f6nnen wir die Informationen von mehr als 3.000 Aufz\u00fcgen anzeigen. Jetzt haben wir einen neuen Partner gewonnen und werden auch bald die Aufzugsdaten innerhalb der Verwaltung der Stadt D\u00fcsseldorf anzeigen k\u00f6nnen,\u201d sagt Deister.<\/p>\n<p>\u201cDies ist ein wichtiger Schritt auf dem Weg zur Smart-City, der mobilit\u00e4tseingeschr\u00e4nkten Menschen das Leben in D\u00fcsseldorf etwas erleichtern wird. Alle Aufz\u00fcge in Verwaltungsgeb\u00e4uden sollen digitalisiert werden, damit Menschen im Rollstuhl barrierefrei ihr Ziel erreichen k\u00f6nnen,\u201d sagt Oberb\u00fcrgermeister Thomas Geisel w\u00e4hrend der Veranstaltung in seiner Landeshauptstadt.<\/p>\n<p>Mit dem Preis h\u00f6rt f\u00fcr die Sozialhelden die Reise bei der Frage nach funktionierenden Aufz\u00fcgen im \u00f6ffentlichen Personennah- und Fernverkehr nicht auf: Bei dem neuen Projekt Elevate Delta arbeitet der Berliner Verein gemeinsam mit der ubirch GmbH an der weiteren Digitalisierung, genauer gesagt an einem Sensor f\u00fcr Aufz\u00fcge, der automatisch funkt, wenn der Fahrstuhl defekt ist.<br \/>\nDiese Daten stehen dann offen zur Verf\u00fcgung. Damit sollen kosteng\u00fcnstig \u00e4ltere Aufz\u00fcge nachger\u00fcstet werden \u2013 und zwar nicht nur an Bahnh\u00f6fen, sondern auch in Hotels, Einkaufszentren, Veranstaltungsorten, Bildungseinrichtungen uvm. Auch an diesen \u00f6ffentlich zug\u00e4nglichen Orten k\u00f6nnen alle davon profitieren, wenn bekannt ist, ob der Aufzug gerade f\u00e4hrt oder au\u00dfer Betrieb ist. Das Ziel dabei ist es dar\u00fcber hinaus, barrierefreie Routingdienste zu erm\u00f6glichen.<\/p>\n<p><strong>Auf <a href=\"http:\/\/www.projekt-elevate.de\" target=\"_blank\" rel=\"noopener noreferrer\"><u>www.projekt-elevate.de<\/u><\/a> k\u00f6nnen Interessierte ihre Unterst\u00fctzungsbereitschaft angeben.<\/strong><\/p>\n","protected":false},"excerpt":{"rendered":"<p>D\u00fcsseldorf 26.11.2019 \u2013 \u00a0Am Freitag wurde in D\u00fcsseldorf vor 1.200 G\u00e4sten der 12. Deutsche Nachhaltigkeitspreis verliehen. In Zusammenarbeit mit der Bundesregierung wurden Spitzenleistungen der Nachhaltigkeit in Wirtschaft, Kommunen und Forschung &hellip; <a href=\"https:\/\/www.schiebener.net\/wordpress\/sozialhelden-gewinnen-deutschen-nachhaltigkeitspreis-und-neuen-partner-fuer-aufzug-projekt\/\" class=\"more-link\"><span class=\"screen-reader-text\">\u201eSozialhelden gewinnen Deutschen Nachhaltigkeitspreis und neuen Partner f\u00fcr Aufzug-Projekt\u201c <\/span>weiterlesen<\/a><\/p>\n","protected":false},"author":17,"featured_media":0,"comment_status":"open","ping_status":"open","sticky":false,"template":"","format":"standard","meta":{"footnotes":""},"categories":[7088,303,1043,4761],"tags":[8436,8437,8439,8438,6030],"class_list":["post-45413","post","type-post","status-publish","format-standard","hentry","category-gesundheit","category-in-unserem-briefkasten","category-pressemitteilungen","category-soziales","tag-nachhaltigkeitspreis","tag-projekt-elevate","tag-raul-krauthausen","tag-rollstuhlfahrerinnen","tag-sozialhelden"],"_links":{"self":[{"href":"https:\/\/www.schiebener.net\/wordpress\/wp-json\/wp\/v2\/posts\/45413","targetHints":{"allow":["GET"]}}],"collection":[{"href":"https:\/\/www.schiebener.net\/wordpress\/wp-json\/wp\/v2\/posts"}],"about":[{"href":"https:\/\/www.schiebener.net\/wordpress\/wp-json\/wp\/v2\/types\/post"}],"author":[{"embeddable":true,"href":"https:\/\/www.schiebener.net\/wordpress\/wp-json\/wp\/v2\/users\/17"}],"replies":[{"embeddable":true,"href":"https:\/\/www.schiebener.net\/wordpress\/wp-json\/wp\/v2\/comments?post=45413"}],"version-history":[{"count":0,"href":"https:\/\/www.schiebener.net\/wordpress\/wp-json\/wp\/v2\/posts\/45413\/revisions"}],"wp:attachment":[{"href":"https:\/\/www.schiebener.net\/wordpress\/wp-json\/wp\/v2\/media?parent=45413"}],"wp:term":[{"taxonomy":"category","embeddable":true,"href":"https:\/\/www.schiebener.net\/wordpress\/wp-json\/wp\/v2\/categories?post=45413"},{"taxonomy":"post_tag","embeddable":true,"href":"https:\/\/www.schiebener.net\/wordpress\/wp-json\/wp\/v2\/tags?post=45413"}],"curies":[{"name":"wp","href":"https:\/\/api.w.org\/{rel}","templated":true}]}}