{"id":45299,"date":"2019-11-11T20:17:16","date_gmt":"2019-11-11T19:17:16","guid":{"rendered":"https:\/\/www.schiebener.net\/wordpress\/?p=45299"},"modified":"2019-11-11T20:17:16","modified_gmt":"2019-11-11T19:17:16","slug":"nostalgie-in-der-eifel-nikolausfahrten-und-winterfruehstuecksfahrt-auf-der-oleftalbahn","status":"publish","type":"post","link":"https:\/\/www.schiebener.net\/wordpress\/nostalgie-in-der-eifel-nikolausfahrten-und-winterfruehstuecksfahrt-auf-der-oleftalbahn\/","title":{"rendered":"Nostalgie in der Eifel: Nikolausfahrten und Winterfr\u00fchst\u00fccksfahrt auf der Oleftalbahn"},"content":{"rendered":"<figure id=\"attachment_45300\" aria-describedby=\"caption-attachment-45300\" style=\"width: 700px\" class=\"wp-caption aligncenter\"><img loading=\"lazy\" decoding=\"async\" class=\"wp-image-45300\" src=\"https:\/\/www.schiebener.net\/wordpress\/wp-content\/uploads\/2019\/11\/Gem\u00fcndWinterFotoMaritaRauchberger.jpg\" alt=\"\" width=\"700\" height=\"533\" srcset=\"https:\/\/www.schiebener.net\/wordpress\/wp-content\/uploads\/2019\/11\/Gem\u00fcndWinterFotoMaritaRauchberger.jpg 1024w, https:\/\/www.schiebener.net\/wordpress\/wp-content\/uploads\/2019\/11\/Gem\u00fcndWinterFotoMaritaRauchberger-300x229.jpg 300w, https:\/\/www.schiebener.net\/wordpress\/wp-content\/uploads\/2019\/11\/Gem\u00fcndWinterFotoMaritaRauchberger-768x585.jpg 768w\" sizes=\"auto, (max-width: 709px) 85vw, (max-width: 909px) 67vw, (max-width: 984px) 61vw, (max-width: 1362px) 45vw, 600px\" \/><figcaption id=\"caption-attachment-45300\" class=\"wp-caption-text\">Die Oleftalbahn im Winter (Foto: Marita Rauchberger)<\/figcaption><\/figure>\n<p><strong>Nostalgisch reist der Nikolaus in diesem Jahr auf der Oleftalbahn. Am 8. Dezember 2019 bietet die Bahn- und Businitiative Schleidener Tal (BuBI) e.V. zwei Nikolausfahrten auf der Strecke zwischen Kall und Schleiden an.<\/strong><\/p>\n<p><em>(Pressemitteilung der Bahn- und Businitiative Schleidener Tal e.V.)<\/em><\/p>\n<p>Start der Fahrten ist Kall und das Ziel ist Schleiden. Dort steht der Besuch des Nikolausmarktes auf dem Programm. Im Fahrpreis enthalten ist eine Eifeler Erbsensuppe oder eine Bratwurst sowie ein Gl\u00fchwein bzw. Kakao oder ein Softdrink auf dem Nikolausmarkt. Zu weihnachtlicher Musik beschert der Nikolaus im historischen Schienenbus die Kinder mit einer Nikolaust\u00fcte. Anmeldungen sind erforderlich.<\/p>\n<p><em>Erste Nikolausfahrt:<\/em><\/p>\n<p>Kall ab: 11:15 Uhr &#8211; Schleiden an: 12:00 Uhr<\/p>\n<p>Schleiden ab: 13:30 Uhr &#8211; Kall an: 14:00 Uhr<\/p>\n<p><em>Zweite Nikolausfahrt:<\/em><\/p>\n<p>Kall ab: 14:30 Uhr &#8211; Schleiden an: 15:15 Uhr<\/p>\n<p>Schleiden ab: 16:45 Uhr &#8211; Kall an: 17:15 Uhr<\/p>\n<p><em>Preise Nikolausfahrt:<\/em><\/p>\n<p>Erwachsene 20 \u20ac, Kinder 10 \u20ac (inkl. Fahrt, Nikolaust\u00fcte, Erbsensuppe oder Bratwurst und 1 Getr\u00e4nk)<\/p>\n<p><strong>Winterfr\u00fchst\u00fccksfahrt<\/strong><\/p>\n<p>Aufgrund der sehr gro\u00dfen Nachfrage f\u00fcr die beliebten Fr\u00fchst\u00fccksfahrten, an denen leider nicht alle Interessierten teilnehmen konnten, bietet die Bahn- und Businitiative am 8. Dezember 2019 auch noch eine Winterfr\u00fchst\u00fccksfahrt an.<\/p>\n<p>Um 9:45 Uhr startet der historische Triebwagen in Kall und erreicht Schleiden um 10:15 Uhr. Das Team der Oleftalbahn begr\u00fc\u00dft die Fahrg\u00e4ste mit einem Glas Sekt im Zug und bringt sie zum Fr\u00fchst\u00fcck nach Schleiden ins Caf\u00e9 Friederichs, wo die G\u00e4ste mit einem reichhaltigen Winterfr\u00fchst\u00fcck verw\u00f6hnt werden. Anschlie\u00dfend besteht die Gelegenheit, den Nikolausmarkt zu besuchen. Im Fahrpreis von 24 \u20ac pro Person ist neben Fahrt, Sekt und Winterfr\u00fchst\u00fcck auch ein Gl\u00fchwein bzw. Kakao oder ein Softdrink auf dem Nikolausmarkt enthalten. Die R\u00fcckfahrt erfolgt um 12:15 Uhr ab Schleiden. Um 12:45 Uhr erreichen die Fahrg\u00e4ste wieder den Bahnhof Kall.<\/p>\n<p><em>Anmeldungen sind f\u00fcr alle Angebote erforderlich: info@oleftalbahn.de oder 0151\/12335954<\/em><\/p>\n","protected":false},"excerpt":{"rendered":"<p>Nostalgisch reist der Nikolaus in diesem Jahr auf der Oleftalbahn. Am 8. Dezember 2019 bietet die Bahn- und Businitiative Schleidener Tal (BuBI) e.V. zwei Nikolausfahrten auf der Strecke zwischen Kall &hellip; <a href=\"https:\/\/www.schiebener.net\/wordpress\/nostalgie-in-der-eifel-nikolausfahrten-und-winterfruehstuecksfahrt-auf-der-oleftalbahn\/\" class=\"more-link\"><span class=\"screen-reader-text\">\u201eNostalgie in der Eifel: Nikolausfahrten und Winterfr\u00fchst\u00fccksfahrt auf der Oleftalbahn\u201c <\/span>weiterlesen<\/a><\/p>\n","protected":false},"author":17,"featured_media":0,"comment_status":"open","ping_status":"open","sticky":false,"template":"","format":"standard","meta":{"footnotes":""},"categories":[1732,303,1043,2729,618],"tags":[8186,8184,655,8408],"class_list":["post-45299","post","type-post","status-publish","format-standard","hentry","category-freizeit","category-in-unserem-briefkasten","category-pressemitteilungen","category-reisen","category-verkehr","tag-kall","tag-oleftalbahn","tag-pressemitteilung","tag-schleiden"],"_links":{"self":[{"href":"https:\/\/www.schiebener.net\/wordpress\/wp-json\/wp\/v2\/posts\/45299","targetHints":{"allow":["GET"]}}],"collection":[{"href":"https:\/\/www.schiebener.net\/wordpress\/wp-json\/wp\/v2\/posts"}],"about":[{"href":"https:\/\/www.schiebener.net\/wordpress\/wp-json\/wp\/v2\/types\/post"}],"author":[{"embeddable":true,"href":"https:\/\/www.schiebener.net\/wordpress\/wp-json\/wp\/v2\/users\/17"}],"replies":[{"embeddable":true,"href":"https:\/\/www.schiebener.net\/wordpress\/wp-json\/wp\/v2\/comments?post=45299"}],"version-history":[{"count":0,"href":"https:\/\/www.schiebener.net\/wordpress\/wp-json\/wp\/v2\/posts\/45299\/revisions"}],"wp:attachment":[{"href":"https:\/\/www.schiebener.net\/wordpress\/wp-json\/wp\/v2\/media?parent=45299"}],"wp:term":[{"taxonomy":"category","embeddable":true,"href":"https:\/\/www.schiebener.net\/wordpress\/wp-json\/wp\/v2\/categories?post=45299"},{"taxonomy":"post_tag","embeddable":true,"href":"https:\/\/www.schiebener.net\/wordpress\/wp-json\/wp\/v2\/tags?post=45299"}],"curies":[{"name":"wp","href":"https:\/\/api.w.org\/{rel}","templated":true}]}}