{"id":45284,"date":"2019-11-08T20:46:32","date_gmt":"2019-11-08T19:46:32","guid":{"rendered":"https:\/\/www.schiebener.net\/wordpress\/?p=45284"},"modified":"2019-11-08T20:50:45","modified_gmt":"2019-11-08T19:50:45","slug":"georg-elser-ich-habe-den-krieg-verhindern-wollen","status":"publish","type":"post","link":"https:\/\/www.schiebener.net\/wordpress\/georg-elser-ich-habe-den-krieg-verhindern-wollen\/","title":{"rendered":"Georg Elser: &#8222;Ich habe den Krieg verhindern wollen&#8220;"},"content":{"rendered":"<figure id=\"attachment_45285\" aria-describedby=\"caption-attachment-45285\" style=\"width: 456px\" class=\"wp-caption aligncenter\"><a href=\"https:\/\/www.schiebener.net\/wordpress\/wp-content\/uploads\/2019\/11\/Georg_Elser-Briefmarke.jpg\"><img loading=\"lazy\" decoding=\"async\" class=\"size-full wp-image-45285\" src=\"https:\/\/www.schiebener.net\/wordpress\/wp-content\/uploads\/2019\/11\/Georg_Elser-Briefmarke.jpg\" alt=\"\" width=\"456\" height=\"448\" srcset=\"https:\/\/www.schiebener.net\/wordpress\/wp-content\/uploads\/2019\/11\/Georg_Elser-Briefmarke.jpg 456w, https:\/\/www.schiebener.net\/wordpress\/wp-content\/uploads\/2019\/11\/Georg_Elser-Briefmarke-300x295.jpg 300w\" sizes=\"auto, (max-width: 456px) 85vw, 456px\" \/><\/a><figcaption id=\"caption-attachment-45285\" class=\"wp-caption-text\">Von Briefmarkengestaltung: Prof. Ernst und Lorli J\u00fcnger, M\u00fcnchen &#8211; Heiligenlexikon.de (first upload at de.wikipedia.org), Gemeinfrei, https:\/\/commons.wikimedia.org\/w\/index.php?curid=2028525<\/figcaption><\/figure>\n<p><strong>Am 8. November 1939 ver\u00fcbte Georg Elser im M\u00fcnchner B\u00fcrgerbr\u00e4ukeller einen Bomben-Anschlag auf Adolf Hitler und nahezu die gesamte NS-F\u00fchrungsspitze.<\/strong><\/p>\n<p>Das Attentat scheiterte nur knapp. Der gelernte Schreiner und \u00fcberzeugte Widerstandsk\u00e4mpfer aus Baden-W\u00fcrttemberg wurde bei seiner Flucht in die Schweiz festgenommen. Die Deutschen glaubten dem Ger\u00fccht der NS-Propaganda, dass der britische Geheimdienst verantwortlich f\u00fcr den Anschlag sei. Nach f\u00fcnf Jahren Haft in den Konzentrationslagern Sachsenhausen und Dachau wurde Elser am 1945 im KZ Dachau ermordet, seine Leiche danach verbrannt.<\/p>\n<p>Heute hat der Einzelt\u00e4ter seinen Platz in der Geschichte des deutschen Widerstands gegen die NS-Diktatur gefunden.<\/p>\n<p>Quelle: <a href=\"https:\/\/www.lpb-bw.de\/georg_elser_dossier.html\" target=\"_blank\" rel=\"noopener noreferrer\">https:\/\/www.lpb-bw.de\/georg_elser_dossier.html<\/a><\/p>\n<p>In meiner eigenen Schulzeit habe ich nichts von Georg Elser\u00a0 erfahren, unser Lehrer kannte nur Stauffenberg.<\/p>\n<p>Mir hat der Tweet von Jan B\u00f6hmermann gefallen:<\/p>\n<p><span class=\"css-901oao css-16my406 r-1qd0xha r-ad9z0x r-bcqeeo r-qvutc0\">&#8222;Georg Elser wollte Hitler umbringen, damit er keinen Erfolg hat. Stauffenberg wollte Hitler umbringen, weil er keinen Erfolg hatte.&#8220;<\/span><\/p>\n<p><a href=\"https:\/\/twitter.com\/janboehm\/status\/1191608751628914689\" target=\"_blank\" rel=\"noopener noreferrer\">https:\/\/twitter.com\/janboehm\/status\/1191608751628914689<\/a><\/p>\n<p><strong>Bei Wikipedia lese ich:<\/strong><\/p>\n<p>Johann Georg Elser (* 4. Januar 1903 in Hermaringen, W\u00fcrttemberg; \u2020 9. April 1945 im KZ Dachau, Bayern) war ein deutscher Kunstschreiner und Widerstandsk\u00e4mpfer gegen den Nationalsozialismus. Am 8. November 1939 f\u00fchrte er im M\u00fcnchner B\u00fcrgerbr\u00e4ukeller ein Bomben-Attentat auf Adolf Hitler und nahezu die gesamte nationalsozialistische F\u00fchrungsspitze aus, das nur knapp scheiterte. Er wird bis heute verk\u00fcrzt als \u201eHitler-Attent\u00e4ter\u201c bezeichnet.<\/p>\n<p>Quelle: <a href=\"https:\/\/de.wikipedia.org\/wiki\/Georg_Elser\" target=\"_blank\" rel=\"noopener noreferrer\">https:\/\/de.wikipedia.org\/wiki\/Georg_Elser<\/a><\/p>\n","protected":false},"excerpt":{"rendered":"<p>Am 8. November 1939 ver\u00fcbte Georg Elser im M\u00fcnchner B\u00fcrgerbr\u00e4ukeller einen Bomben-Anschlag auf Adolf Hitler und nahezu die gesamte NS-F\u00fchrungsspitze. Das Attentat scheiterte nur knapp. Der gelernte Schreiner und \u00fcberzeugte &hellip; <a href=\"https:\/\/www.schiebener.net\/wordpress\/georg-elser-ich-habe-den-krieg-verhindern-wollen\/\" class=\"more-link\"><span class=\"screen-reader-text\">\u201eGeorg Elser: &#8222;Ich habe den Krieg verhindern wollen&#8220;\u201c <\/span>weiterlesen<\/a><\/p>\n","protected":false},"author":3,"featured_media":0,"comment_status":"open","ping_status":"open","sticky":false,"template":"","format":"standard","meta":{"footnotes":""},"categories":[319,6,7507],"tags":[990],"class_list":["post-45284","post","type-post","status-publish","format-standard","hentry","category-geschichte","category-kalenderblatt","category-nationalsozialismus","tag-georg-elser"],"_links":{"self":[{"href":"https:\/\/www.schiebener.net\/wordpress\/wp-json\/wp\/v2\/posts\/45284","targetHints":{"allow":["GET"]}}],"collection":[{"href":"https:\/\/www.schiebener.net\/wordpress\/wp-json\/wp\/v2\/posts"}],"about":[{"href":"https:\/\/www.schiebener.net\/wordpress\/wp-json\/wp\/v2\/types\/post"}],"author":[{"embeddable":true,"href":"https:\/\/www.schiebener.net\/wordpress\/wp-json\/wp\/v2\/users\/3"}],"replies":[{"embeddable":true,"href":"https:\/\/www.schiebener.net\/wordpress\/wp-json\/wp\/v2\/comments?post=45284"}],"version-history":[{"count":0,"href":"https:\/\/www.schiebener.net\/wordpress\/wp-json\/wp\/v2\/posts\/45284\/revisions"}],"wp:attachment":[{"href":"https:\/\/www.schiebener.net\/wordpress\/wp-json\/wp\/v2\/media?parent=45284"}],"wp:term":[{"taxonomy":"category","embeddable":true,"href":"https:\/\/www.schiebener.net\/wordpress\/wp-json\/wp\/v2\/categories?post=45284"},{"taxonomy":"post_tag","embeddable":true,"href":"https:\/\/www.schiebener.net\/wordpress\/wp-json\/wp\/v2\/tags?post=45284"}],"curies":[{"name":"wp","href":"https:\/\/api.w.org\/{rel}","templated":true}]}}