{"id":45136,"date":"2019-10-19T19:37:48","date_gmt":"2019-10-19T18:37:48","guid":{"rendered":"https:\/\/www.schiebener.net\/wordpress\/?p=45136"},"modified":"2019-10-19T19:44:19","modified_gmt":"2019-10-19T18:44:19","slug":"titel-der-woche-konkret-in-travemuende","status":"publish","type":"post","link":"https:\/\/www.schiebener.net\/wordpress\/titel-der-woche-konkret-in-travemuende\/","title":{"rendered":"Titel der Woche: konkret in Travem\u00fcnde"},"content":{"rendered":"<p><figure id=\"attachment_45137\" aria-describedby=\"caption-attachment-45137\" style=\"width: 2048px\" class=\"wp-caption aligncenter\"><a href=\"https:\/\/www.schiebener.net\/wordpress\/wp-content\/uploads\/2019\/10\/TravemuendeEdekaKonkret20191019.jpg\"><img loading=\"lazy\" decoding=\"async\" class=\"size-full wp-image-45137\" src=\"https:\/\/www.schiebener.net\/wordpress\/wp-content\/uploads\/2019\/10\/TravemuendeEdekaKonkret20191019.jpg\" alt=\"\" width=\"2048\" height=\"1365\" srcset=\"https:\/\/www.schiebener.net\/wordpress\/wp-content\/uploads\/2019\/10\/TravemuendeEdekaKonkret20191019.jpg 2048w, https:\/\/www.schiebener.net\/wordpress\/wp-content\/uploads\/2019\/10\/TravemuendeEdekaKonkret20191019-300x200.jpg 300w, https:\/\/www.schiebener.net\/wordpress\/wp-content\/uploads\/2019\/10\/TravemuendeEdekaKonkret20191019-768x512.jpg 768w, https:\/\/www.schiebener.net\/wordpress\/wp-content\/uploads\/2019\/10\/TravemuendeEdekaKonkret20191019-1024x683.jpg 1024w\" sizes=\"auto, (max-width: 709px) 85vw, (max-width: 909px) 67vw, (max-width: 1362px) 62vw, 840px\" \/><\/a><figcaption id=\"caption-attachment-45137\" class=\"wp-caption-text\">Die Oktober-konkret als Titel der Woche bei Edeka (foto: zoom)<\/figcaption><\/figure><strong>Als ich heute beim <a href=\"https:\/\/www.ln-online.de\/Lokales\/Luebeck\/Edeka-an-der-Vorderreihe-in-Travemuende-eroeffnet\" rel=\"noopener noreferrer\" target=\"_blank\">neuen Edeka<\/a> in der Travem\u00fcnder Steppjacken-Flaniermeile &#8222;Vorderreihe&#8220; meinen Vorrat an Brot und K\u00e4se aufstockte, traute ich meinen Augen nicht.<\/strong> <\/p>\n<p>Die Oktober-Ausgabe der Monatszeitschrift &#8222;konkret&#8220; starrte mich als &#8222;Titel der Woche&#8220; aus dem Illustrierten-Regal an.<\/p>\n<p>Ein ganzer Stapel &#8222;Antideutscher Propaganda&#8220; nur wenige hundert Meter entfernt vom Priwall und dem eisernen Vorhang. Auf dem Titel der braune West-Import in den nahen Osten. Alter kalter Kaffee.<\/p>\n<p>Kaffee und Schokolade hatten meine Eltern stets zu Weihnachten in die Ostzone geschickt. Ich konnte verstehen, dass dies der Ost-Verwandtschaft schmeckte, besser als mir sp\u00e4ter die Karo-Zigaretten. Ich bin bei den <a href=\"https:\/\/fr.wikipedia.org\/wiki\/Gauloises\" rel=\"noopener noreferrer\" target=\"_blank\">Gauloises Caporal<\/a> geblieben.<\/p>\n<p>Als die Mauer fiel, haben viele Ostdeutsche Verwandte gemerkt, dass die Wessis ihren Kaffee auch nur mit Wasser kochten. Vielleicht nicht sofort, aber irgendwann sickerte es ein, dass der reiche Onkel aus der BRD h\u00e4ufig auch nur ein armes lohnabh\u00e4ngiges Schwein war und nicht die Macht besa\u00df, die er oft &#8222;nach dr\u00fcben&#8220; vorspiegelte.<\/p>\n<p>Hoffentlich geht es dem braunen Wessi-Onkel H\u00f6cke \u00e4hnlich; hoffentlich recht bald, bevor er in den Ost- und Westzonengehirnen weiteres Unheil anrichten kann.<\/p>\n<p>Allzu viele historische Irrt\u00fcmer k\u00f6nnen wir Deutschen uns nicht mehr leisten.<\/p>\n<p>Merksatz: Selbst Zichorien-Kaffee ist ehrlicher als der Faschist H\u00f6cke!<\/p>\n","protected":false},"excerpt":{"rendered":"<p>Als ich heute beim neuen Edeka in der Travem\u00fcnder Steppjacken-Flaniermeile &#8222;Vorderreihe&#8220; meinen Vorrat an Brot und K\u00e4se aufstockte, traute ich meinen Augen nicht. Die Oktober-Ausgabe der Monatszeitschrift &#8222;konkret&#8220; starrte mich &hellip; <a href=\"https:\/\/www.schiebener.net\/wordpress\/titel-der-woche-konkret-in-travemuende\/\" class=\"more-link\"><span class=\"screen-reader-text\">\u201eTitel der Woche: konkret in Travem\u00fcnde\u201c <\/span>weiterlesen<\/a><\/p>\n","protected":false},"author":3,"featured_media":0,"comment_status":"open","ping_status":"open","sticky":false,"template":"","format":"standard","meta":{"footnotes":""},"categories":[174,319,32,7507,6314,2729],"tags":[566,538,4161,8379],"class_list":["post-45136","post","type-post","status-publish","format-standard","hentry","category-dit-und-dat","category-geschichte","category-medien","category-nationalsozialismus","category-rechtsextremismus","category-reisen","tag-edeka","tag-konkret","tag-travemunde","tag-vorderreihe"],"_links":{"self":[{"href":"https:\/\/www.schiebener.net\/wordpress\/wp-json\/wp\/v2\/posts\/45136","targetHints":{"allow":["GET"]}}],"collection":[{"href":"https:\/\/www.schiebener.net\/wordpress\/wp-json\/wp\/v2\/posts"}],"about":[{"href":"https:\/\/www.schiebener.net\/wordpress\/wp-json\/wp\/v2\/types\/post"}],"author":[{"embeddable":true,"href":"https:\/\/www.schiebener.net\/wordpress\/wp-json\/wp\/v2\/users\/3"}],"replies":[{"embeddable":true,"href":"https:\/\/www.schiebener.net\/wordpress\/wp-json\/wp\/v2\/comments?post=45136"}],"version-history":[{"count":0,"href":"https:\/\/www.schiebener.net\/wordpress\/wp-json\/wp\/v2\/posts\/45136\/revisions"}],"wp:attachment":[{"href":"https:\/\/www.schiebener.net\/wordpress\/wp-json\/wp\/v2\/media?parent=45136"}],"wp:term":[{"taxonomy":"category","embeddable":true,"href":"https:\/\/www.schiebener.net\/wordpress\/wp-json\/wp\/v2\/categories?post=45136"},{"taxonomy":"post_tag","embeddable":true,"href":"https:\/\/www.schiebener.net\/wordpress\/wp-json\/wp\/v2\/tags?post=45136"}],"curies":[{"name":"wp","href":"https:\/\/api.w.org\/{rel}","templated":true}]}}