{"id":45118,"date":"2019-10-18T19:34:49","date_gmt":"2019-10-18T18:34:49","guid":{"rendered":"https:\/\/www.schiebener.net\/wordpress\/?p=45118"},"modified":"2019-10-18T19:59:33","modified_gmt":"2019-10-18T18:59:33","slug":"ausstellungseroeffnung-der-wittgensteiner-kunstgesellschaft-im-hallenberger-kump-28-kuenstlerinnen-63-werke","status":"publish","type":"post","link":"https:\/\/www.schiebener.net\/wordpress\/ausstellungseroeffnung-der-wittgensteiner-kunstgesellschaft-im-hallenberger-kump-28-kuenstlerinnen-63-werke\/","title":{"rendered":"Ausstellungser\u00f6ffnung der Wittgensteiner Kunstgesellschaft im Hallenberger Kump: <\/br>28 K\u00fcnstler*innen &#8211; 63 Werke."},"content":{"rendered":"<figure id=\"attachment_45119\" aria-describedby=\"caption-attachment-45119\" style=\"width: 700px\" class=\"wp-caption aligncenter\"><a href=\"https:\/\/www.schiebener.net\/wordpress\/wp-content\/uploads\/2019\/10\/HallenbergKumpWKG2019101701.jpg\" target=\"_blank\" rel=\"noopener noreferrer\"><img loading=\"lazy\" decoding=\"async\" class=\"wp-image-45119\" src=\"https:\/\/www.schiebener.net\/wordpress\/wp-content\/uploads\/2019\/10\/HallenbergKumpWKG2019101701.jpg\" alt=\"\" width=\"700\" height=\"874\" srcset=\"https:\/\/www.schiebener.net\/wordpress\/wp-content\/uploads\/2019\/10\/HallenbergKumpWKG2019101701.jpg 1640w, https:\/\/www.schiebener.net\/wordpress\/wp-content\/uploads\/2019\/10\/HallenbergKumpWKG2019101701-240x300.jpg 240w, https:\/\/www.schiebener.net\/wordpress\/wp-content\/uploads\/2019\/10\/HallenbergKumpWKG2019101701-768x959.jpg 768w, https:\/\/www.schiebener.net\/wordpress\/wp-content\/uploads\/2019\/10\/HallenbergKumpWKG2019101701-820x1024.jpg 820w\" sizes=\"auto, (max-width: 709px) 85vw, (max-width: 909px) 67vw, (max-width: 984px) 61vw, (max-width: 1362px) 45vw, 600px\" \/><\/a><figcaption id=\"caption-attachment-45119\" class=\"wp-caption-text\">Stefanie L\u00fcckel: It&#8217;s evil (foto: zoom)<\/figcaption><\/figure>\n<p><strong>Es war nicht alles &#8222;evil&#8220; als B\u00fcrgermeister Michael Kronauge die Ausstellung der Wittgensteiner Kunstgesellschaft (WKG) im Hallenberger Kump er\u00f6ffnete.<\/strong><\/p>\n<p>Vielleicht war es das d\u00fcstere verregnete Herbstwetter. Vielleicht war es die Vergangenheit, denn die Beziehungen zwischen Hallenberg und Wittgenstein waren nicht immer so harmonisch wie gestern Abend, galt das katholische Hallenberg doch lange als kurk\u00f6lnischer Grenzposten gegen das reformierte Wittgenstein. Grenzstreitigkeiten zogen sich \u00fcber die Jahrhunderte hin.<\/p>\n<figure id=\"attachment_45121\" aria-describedby=\"caption-attachment-45121\" style=\"width: 701px\" class=\"wp-caption aligncenter\"><a href=\"https:\/\/www.schiebener.net\/wordpress\/wp-content\/uploads\/2019\/10\/HallenbergKumpWKG2019101703.jpg\" target=\"_blank\" rel=\"noopener noreferrer\"><img loading=\"lazy\" decoding=\"async\" class=\"wp-image-45121\" src=\"https:\/\/www.schiebener.net\/wordpress\/wp-content\/uploads\/2019\/10\/HallenbergKumpWKG2019101703.jpg\" alt=\"\" width=\"701\" height=\"467\" srcset=\"https:\/\/www.schiebener.net\/wordpress\/wp-content\/uploads\/2019\/10\/HallenbergKumpWKG2019101703.jpg 2048w, https:\/\/www.schiebener.net\/wordpress\/wp-content\/uploads\/2019\/10\/HallenbergKumpWKG2019101703-300x200.jpg 300w, https:\/\/www.schiebener.net\/wordpress\/wp-content\/uploads\/2019\/10\/HallenbergKumpWKG2019101703-768x512.jpg 768w, https:\/\/www.schiebener.net\/wordpress\/wp-content\/uploads\/2019\/10\/HallenbergKumpWKG2019101703-1024x683.jpg 1024w\" sizes=\"auto, (max-width: 709px) 85vw, (max-width: 909px) 67vw, (max-width: 984px) 61vw, (max-width: 1362px) 45vw, 600px\" \/><\/a><figcaption id=\"caption-attachment-45121\" class=\"wp-caption-text\">\u00dcberhaupt nicht &#8222;evil&#8220;, die Waldlichtung von Marion Strietzel. (foto: zoom)<\/figcaption><\/figure>\n<p>&#8222;Wir Wittgensteiner wollen mit unserer Kunst eine Br\u00fccke zu euch in Hallenberg schlagen&#8220;, meinte Jutta Dornh\u00f6fer, zweite Vorsitzende der WKG, in ihrer Begr\u00fc\u00dfungsansprache. Kunst sei Kommunikation und mache Begegnung m\u00f6glich.<\/p>\n<figure id=\"attachment_45122\" aria-describedby=\"caption-attachment-45122\" style=\"width: 700px\" class=\"wp-caption aligncenter\"><a href=\"https:\/\/www.schiebener.net\/wordpress\/wp-content\/uploads\/2019\/10\/HallenbergKumpWKG2019101704.jpg\" target=\"_blank\" rel=\"noopener noreferrer\"><img loading=\"lazy\" decoding=\"async\" class=\"wp-image-45122\" src=\"https:\/\/www.schiebener.net\/wordpress\/wp-content\/uploads\/2019\/10\/HallenbergKumpWKG2019101704.jpg\" alt=\"\" width=\"700\" height=\"331\" srcset=\"https:\/\/www.schiebener.net\/wordpress\/wp-content\/uploads\/2019\/10\/HallenbergKumpWKG2019101704.jpg 2048w, https:\/\/www.schiebener.net\/wordpress\/wp-content\/uploads\/2019\/10\/HallenbergKumpWKG2019101704-300x142.jpg 300w, https:\/\/www.schiebener.net\/wordpress\/wp-content\/uploads\/2019\/10\/HallenbergKumpWKG2019101704-768x363.jpg 768w, https:\/\/www.schiebener.net\/wordpress\/wp-content\/uploads\/2019\/10\/HallenbergKumpWKG2019101704-1024x484.jpg 1024w\" sizes=\"auto, (max-width: 709px) 85vw, (max-width: 909px) 67vw, (max-width: 984px) 61vw, (max-width: 1362px) 45vw, 600px\" \/><\/a><figcaption id=\"caption-attachment-45122\" class=\"wp-caption-text\">Durchblick, Keep cool, Lollipop von Peggy Harbiger. (foto: zoom)<\/figcaption><\/figure>\n<p>In Wittgenstein habe man schon lange Grenzen \u00fcberschritten. Die Urspr\u00fcnge der Kunstgesellschaft gingen auf einen multikulturellen Gr\u00fcndungsakt dreier Nicht-Wittgensteiner im Jahr 1980 zur\u00fcck.<\/p>\n<p>Heute z\u00e4hlt die Wittgensteiner Kunstgesellschaft 56 Mitglieder, von denen 28 ihre Werke im Hallenberger Kump ausstellen.<\/p>\n<figure id=\"attachment_45120\" aria-describedby=\"caption-attachment-45120\" style=\"width: 700px\" class=\"wp-caption aligncenter\"><a href=\"https:\/\/www.schiebener.net\/wordpress\/wp-content\/uploads\/2019\/10\/HallenbergKump2019101702.jpg\" target=\"_blank\" rel=\"noopener noreferrer\"><img loading=\"lazy\" decoding=\"async\" class=\"wp-image-45120\" src=\"https:\/\/www.schiebener.net\/wordpress\/wp-content\/uploads\/2019\/10\/HallenbergKump2019101702.jpg\" alt=\"\" width=\"700\" height=\"278\" srcset=\"https:\/\/www.schiebener.net\/wordpress\/wp-content\/uploads\/2019\/10\/HallenbergKump2019101702.jpg 2048w, https:\/\/www.schiebener.net\/wordpress\/wp-content\/uploads\/2019\/10\/HallenbergKump2019101702-300x119.jpg 300w, https:\/\/www.schiebener.net\/wordpress\/wp-content\/uploads\/2019\/10\/HallenbergKump2019101702-768x305.jpg 768w, https:\/\/www.schiebener.net\/wordpress\/wp-content\/uploads\/2019\/10\/HallenbergKump2019101702-1024x406.jpg 1024w\" sizes=\"auto, (max-width: 709px) 85vw, (max-width: 909px) 67vw, (max-width: 984px) 61vw, (max-width: 1362px) 45vw, 600px\" \/><\/a><figcaption id=\"caption-attachment-45120\" class=\"wp-caption-text\">Fast alle ausstellenden K\u00fcnstler*innen und B\u00fcrgermeister auf einem Fleck (foto: zoom)<\/figcaption><\/figure>\n<p>Ich selbst war eine halbe Stunde vor der Zeit im Kump und habe mir in Ruhe die (meist) Bilder angeschaut, bevor das Er\u00f6ffnungsspektakel anfing. 28 K\u00fcnstler*innen plus Anhang, plus Besucher*innen, plus Presse, plus Rathausmitarbeiter*innen &#8211; da wird der Kump zum Bienenstock.<\/p>\n<p>Ein paar Gedanken habe ich mir in den 30 Minuten schon gemacht, aber ich brauche mehr Ruhe, um mir die einzelnen Werke anzuschauen.<\/p>\n<p>Festhalten kann ich: die Ausstellung ist vielf\u00e4ltig und dadurch per se interessant. Ein paar Bilder haben mich provoziert.<\/p>\n<figure id=\"attachment_45123\" aria-describedby=\"caption-attachment-45123\" style=\"width: 700px\" class=\"wp-caption aligncenter\"><a href=\"https:\/\/www.schiebener.net\/wordpress\/wp-content\/uploads\/2019\/10\/HallenbergKumpWKG22019101705.jpg\" target=\"_blank\" rel=\"noopener noreferrer\"><img loading=\"lazy\" decoding=\"async\" class=\"wp-image-45123\" src=\"https:\/\/www.schiebener.net\/wordpress\/wp-content\/uploads\/2019\/10\/HallenbergKumpWKG22019101705.jpg\" alt=\"\" width=\"700\" height=\"467\" srcset=\"https:\/\/www.schiebener.net\/wordpress\/wp-content\/uploads\/2019\/10\/HallenbergKumpWKG22019101705.jpg 2048w, https:\/\/www.schiebener.net\/wordpress\/wp-content\/uploads\/2019\/10\/HallenbergKumpWKG22019101705-300x200.jpg 300w, https:\/\/www.schiebener.net\/wordpress\/wp-content\/uploads\/2019\/10\/HallenbergKumpWKG22019101705-768x512.jpg 768w, https:\/\/www.schiebener.net\/wordpress\/wp-content\/uploads\/2019\/10\/HallenbergKumpWKG22019101705-1024x683.jpg 1024w\" sizes=\"auto, (max-width: 709px) 85vw, (max-width: 909px) 67vw, (max-width: 984px) 61vw, (max-width: 1362px) 45vw, 600px\" \/><\/a><figcaption id=\"caption-attachment-45123\" class=\"wp-caption-text\">\u00dcber dieses Bild muss ich nachdenken. Titel: Ich bin das Licht der Welt (Joh. 8,12) (foto: zoom)<\/figcaption><\/figure>\n<p><strong>Fazit:<\/strong> ich muss noch einmal hin, und wenn nicht alles ausverkauft sein sollte, werde ich mir \u00fcberlegen, ein oder zwei Bilder zu erwerben. Preisspanne: 60 &#8211; 2000 Euro. Liste liegt aus.<\/p>\n<p><strong>Die \u00d6ffnungszeiten:<\/strong><\/p>\n<figure id=\"attachment_45128\" aria-describedby=\"caption-attachment-45128\" style=\"width: 700px\" class=\"wp-caption aligncenter\"><a href=\"https:\/\/www.schiebener.net\/wordpress\/wp-content\/uploads\/2019\/10\/HallenbergKumpWKG2019101706.jpg\" target=\"_blank\" rel=\"noopener noreferrer\"><img loading=\"lazy\" decoding=\"async\" class=\"wp-image-45128\" src=\"https:\/\/www.schiebener.net\/wordpress\/wp-content\/uploads\/2019\/10\/HallenbergKumpWKG2019101706.jpg\" alt=\"\" width=\"700\" height=\"476\" srcset=\"https:\/\/www.schiebener.net\/wordpress\/wp-content\/uploads\/2019\/10\/HallenbergKumpWKG2019101706.jpg 2048w, https:\/\/www.schiebener.net\/wordpress\/wp-content\/uploads\/2019\/10\/HallenbergKumpWKG2019101706-300x204.jpg 300w, https:\/\/www.schiebener.net\/wordpress\/wp-content\/uploads\/2019\/10\/HallenbergKumpWKG2019101706-768x522.jpg 768w, https:\/\/www.schiebener.net\/wordpress\/wp-content\/uploads\/2019\/10\/HallenbergKumpWKG2019101706-1024x697.jpg 1024w\" sizes=\"auto, (max-width: 709px) 85vw, (max-width: 909px) 67vw, (max-width: 984px) 61vw, (max-width: 1362px) 45vw, 600px\" \/><\/a><figcaption id=\"caption-attachment-45128\" class=\"wp-caption-text\">Am Eingang neben der Spendendose: B\u00e4riger Kunst-Asteroid, von Monika Koslowski<\/figcaption><\/figure>\n<p>Die Ausstellung ist bis zum 03.11.2019 t\u00e4glich Mo., Di., Mi. und Sa. von 10.00 bis 13.00 Uhr, Do. und Fr. von 10.00 bis 16.00 Uhr und So. von 14.00 bis 16.00 Uhr ge\u00f6ffnet. Ab dem 04.11.2019 gelten folgende ge\u00e4nderte \u00d6ffnungszeiten: Mo. bis Fr. von 10.00 bis 13.00 Uhr und So. von 14.00 bis 16.00 Uhr.<\/p>\n","protected":false},"excerpt":{"rendered":"<p>Es war nicht alles &#8222;evil&#8220; als B\u00fcrgermeister Michael Kronauge die Ausstellung der Wittgensteiner Kunstgesellschaft (WKG) im Hallenberger Kump er\u00f6ffnete. Vielleicht war es das d\u00fcstere verregnete Herbstwetter. Vielleicht war es die &hellip; <a href=\"https:\/\/www.schiebener.net\/wordpress\/ausstellungseroeffnung-der-wittgensteiner-kunstgesellschaft-im-hallenberger-kump-28-kuenstlerinnen-63-werke\/\" class=\"more-link\"><span class=\"screen-reader-text\">\u201eAusstellungser\u00f6ffnung der Wittgensteiner Kunstgesellschaft im Hallenberger Kump: <\/br>28 K\u00fcnstler*innen &#8211; 63 Werke.\u201c <\/span>weiterlesen<\/a><\/p>\n","protected":false},"author":3,"featured_media":0,"comment_status":"open","ping_status":"open","sticky":false,"template":"","format":"standard","meta":{"footnotes":""},"categories":[2489,674,854,80,49],"tags":[5751,7985],"class_list":["post-45118","post","type-post","status-publish","format-standard","hentry","category-in-eigener-sache","category-kultur","category-kunst","category-lokales","category-religion","tag-kump-hallenberg","tag-wittgensteiner-kunstgesellschaft"],"_links":{"self":[{"href":"https:\/\/www.schiebener.net\/wordpress\/wp-json\/wp\/v2\/posts\/45118","targetHints":{"allow":["GET"]}}],"collection":[{"href":"https:\/\/www.schiebener.net\/wordpress\/wp-json\/wp\/v2\/posts"}],"about":[{"href":"https:\/\/www.schiebener.net\/wordpress\/wp-json\/wp\/v2\/types\/post"}],"author":[{"embeddable":true,"href":"https:\/\/www.schiebener.net\/wordpress\/wp-json\/wp\/v2\/users\/3"}],"replies":[{"embeddable":true,"href":"https:\/\/www.schiebener.net\/wordpress\/wp-json\/wp\/v2\/comments?post=45118"}],"version-history":[{"count":0,"href":"https:\/\/www.schiebener.net\/wordpress\/wp-json\/wp\/v2\/posts\/45118\/revisions"}],"wp:attachment":[{"href":"https:\/\/www.schiebener.net\/wordpress\/wp-json\/wp\/v2\/media?parent=45118"}],"wp:term":[{"taxonomy":"category","embeddable":true,"href":"https:\/\/www.schiebener.net\/wordpress\/wp-json\/wp\/v2\/categories?post=45118"},{"taxonomy":"post_tag","embeddable":true,"href":"https:\/\/www.schiebener.net\/wordpress\/wp-json\/wp\/v2\/tags?post=45118"}],"curies":[{"name":"wp","href":"https:\/\/api.w.org\/{rel}","templated":true}]}}