{"id":44957,"date":"2019-09-25T19:45:43","date_gmt":"2019-09-25T18:45:43","guid":{"rendered":"https:\/\/www.schiebener.net\/wordpress\/?p=44957"},"modified":"2019-09-26T18:17:00","modified_gmt":"2019-09-26T17:17:00","slug":"sehet-ein-mensch-greta-thunbergs-rede-beim-un-klimagipfel","status":"publish","type":"post","link":"https:\/\/www.schiebener.net\/wordpress\/sehet-ein-mensch-greta-thunbergs-rede-beim-un-klimagipfel\/","title":{"rendered":"Sehet: Ein Mensch!  Greta Thunbergs Rede beim UN-Klimagipfel"},"content":{"rendered":"<p><figure id=\"attachment_44958\" aria-describedby=\"caption-attachment-44958\" style=\"width: 700px\" class=\"wp-caption aligncenter\"><a href=\"https:\/\/www.youtube.com\/watch?v=SfCUcDAlSKk\" target=\"_blank\" rel=\"noopener noreferrer\"><img loading=\"lazy\" decoding=\"async\" class=\"wp-image-44958\" src=\"https:\/\/www.schiebener.net\/wordpress\/wp-content\/uploads\/2019\/09\/Greta-Thunberg..jpg\" alt=\"\" width=\"700\" height=\"624\" srcset=\"https:\/\/www.schiebener.net\/wordpress\/wp-content\/uploads\/2019\/09\/Greta-Thunberg..jpg 1029w, https:\/\/www.schiebener.net\/wordpress\/wp-content\/uploads\/2019\/09\/Greta-Thunberg.-300x267.jpg 300w, https:\/\/www.schiebener.net\/wordpress\/wp-content\/uploads\/2019\/09\/Greta-Thunberg.-768x684.jpg 768w, https:\/\/www.schiebener.net\/wordpress\/wp-content\/uploads\/2019\/09\/Greta-Thunberg.-1024x913.jpg 1024w\" sizes=\"auto, (max-width: 709px) 85vw, (max-width: 909px) 67vw, (max-width: 984px) 61vw, (max-width: 1362px) 45vw, 600px\" \/><\/a><figcaption id=\"caption-attachment-44958\" class=\"wp-caption-text\">Sehet: Ein Mensch! Klick f\u00fchrt zur Rede auf Youtube. (screenshot: Nadja Thelen-Khoder)<\/figcaption><\/figure><strong>(Abschrift der \u00dcbersetzung des Videos auf You Tube mit kleinsten Ver\u00e4nderungen<br \/>\nvon Nadja Thelen-Khoder)<\/strong><\/p>\n<p>\u201eDas ist alles falsch. Ich sollte nicht hier sein. Ich sollte auf der anderen Seite des Ozeans wieder in der Schule sein. Doch Ihr sucht Hoffnung bei uns Jugendlichen. Wie k\u00f6nnt Ihr es wagen? Ihr habt meine Tr\u00e4ume gestohlen und meine Kindheit mit Euren leeren Worten. Und dabei bin ich noch eine der Gl\u00fccklichen.<\/p>\n<p>Die Menschen leiden, sie sterben, ganze \u00d6kosysteme brechen zusammen. Wir stehen am Beginn eines Massensterbens &#8211; und alles, wor\u00fcber Ihr sprechen k\u00f6nnt, sind Geld und M\u00e4rchen von ewigem Wirtschaftswachstum. Wie k\u00f6nnt Ihr es wagen?<\/p>\n<p>Die Wissenschaft ist seit mehr als 30 Jahren glasklar. Wie k\u00f6nnt Ihr es wagen wegzuschauen und jetzt hier zu sagen, da\u00df Ihr genug tut, wenn die notwendige Politik und L\u00f6sungen noch immer nicht in Sicht sind?<\/p>\n<p><em><strong>Ihr sagt, da\u00df Ihr uns h\u00f6rt und die Dringlichkeit versteht. Aber egal, wie traurig und w\u00fctend ich bin &#8211; ich will das nicht glauben. Denn wenn Ihr die Situation wirklich verstehen und trotzdem weiter nicht handeln w\u00fcrdet, dann w\u00e4ret Ihr b\u00f6se \u2013 und das will ich nicht glauben!<\/strong><\/em><\/p>\n<p>Die beliebte Idee, unsere Emissionen in zehn Jahren zu halbieren, gibt uns nur eine 50%ige Chance, unter 1,5 Grad zu bleiben &#8211; und das Risiko, irreversible Kettenreaktionen auszul\u00f6sen, die sich der Kontrolle des Menschen entziehen.<\/p>\n<p>50% m\u00f6gen f\u00fcr Euch akzeptabel sein, aber diese Zahlen enthalten keine Kipp-Punkte, kaum Feedback-Schleifen, nicht die zus\u00e4tzliche Erw\u00e4rmung versteckt durch giftige Luftverschmutzung und auch nicht Aspekte wie Fairness und Klimagerechtigkeit.<\/p>\n<p>Ihr verla\u00dft Euch au\u00dferdem darauf, da\u00df meine Generation mit Technologien, die es kaum gibt, Hunderte von Milliarden Tonnen CO2 aus der Luft saugt. Deshalb sind 50% einfach nicht akzeptabel &#8211; f\u00fcr uns, die mit den Folgen leben m\u00fcssen!<\/p>\n<p>Um eine 67%ige Chance zu haben, unter einem globalen Temperaturanstieg von 1,5 Grad zu bleiben, hatte die Welt laut Weltklimarat am 1. Januar 2018 im besten Fall noch 420 Giga-Tonnen CO2 \u00fcber, die sie noch aussto\u00dfen kann. Heute liegt diese Zahl unter 350 Giga-Tonnen. Wie k\u00f6nnt Ihr es wagen, so zu tun, als ob dies mit Mitteln wie bisher und einigen technischen L\u00f6sungen gel\u00f6st werden kann?<\/p>\n<div class=\"video-wrapped video-wrapped-video video-wrapped-yt\" style=\"width: 840px; min-height: 473px; background-image: url('https:\/\/www.schiebener.net\/wordpress\/wp-content\/plugins\/wp-video-embed-privacy-master\/preview\/yt\/SfCUcDAlSKk.jpg?s=78992b13f9929180e26cdeabdbba754aea4af53b940c72d2bc5c049a50b61564')\" data-embed-frame=\"&lt;iframe title=&quot;Greta Thunbergs ganze Rede beim UN-Klimagipfel&quot; width=&quot;840&quot; height=&quot;473&quot; src=&quot;https:\/\/www.youtube-nocookie.com\/embed\/SfCUcDAlSKk?feature=oembed&quot; frameborder=&quot;0&quot; allow=&quot;accelerometer; autoplay; clipboard-write; encrypted-media; gyroscope; picture-in-picture; web-share&quot; referrerpolicy=&quot;strict-origin-when-cross-origin&quot; allowfullscreen&gt;&lt;\/iframe&gt;\" data-embed-play=\"&lt;span&gt;Video abspielen&lt;\/span&gt;&lt;div class=&quot;small&quot;&gt;&lt;span&gt;Das Video wird von Youtube eingebettet. Es gelten die &lt;a href=&quot;https:\/\/www.google.com\/intl\/de\/policies\/privacy\/&quot; target=&quot;_blank&quot;&gt;Datenschutzerkl\u00e4rungen von Google&lt;\/a&gt;.&lt;\/span&gt;&lt;\/div&gt;\">\n<div class=\"video-wrapped-nojs\"><span>Aktivieren Sie JavaScript um das Video zu sehen.<br \/>Video-Link: <a href=\"https:\/\/www.youtube.com\/watch?v=SfCUcDAlSKk\">https:\/\/www.youtube.com\/watch?v=SfCUcDAlSKk<\/a><\/span><\/div>\n<\/div>\n<p>&nbsp;<br \/>\nBei den heuitigen Emissionswerten wird das verbleibende CO2-Budget in weniger als 8,5 Jahren vollst\u00e4ndig aufgebraucht sein. Es werden heute keine L\u00f6sungen oder Pl\u00e4ne entsprechend dieser Zahlen vorgestellt, weil diese Zahlen zu unangenehm sind und Ihr noch nicht reif genug seid, um zu sagen, wie es ist. Ihr versagt vor uns.<\/p>\n<p>Aber junge Leute fangen an, Euren Verrat zu sehen. Die Augen aller k\u00fcnftigen Generationen sind auf Euch gerichtet. Und wenn Ihr uns im Stich lasst, werden wir Euch niemals vergeben.<\/p>\n<p>Damit werdet Ihr nicht durchkommen. Genau hier, genau jetzt ziehen wir die Grenze. Die Welt erwacht, und es kommt eine Ver\u00e4nderung, ob Ihr es wollt oder nicht. Danke!\u201c<\/p>\n","protected":false},"excerpt":{"rendered":"<p>(Abschrift der \u00dcbersetzung des Videos auf You Tube mit kleinsten Ver\u00e4nderungen von Nadja Thelen-Khoder) \u201eDas ist alles falsch. Ich sollte nicht hier sein. Ich sollte auf der anderen Seite des &hellip; <a href=\"https:\/\/www.schiebener.net\/wordpress\/sehet-ein-mensch-greta-thunbergs-rede-beim-un-klimagipfel\/\" class=\"more-link\"><span class=\"screen-reader-text\">\u201eSehet: Ein Mensch!  Greta Thunbergs Rede beim UN-Klimagipfel\u201c <\/span>weiterlesen<\/a><\/p>\n","protected":false},"author":63,"featured_media":0,"comment_status":"open","ping_status":"open","sticky":false,"template":"","format":"standard","meta":{"footnotes":""},"categories":[32,5,24,549],"tags":[8002,8302,1982],"class_list":["post-44957","post","type-post","status-publish","format-standard","hentry","category-medien","category-naturwissenschaft","category-politik","category-umwelt","tag-greta-thunberg","tag-klimakatastrophe","tag-klimawandel"],"_links":{"self":[{"href":"https:\/\/www.schiebener.net\/wordpress\/wp-json\/wp\/v2\/posts\/44957","targetHints":{"allow":["GET"]}}],"collection":[{"href":"https:\/\/www.schiebener.net\/wordpress\/wp-json\/wp\/v2\/posts"}],"about":[{"href":"https:\/\/www.schiebener.net\/wordpress\/wp-json\/wp\/v2\/types\/post"}],"author":[{"embeddable":true,"href":"https:\/\/www.schiebener.net\/wordpress\/wp-json\/wp\/v2\/users\/63"}],"replies":[{"embeddable":true,"href":"https:\/\/www.schiebener.net\/wordpress\/wp-json\/wp\/v2\/comments?post=44957"}],"version-history":[{"count":0,"href":"https:\/\/www.schiebener.net\/wordpress\/wp-json\/wp\/v2\/posts\/44957\/revisions"}],"wp:attachment":[{"href":"https:\/\/www.schiebener.net\/wordpress\/wp-json\/wp\/v2\/media?parent=44957"}],"wp:term":[{"taxonomy":"category","embeddable":true,"href":"https:\/\/www.schiebener.net\/wordpress\/wp-json\/wp\/v2\/categories?post=44957"},{"taxonomy":"post_tag","embeddable":true,"href":"https:\/\/www.schiebener.net\/wordpress\/wp-json\/wp\/v2\/tags?post=44957"}],"curies":[{"name":"wp","href":"https:\/\/api.w.org\/{rel}","templated":true}]}}