{"id":44934,"date":"2019-09-21T20:18:03","date_gmt":"2019-09-21T19:18:03","guid":{"rendered":"https:\/\/www.schiebener.net\/wordpress\/?p=44934"},"modified":"2019-09-21T20:25:14","modified_gmt":"2019-09-21T19:25:14","slug":"gute-nacht-bruchhauser-steine-morgen-geht-es-in-kassel-weiter","status":"publish","type":"post","link":"https:\/\/www.schiebener.net\/wordpress\/gute-nacht-bruchhauser-steine-morgen-geht-es-in-kassel-weiter\/","title":{"rendered":"Gute Nacht Bruchhauser Steine! Morgen geht es in Kassel weiter &#8230;"},"content":{"rendered":"<figure id=\"attachment_44935\" aria-describedby=\"caption-attachment-44935\" style=\"width: 701px\" class=\"wp-caption aligncenter\"><a href=\"https:\/\/www.schiebener.net\/wordpress\/wp-content\/uploads\/2019\/09\/BruchhauserSteine2019092101.jpg\" target=\"_blank\" rel=\"noopener noreferrer\"><img loading=\"lazy\" decoding=\"async\" class=\"wp-image-44935\" src=\"https:\/\/www.schiebener.net\/wordpress\/wp-content\/uploads\/2019\/09\/BruchhauserSteine2019092101.jpg\" alt=\"\" width=\"701\" height=\"467\" srcset=\"https:\/\/www.schiebener.net\/wordpress\/wp-content\/uploads\/2019\/09\/BruchhauserSteine2019092101.jpg 2048w, https:\/\/www.schiebener.net\/wordpress\/wp-content\/uploads\/2019\/09\/BruchhauserSteine2019092101-300x200.jpg 300w, https:\/\/www.schiebener.net\/wordpress\/wp-content\/uploads\/2019\/09\/BruchhauserSteine2019092101-768x512.jpg 768w, https:\/\/www.schiebener.net\/wordpress\/wp-content\/uploads\/2019\/09\/BruchhauserSteine2019092101-1024x683.jpg 1024w\" sizes=\"auto, (max-width: 709px) 85vw, (max-width: 909px) 67vw, (max-width: 984px) 61vw, (max-width: 1362px) 45vw, 600px\" \/><\/a><figcaption id=\"caption-attachment-44935\" class=\"wp-caption-text\">Auf dem R\u00fcckweg zum Parkplatz an der Feuereiche habe ich mich noch einmal umgedreht. (foto: zoom)<\/figcaption><\/figure>\n<p><strong>Dem grandiosen Sp\u00e4tsommer kann man kaum noch etwas hinzuf\u00fcgen. Heute Morgen schwimmen im Au\u00dfenbecken des Aqua Olsberg. Blauer Himmel, gr\u00fcn-gelb schimmernde B\u00e4ume, die Bl\u00e4tter von der Sonne umkr\u00e4nzt, das Wasser ein Traum. Postkartenidyll.<\/strong><\/p>\n<p>Am sp\u00e4ten Nachmittag die Bruchhauser Steine. Die Sonne hat immer noch Kraft. Wir schwitzen auf dem letzten steilen Anstieg zum Feldstein, sitzen auf der Bank und beobachten die anderen Besucher beim Aufstieg zum Kreuz; manche gazellenartig, andere kehren nach wenigen Metern um.<\/p>\n<p>Auf dem R\u00fcckweg zur Feuereiche lugt die Sonne um den Fels. Als ich zu Hause meine Bilder betrachte, sehe ich zum ersten Mal ein Gesicht.<\/p>\n<figure id=\"attachment_44936\" aria-describedby=\"caption-attachment-44936\" style=\"width: 701px\" class=\"wp-caption aligncenter\"><a href=\"https:\/\/www.schiebener.net\/wordpress\/wp-content\/uploads\/2019\/09\/BruchhauserSteine2019092102.jpg\" target=\"_blank\" rel=\"noopener noreferrer\"><img loading=\"lazy\" decoding=\"async\" class=\"wp-image-44936\" src=\"https:\/\/www.schiebener.net\/wordpress\/wp-content\/uploads\/2019\/09\/BruchhauserSteine2019092102.jpg\" alt=\"\" width=\"701\" height=\"467\" srcset=\"https:\/\/www.schiebener.net\/wordpress\/wp-content\/uploads\/2019\/09\/BruchhauserSteine2019092102.jpg 2048w, https:\/\/www.schiebener.net\/wordpress\/wp-content\/uploads\/2019\/09\/BruchhauserSteine2019092102-300x200.jpg 300w, https:\/\/www.schiebener.net\/wordpress\/wp-content\/uploads\/2019\/09\/BruchhauserSteine2019092102-768x512.jpg 768w, https:\/\/www.schiebener.net\/wordpress\/wp-content\/uploads\/2019\/09\/BruchhauserSteine2019092102-1024x683.jpg 1024w\" sizes=\"auto, (max-width: 709px) 85vw, (max-width: 909px) 67vw, (max-width: 984px) 61vw, (max-width: 1362px) 45vw, 600px\" \/><\/a><figcaption id=\"caption-attachment-44936\" class=\"wp-caption-text\">Ich war schon oft an &#8222;den Steinen&#8220;, das Gesicht hatte ich allerdings noch nie gesehen. (foto: zoom)<\/figcaption><\/figure>\n<p>Morgen ist nun wirklich der letzte Sommertag vor dem kalendarischen Herbstbeginn am 23. September um 9:50.<\/p>\n<p>Wer mich sehen will, muss nach Kassel fahren, denn dort sollen die Stra\u00dfen in Teilen des Kasseler Stadtgebiets tags\u00fcber den Radfahrern geh\u00f6ren. \u201e<a href=\"https:\/\/www.kassel.de\/aktuelle-meldungen\/ob\/kassel-radelt-am-22.-september-2019-35-kilometer-strasse-fuer-fahrraeder.php\" target=\"_blank\" rel=\"noopener noreferrer\">Kassel radelt<\/a>\u201c lautet das Motto am Sonntag. 30 Kilometer Stra\u00dfe f\u00fcr Fahrr\u00e4der. Ich will dabei sein. Das letzte Aufb\u00e4umen vor den dunklen Tagen.<\/p>\n<p>Gute Nacht!<\/p>\n<figure id=\"attachment_44937\" aria-describedby=\"caption-attachment-44937\" style=\"width: 701px\" class=\"wp-caption aligncenter\"><a href=\"https:\/\/www.schiebener.net\/wordpress\/wp-content\/uploads\/2019\/09\/Abendhimmel2011909.jpg\" target=\"_blank\" rel=\"noopener noreferrer\"><img loading=\"lazy\" decoding=\"async\" class=\"wp-image-44937\" src=\"https:\/\/www.schiebener.net\/wordpress\/wp-content\/uploads\/2019\/09\/Abendhimmel2011909.jpg\" alt=\"\" width=\"701\" height=\"467\" srcset=\"https:\/\/www.schiebener.net\/wordpress\/wp-content\/uploads\/2019\/09\/Abendhimmel2011909.jpg 2048w, https:\/\/www.schiebener.net\/wordpress\/wp-content\/uploads\/2019\/09\/Abendhimmel2011909-300x200.jpg 300w, https:\/\/www.schiebener.net\/wordpress\/wp-content\/uploads\/2019\/09\/Abendhimmel2011909-768x512.jpg 768w, https:\/\/www.schiebener.net\/wordpress\/wp-content\/uploads\/2019\/09\/Abendhimmel2011909-1024x683.jpg 1024w\" sizes=\"auto, (max-width: 709px) 85vw, (max-width: 909px) 67vw, (max-width: 984px) 61vw, (max-width: 1362px) 45vw, 600px\" \/><\/a><figcaption id=\"caption-attachment-44937\" class=\"wp-caption-text\">Gute Nacht! (foto: zoom)<\/figcaption><\/figure>\n","protected":false},"excerpt":{"rendered":"<p>Dem grandiosen Sp\u00e4tsommer kann man kaum noch etwas hinzuf\u00fcgen. Heute Morgen schwimmen im Au\u00dfenbecken des Aqua Olsberg. Blauer Himmel, gr\u00fcn-gelb schimmernde B\u00e4ume, die Bl\u00e4tter von der Sonne umkr\u00e4nzt, das Wasser &hellip; <a href=\"https:\/\/www.schiebener.net\/wordpress\/gute-nacht-bruchhauser-steine-morgen-geht-es-in-kassel-weiter\/\" class=\"more-link\"><span class=\"screen-reader-text\">\u201eGute Nacht Bruchhauser Steine! Morgen geht es in Kassel weiter &#8230;\u201c <\/span>weiterlesen<\/a><\/p>\n","protected":false},"author":3,"featured_media":0,"comment_status":"open","ping_status":"open","sticky":false,"template":"","format":"standard","meta":{"footnotes":""},"categories":[174,1732,80,618,648],"tags":[7511,8353],"class_list":["post-44934","post","type-post","status-publish","format-standard","hentry","category-dit-und-dat","category-freizeit","category-lokales","category-verkehr","category-was-tun-gegen-langweile","tag-bruchhauser-steine","tag-kassel-radelt"],"_links":{"self":[{"href":"https:\/\/www.schiebener.net\/wordpress\/wp-json\/wp\/v2\/posts\/44934","targetHints":{"allow":["GET"]}}],"collection":[{"href":"https:\/\/www.schiebener.net\/wordpress\/wp-json\/wp\/v2\/posts"}],"about":[{"href":"https:\/\/www.schiebener.net\/wordpress\/wp-json\/wp\/v2\/types\/post"}],"author":[{"embeddable":true,"href":"https:\/\/www.schiebener.net\/wordpress\/wp-json\/wp\/v2\/users\/3"}],"replies":[{"embeddable":true,"href":"https:\/\/www.schiebener.net\/wordpress\/wp-json\/wp\/v2\/comments?post=44934"}],"version-history":[{"count":0,"href":"https:\/\/www.schiebener.net\/wordpress\/wp-json\/wp\/v2\/posts\/44934\/revisions"}],"wp:attachment":[{"href":"https:\/\/www.schiebener.net\/wordpress\/wp-json\/wp\/v2\/media?parent=44934"}],"wp:term":[{"taxonomy":"category","embeddable":true,"href":"https:\/\/www.schiebener.net\/wordpress\/wp-json\/wp\/v2\/categories?post=44934"},{"taxonomy":"post_tag","embeddable":true,"href":"https:\/\/www.schiebener.net\/wordpress\/wp-json\/wp\/v2\/tags?post=44934"}],"curies":[{"name":"wp","href":"https:\/\/api.w.org\/{rel}","templated":true}]}}