{"id":44903,"date":"2019-09-19T20:17:00","date_gmt":"2019-09-19T19:17:00","guid":{"rendered":"https:\/\/www.schiebener.net\/wordpress\/?p=44903"},"modified":"2019-09-19T20:59:52","modified_gmt":"2019-09-19T19:59:52","slug":"fridays-for-future-am-morgigen-freitag-das-sauerland-als-aktionswueste-brilon-als-ausnahme","status":"publish","type":"post","link":"https:\/\/www.schiebener.net\/wordpress\/fridays-for-future-am-morgigen-freitag-das-sauerland-als-aktionswueste-brilon-als-ausnahme\/","title":{"rendered":"Fridays for Future am morgigen Freitag: das Sauerland als &#8222;Aktionsw\u00fcste&#8220; &#8211; Brilon als Ausnahme."},"content":{"rendered":"<p><img loading=\"lazy\" decoding=\"async\" class=\"aligncenter wp-image-44904\" src=\"https:\/\/www.schiebener.net\/wordpress\/wp-content\/uploads\/2019\/09\/FridaysForFuture20119092001.jpg\" alt=\"\" width=\"701\" height=\"845\" srcset=\"https:\/\/www.schiebener.net\/wordpress\/wp-content\/uploads\/2019\/09\/FridaysForFuture20119092001.jpg 1024w, https:\/\/www.schiebener.net\/wordpress\/wp-content\/uploads\/2019\/09\/FridaysForFuture20119092001-249x300.jpg 249w, https:\/\/www.schiebener.net\/wordpress\/wp-content\/uploads\/2019\/09\/FridaysForFuture20119092001-768x926.jpg 768w, https:\/\/www.schiebener.net\/wordpress\/wp-content\/uploads\/2019\/09\/FridaysForFuture20119092001-850x1024.jpg 850w\" sizes=\"auto, (max-width: 709px) 85vw, (max-width: 909px) 67vw, (max-width: 984px) 61vw, (max-width: 1362px) 45vw, 600px\" \/><\/p>\n<p><strong>Am 20.9. findet der dritte globale Klimastreik statt\u00a0 \u2013 <a href=\"https:\/\/fridaysforfuture.org\/events\/map\" target=\"_blank\" rel=\"noopener noreferrer\">weltweit<\/a> werden Menschen auf die Stra\u00dfe gehen und f\u00fcr die Einhaltung des Parisabkommen und gegen die anhaltende Klimazerst\u00f6rung laut werden.<\/strong><\/p>\n<p>W\u00e4hrend in Berlin das Klimakabinett tagt und in New York einer der wichtigsten UN Gipfel des Jahres vorbereitet wird, soll der 20. September der gr\u00f6\u00dfte globale Klimastreik aller Zeiten werden.<\/p>\n<p><iframe src=\"https:\/\/fridaysforfuture.de\/map\/klimastreik.html\" height=\"500px\"><\/iframe><\/p>\n<p>In bislang\u00a0 533 St\u00e4dten sind Streiks und Demonstrationen geplant, allein das Sauerland erscheint auf der Karte als eine &#8222;Aktionsw\u00fcste&#8220;.<\/p>\n<p>Weder Meschede, noch Winterberg, weder Schmallenberg noch Arnsberg, weder Olsberg noch Brilon, weder Marsberg noch Hallenberg sind hier zu finden.<\/p>\n<p>Ein gro\u00dfes Loch beherrscht das Sauerland.<\/p>\n<p><img loading=\"lazy\" decoding=\"async\" class=\"aligncenter wp-image-44905\" src=\"https:\/\/www.schiebener.net\/wordpress\/wp-content\/uploads\/2019\/09\/FridaysForFuture20119092002.jpg\" alt=\"\" width=\"700\" height=\"483\" srcset=\"https:\/\/www.schiebener.net\/wordpress\/wp-content\/uploads\/2019\/09\/FridaysForFuture20119092002.jpg 888w, https:\/\/www.schiebener.net\/wordpress\/wp-content\/uploads\/2019\/09\/FridaysForFuture20119092002-300x207.jpg 300w, https:\/\/www.schiebener.net\/wordpress\/wp-content\/uploads\/2019\/09\/FridaysForFuture20119092002-768x530.jpg 768w\" sizes=\"auto, (max-width: 709px) 85vw, (max-width: 909px) 67vw, (max-width: 984px) 61vw, (max-width: 1362px) 45vw, 600px\" \/><\/p>\n<p><strong>Letztes Update:<\/strong><\/p>\n<p>Brilon scheint sich jetzt doch an Fridays for Future zu beteiligen. Die Gr\u00fcnen rufen &#8222;Auf zu den Klimaschutz-Demonstrationen von Fridays For Future im Hochsauerland&#8220;.<\/p>\n<p><a href=\"http:\/\/gruene-hochsauerland.de\/auf-zu-den-klimaschutz-demonstrationen-von-fridays-for-future-im-hochsauerland\/2019\/09\/18\/\" target=\"_blank\" rel=\"noopener noreferrer\">Auf ihrer Website<\/a> hei\u00dft es:<\/p>\n<blockquote><p>Die GR\u00dcNEN im HSK rufen zu Freitag, den 20. September zu den Klimaschutz-Demonstrationen von Fridays For Future im Hochsauerland auf. Im HSK finden sie in Brilon ab 13.00 Uhr auf dem Marktplatz und in Lennestadt-Altenhundem ab 13.30 Uhr vom Busbahnhof aus statt.<\/p>\n<p>\u201eEs geht um die Zukunft aller Generationen. Deshalb hoffen wir, dass viele Menschen an den Demonstrationen von Fridays For Future teilnehmen\u201c, sagt Susanne Ulmke, Sprecherin des Kreisverbandes Hochsauerland von B\u00dcNDNIS90\/DIE GR\u00dcNEN.<\/p><\/blockquote>\n<p><strong>Eine gr\u00f6\u00dfere Kundgebung findet in Dortmund statt.<\/strong> <\/p>\n<p>Dort startet die Demonstration um 12.00 Uhr auf dem Friedensplatz. Die GR\u00dcNEN empfehlen folgende Zug- und Busverbindungen:<\/p>\n<p>Ab Bahnhof Arnsberg, 10.34 Uhr, Gleis 2<\/p>\n<p>Ab Bahnhof Meschede, 10.17 Uhr, Gleis 2<\/p>\n<p>Ab Bahnhof Brilon-Stadt, 9.39 Uhr, Gleis 2<\/p>\n<p>Ab Bahnhof Marsberg, 8.59 Uhr, Gleis 2<\/p>\n<p>Ab Hebbel-Schmallenberg, 9.01 Uhr, Bus S90.<\/p>\n<p>Ab Bahnhof Winterberg, 8.44 Uhr, Bus S40.<\/p>\n<p>(ohne Gew\u00e4hr)<\/p>\n<p><strong>Nachschlag:<\/strong><\/p>\n<p>Wer sich \u00fcber den Klimawandel aus wissenschaftlicher Sicht und die Mythen der Klimawandelleugner informieren will, kann das zum Beispiel hier tun:<\/p>\n<p><a href=\"https:\/\/www.spektrum.de\/wissen\/die-gaengigsten-mythen-zum-klimawandel\/1674472\" rel=\"noopener noreferrer\" target=\"_blank\">https:\/\/www.spektrum.de\/wissen\/die-gaengigsten-mythen-zum-klimawandel\/1674472<\/a><\/p>\n","protected":false},"excerpt":{"rendered":"<p>Am 20.9. findet der dritte globale Klimastreik statt\u00a0 \u2013 weltweit werden Menschen auf die Stra\u00dfe gehen und f\u00fcr die Einhaltung des Parisabkommen und gegen die anhaltende Klimazerst\u00f6rung laut werden. W\u00e4hrend &hellip; <a href=\"https:\/\/www.schiebener.net\/wordpress\/fridays-for-future-am-morgigen-freitag-das-sauerland-als-aktionswueste-brilon-als-ausnahme\/\" class=\"more-link\"><span class=\"screen-reader-text\">\u201eFridays for Future am morgigen Freitag: das Sauerland als &#8222;Aktionsw\u00fcste&#8220; &#8211; Brilon als Ausnahme.\u201c <\/span>weiterlesen<\/a><\/p>\n","protected":false},"author":3,"featured_media":0,"comment_status":"open","ping_status":"open","sticky":false,"template":"","format":"standard","meta":{"footnotes":""},"categories":[3,303,80],"tags":[579,8075,8302,1982],"class_list":["post-44903","post","type-post","status-publish","format-standard","hentry","category-bildung-und-schule","category-in-unserem-briefkasten","category-lokales","tag-brilon","tag-fridays-for-future","tag-klimakatastrophe","tag-klimawandel"],"_links":{"self":[{"href":"https:\/\/www.schiebener.net\/wordpress\/wp-json\/wp\/v2\/posts\/44903","targetHints":{"allow":["GET"]}}],"collection":[{"href":"https:\/\/www.schiebener.net\/wordpress\/wp-json\/wp\/v2\/posts"}],"about":[{"href":"https:\/\/www.schiebener.net\/wordpress\/wp-json\/wp\/v2\/types\/post"}],"author":[{"embeddable":true,"href":"https:\/\/www.schiebener.net\/wordpress\/wp-json\/wp\/v2\/users\/3"}],"replies":[{"embeddable":true,"href":"https:\/\/www.schiebener.net\/wordpress\/wp-json\/wp\/v2\/comments?post=44903"}],"version-history":[{"count":0,"href":"https:\/\/www.schiebener.net\/wordpress\/wp-json\/wp\/v2\/posts\/44903\/revisions"}],"wp:attachment":[{"href":"https:\/\/www.schiebener.net\/wordpress\/wp-json\/wp\/v2\/media?parent=44903"}],"wp:term":[{"taxonomy":"category","embeddable":true,"href":"https:\/\/www.schiebener.net\/wordpress\/wp-json\/wp\/v2\/categories?post=44903"},{"taxonomy":"post_tag","embeddable":true,"href":"https:\/\/www.schiebener.net\/wordpress\/wp-json\/wp\/v2\/tags?post=44903"}],"curies":[{"name":"wp","href":"https:\/\/api.w.org\/{rel}","templated":true}]}}