{"id":44772,"date":"2019-08-31T16:42:01","date_gmt":"2019-08-31T15:42:01","guid":{"rendered":"https:\/\/www.schiebener.net\/wordpress\/?p=44772"},"modified":"2019-08-31T16:45:23","modified_gmt":"2019-08-31T15:45:23","slug":"antikriegstag-am-1-september-mahnung-an-den-beginn-des-2-weltkrieges-und-alternativen-zum-militaer-fuer-die-zukunft","status":"publish","type":"post","link":"https:\/\/www.schiebener.net\/wordpress\/antikriegstag-am-1-september-mahnung-an-den-beginn-des-2-weltkrieges-und-alternativen-zum-militaer-fuer-die-zukunft\/","title":{"rendered":"Antikriegstag am 1. September in Meschede: Mahnung an den Beginn des 2. Weltkrieges und Alternativen zum Milit\u00e4r f\u00fcr die Zukunft"},"content":{"rendered":"<figure id=\"attachment_44776\" aria-describedby=\"caption-attachment-44776\" style=\"width: 700px\" class=\"wp-caption aligncenter\"><a href=\"https:\/\/www.schiebener.net\/wordpress\/wp-content\/uploads\/2019\/08\/Bild-1.jpg\" target=\"_blank\" rel=\"noopener noreferrer\"><img loading=\"lazy\" decoding=\"async\" class=\"wp-image-44776\" src=\"https:\/\/www.schiebener.net\/wordpress\/wp-content\/uploads\/2019\/08\/Bild-1.jpg\" alt=\"\" width=\"700\" height=\"933\" srcset=\"https:\/\/www.schiebener.net\/wordpress\/wp-content\/uploads\/2019\/08\/Bild-1.jpg 1200w, https:\/\/www.schiebener.net\/wordpress\/wp-content\/uploads\/2019\/08\/Bild-1-225x300.jpg 225w, https:\/\/www.schiebener.net\/wordpress\/wp-content\/uploads\/2019\/08\/Bild-1-768x1024.jpg 768w\" sizes=\"auto, (max-width: 709px) 85vw, (max-width: 909px) 67vw, (max-width: 984px) 61vw, (max-width: 1362px) 45vw, 600px\" \/><\/a><figcaption id=\"caption-attachment-44776\" class=\"wp-caption-text\">Er ist nicht tot \u2013 der Krieg! Erinnern und Mahnen beim S\u00fchnekreuz in der Kirche Mari\u00e4-Himmelfahrt zu Meschede. Das \u201eS\u00fchnekreuz\u201c wird am Sonntag aus seinem Nischendasein befreit und vor den Altar gelegt. (bild: thelen-khoder)<\/figcaption><\/figure>\n<p><strong>Am 01. September 2019 j\u00e4hrt sich der Beginn des zweiten Weltkrieges zum achtzigsten Mal. Zu diesem Tag als \u201eAntikriegstag\u201c bieten viele Gruppen der katholischen Friedensbewegung pax christi interessante Veranstaltungen an oder organisieren Kundgebungen und Demonstrationen gemeinsam mit den regionalen Partnern der Friedensbewegung.<\/strong><\/p>\n<p><em>(Der Text beruht auf einer <a href=\"https:\/\/www.paxchristi.de\/meldungen\/view\/5213015452418048\/Antikriegstag%20am%201.%20September\" target=\"_blank\" rel=\"noopener noreferrer\">Pressemitteilung von pax christi<\/a>, der internationalen katholischen Friedensbewegung.)<\/em><\/p>\n<p>Der pax christi-Di\u00f6zesanverband Paderborn l\u00e4dt in Kooperation mit der Kirchengemeinde Mari\u00e4-Himmelfahrt in Meschede zu Gottesdienst, Begegnung, Vortrag und Diskussion ein.<\/p>\n<p><b>Sonntag 1. September 2019 in der Pfarrkirche Mari\u00e4 Himmelfahrt in Meschede\u00a0<\/b><\/p>\n<p>09:30 Uhr Gottesdienst mit Impuls von Nadja Thelen-Khoder zum Umgang mit Grabst\u00e4tten\u00a0von Zwangsarbeiter*innen und Kriegsgefangenen<\/p>\n<p>11:00 Uhr Friedenslandschaft Sauerland, Vortrag und Diskussion mit Peter B\u00fcrger \u00fcber\u00a0Friedensboten<\/p>\n<p>12:30 Uhr Begegnung und gemeinsames Mittagessen<\/p>\n<p><strong>Als sauerl\u00e4ndische Friedensboten bezeichnet Peter B\u00fcrger<\/strong> Menschen wie den katholischen Friedensaktivisten und Heimatforscher Josef R\u00fcther (1881-1972) aus Brilon, der in der Weimarer Republik zu den fr\u00fchesten Warnrufern geh\u00f6rte. Er wurde lange vor 1933 von den Nazis ebenso gehasst wie der H\u00fcstener B\u00fcrgermeister Dr. Rudolf Gunst (1883-1965), der den Friedensbund der Katholiken (FdK) in ganz Deutschland leitete. Beide M\u00e4nner verloren ihre berufliche Grundlage und geh\u00f6ren zu den Verfolgten des deutschen Faschismus.<\/p>\n<p>Mehr \u00fcber die Friedensboten erfahren Sie im <a href=\"https:\/\/www.paxchristi.de\/file\/download\/AMIfv9751F9zhA3QnG0zy88Lz81i35-xCHshxFEuHASYTTmP3D1ATFKbsnq-Yz5F4TYrwQ7mZQirPO3QnN8GmzCzR8q85jLUVWS0NQrHs33ishsrIsotQvLN1bi4PMTBc55KRWNq2bfDI7iCP_kxW-HoSeqDtiqntVD6UODOIM5arCZK7lf4LtegIGd-oBjIKAA4qG8SIuDS8Ybz2C9NLoSByevm4QDGFSMkfx5F49C7vvx8KgzPuJ5yu_B3RbUByD-Q3zbzKaqu7AHna0gp0GJo5L8yW8DCRoKA4p2RYW6U8g8xqRFLWuKTCL-Ne6wcULymIfYSmSq6\/Interview_Sauerl%C3%A4ndische%20Friedensboten.pdf\" target=\"_blank\" rel=\"noopener noreferrer\">anh\u00e4ngenden Interview<\/a> mit Peter B\u00fcrger.<\/p>\n<figure id=\"attachment_44777\" aria-describedby=\"caption-attachment-44777\" style=\"width: 700px\" class=\"wp-caption aligncenter\"><a href=\"https:\/\/www.schiebener.net\/wordpress\/wp-content\/uploads\/2019\/08\/Bild-4.jpg\" target=\"_blank\" rel=\"noopener noreferrer\"><img loading=\"lazy\" decoding=\"async\" class=\"wp-image-44777\" src=\"https:\/\/www.schiebener.net\/wordpress\/wp-content\/uploads\/2019\/08\/Bild-4.jpg\" alt=\"\" width=\"700\" height=\"933\" srcset=\"https:\/\/www.schiebener.net\/wordpress\/wp-content\/uploads\/2019\/08\/Bild-4.jpg 1200w, https:\/\/www.schiebener.net\/wordpress\/wp-content\/uploads\/2019\/08\/Bild-4-225x300.jpg 225w, https:\/\/www.schiebener.net\/wordpress\/wp-content\/uploads\/2019\/08\/Bild-4-768x1024.jpg 768w\" sizes=\"auto, (max-width: 709px) 85vw, (max-width: 909px) 67vw, (max-width: 984px) 61vw, (max-width: 1362px) 45vw, 600px\" \/><\/a><figcaption id=\"caption-attachment-44777\" class=\"wp-caption-text\">Siehe auch Peter B\u00fcrger \/ Jens Hahnwald \/ Georg D. Heidingsfelder: \u201eS\u00fchnekreuz Meschede. Die Massenmorde an sowjetischen und polnischen Zwangsarbeitern im Sauerland w\u00e4hrend der Endphase des 2. Weltkrieges und die Geschichte eines schwierigen Gedenkens\u201c; Norderstedt 2016 (edition leutekirche sauerland 3, Books on Demand,; erweiterte Buchausgabe von \u201eZwischen Jerusalem und Meschede\u201c) (bild: thelen-khoder)<\/figcaption><\/figure>\n<p><strong>Der Waldfriedhof \u201eFulmecke\u201c ist Ort der Spurensuche von Nadja Thelen-Khoder.<\/strong> Ihre Mutter erz\u00e4hlte ihr wie sie ihrem Vater bei der \u00e4rztlichen Versorgung sowjetischer Zwangsarbeiter geholfen hatte. Damit begann eine Recherche, die sie in einem Buch \u00fcber den sogenannten \u201eFranzosenfriedhof\u201c\u00a0 darlegt. Dort liegen neben den namenlos Begrabenen\u00a0 dreier n\u00e4chtlicher Massaker deutscher Soldaten von Ende M\u00e4rz 1945 auch 70 weitere meist sowjetische Zwangsarbeiter begraben, die im Zweiten Weltkrieg oder wenige Wochen danach starben.<\/p>\n<p>Mehr \u00fcber die den Umgang mit den Gr\u00e4bern der Zwangsarbeiter erfahren Sie im <a href=\"https:\/\/www.paxchristi.de\/file\/download\/AMIfv976KVnsKK4Wvm9s5NzkfnqzW-oQO6RiOLYtEf2W59G4aOdH6eTlhJyNy7yESzk6pFz29j5H4TWVLUUupYrucm78TU-1Rdj8w_GmLcnNHk1dR34zHEtpQmzSrGt1se_ofAhKjz5XQRaq7Tb-9hTNeTsYC6b9NAbe9mI1CoOO8WBLBpb48keKXGg1_wLAfOjAce4y4NzxPVwsg6Rs8nZT9-aS2OajujkCN-W8EisDNRXFrueVdIeC3dgJtbM8ghRg27OjHvkLxJOyg2o-h9n_zODFZ0ME1VTw51hvVrEW_trsAEoVxutvecE25DcD702XLGFozBPH\/Interview_Friedhof%20der%20Zwangsarbeiter.pdf\" target=\"_blank\" rel=\"noopener noreferrer\">anh\u00e4ngenden Interview <\/a>mit der Autorin Nadja Thelen-Khoder, au\u00dferdem hier eine ausf\u00fchrliche Liste ihrer B\u00fccher und Artikel:<\/p>\n<p><a href=\"https:\/\/www.schiebener.net\/wordpress\/wp-content\/uploads\/2019\/08\/Artikel-von-Nadja-Thelen-Khoder.pdf\" target=\"_blank\" rel=\"noopener noreferrer\">Artikel von Nadja Thelen-Khoder<\/a><\/p>\n","protected":false},"excerpt":{"rendered":"<p>Am 01. September 2019 j\u00e4hrt sich der Beginn des zweiten Weltkrieges zum achtzigsten Mal. Zu diesem Tag als \u201eAntikriegstag\u201c bieten viele Gruppen der katholischen Friedensbewegung pax christi interessante Veranstaltungen an &hellip; <a href=\"https:\/\/www.schiebener.net\/wordpress\/antikriegstag-am-1-september-mahnung-an-den-beginn-des-2-weltkrieges-und-alternativen-zum-militaer-fuer-die-zukunft\/\" class=\"more-link\"><span class=\"screen-reader-text\">\u201eAntikriegstag am 1. September in Meschede: Mahnung an den Beginn des 2. Weltkrieges und Alternativen zum Milit\u00e4r f\u00fcr die Zukunft\u201c <\/span>weiterlesen<\/a><\/p>\n","protected":false},"author":17,"featured_media":0,"comment_status":"open","ping_status":"open","sticky":false,"template":"","format":"standard","meta":{"footnotes":""},"categories":[319,80,7507,1043],"tags":[745,8329,8330,264,7678,4194,4695],"class_list":["post-44772","post","type-post","status-publish","format-standard","hentry","category-geschichte","category-lokales","category-nationalsozialismus","category-pressemitteilungen","tag-1-september","tag-antikriegstag","tag-kirche-mariae-himmelfahrt-zu-meschede","tag-meschede","tag-nadja-thelen-khoder","tag-pax-christi","tag-peter-buerger"],"_links":{"self":[{"href":"https:\/\/www.schiebener.net\/wordpress\/wp-json\/wp\/v2\/posts\/44772","targetHints":{"allow":["GET"]}}],"collection":[{"href":"https:\/\/www.schiebener.net\/wordpress\/wp-json\/wp\/v2\/posts"}],"about":[{"href":"https:\/\/www.schiebener.net\/wordpress\/wp-json\/wp\/v2\/types\/post"}],"author":[{"embeddable":true,"href":"https:\/\/www.schiebener.net\/wordpress\/wp-json\/wp\/v2\/users\/17"}],"replies":[{"embeddable":true,"href":"https:\/\/www.schiebener.net\/wordpress\/wp-json\/wp\/v2\/comments?post=44772"}],"version-history":[{"count":0,"href":"https:\/\/www.schiebener.net\/wordpress\/wp-json\/wp\/v2\/posts\/44772\/revisions"}],"wp:attachment":[{"href":"https:\/\/www.schiebener.net\/wordpress\/wp-json\/wp\/v2\/media?parent=44772"}],"wp:term":[{"taxonomy":"category","embeddable":true,"href":"https:\/\/www.schiebener.net\/wordpress\/wp-json\/wp\/v2\/categories?post=44772"},{"taxonomy":"post_tag","embeddable":true,"href":"https:\/\/www.schiebener.net\/wordpress\/wp-json\/wp\/v2\/tags?post=44772"}],"curies":[{"name":"wp","href":"https:\/\/api.w.org\/{rel}","templated":true}]}}