{"id":44756,"date":"2019-08-30T20:31:06","date_gmt":"2019-08-30T19:31:06","guid":{"rendered":"https:\/\/www.schiebener.net\/wordpress\/?p=44756"},"modified":"2019-08-30T20:31:06","modified_gmt":"2019-08-30T19:31:06","slug":"einwurf-chance-in-der-altenpflege-vertan","status":"publish","type":"post","link":"https:\/\/www.schiebener.net\/wordpress\/einwurf-chance-in-der-altenpflege-vertan\/","title":{"rendered":"Einwurf: Chance in der Altenpflege vertan?"},"content":{"rendered":"<figure id=\"attachment_38206\" aria-describedby=\"caption-attachment-38206\" style=\"width: 204px\" class=\"wp-caption alignleft\"><a href=\"https:\/\/www.schiebener.net\/wordpress\/wp-content\/uploads\/2017\/06\/JoachimBlei20170621.jpg\"><img loading=\"lazy\" decoding=\"async\" class=\" wp-image-38206\" src=\"https:\/\/www.schiebener.net\/wordpress\/wp-content\/uploads\/2017\/06\/JoachimBlei20170621.jpg\" alt=\"\" width=\"204\" height=\"306\" srcset=\"https:\/\/www.schiebener.net\/wordpress\/wp-content\/uploads\/2017\/06\/JoachimBlei20170621.jpg 480w, https:\/\/www.schiebener.net\/wordpress\/wp-content\/uploads\/2017\/06\/JoachimBlei20170621-200x300.jpg 200w\" sizes=\"auto, (max-width: 204px) 85vw, 204px\" \/><\/a><figcaption id=\"caption-attachment-38206\" class=\"wp-caption-text\">Joachim Blei, f\u00fcr DIE LINKE im Kreistag HSK (foto: die linke)<\/figcaption><\/figure>\n<p><strong>Bei den Ausbildungen im dualen System ist durchweg kein Hauptschulabschluss erforderlich. Nach dem erfolgreichen Abschluss der Berufsschule wird dieser dann automatisch erteilt.<\/strong><\/p>\n<p><em>(Gastbeitrag von Joachim Blei, DIE LINKE im Kreistag des HSK)<\/em><\/p>\n<p>In der Ausbildungs- und Pr\u00fcfungssordnung jedoch, welche die Zugangsberechtigung zu der nur 1-j\u00e4hrigen Berufsausbildung in der Altenpflegehilfe als Landesgesetz in NRW regelt, ist der Hauptschulabschluss zwingend festgeschrieben.<\/p>\n<p>Zun\u00e4chst werden dadurch per se und de facto so gut wie alle ehemaligen F\u00f6rdersch\u00fcler\/-innen und Hauptsch\u00fcler\/-innen ohne Abschluss von der Ausbildung ausgegrenzt, obgleich ein allgemeinbildender Abschluss nur sehr wenig \u00fcber die Eignung f\u00fcr einen Pflegeberuf aussagt. Die einj\u00e4hrige Ausbildung zum\/zur Pflegehelfer\/-in ist zudem sicher nicht so anspruchsvoll, dass diese Jugendlichen sie nicht bew\u00e4ltigen k\u00f6nnten.<\/p>\n<p>Es ist jedoch auch die M\u00f6glichkeit f\u00fcr Modellprojekte nach Ministerialerlass gegeben, z. B. auf den HSA versuchsweise zu verzichten. Es k\u00f6nnten f\u00fcr einen Modellversuch mit Hilfe der Schulen und der Arbeitsagentur geeignete und gewillte abgehende Sch\u00fcler\/-innen ausgefiltert werden, die dann an so einem Projekt teilnehmen.<\/p>\n<p>W\u00fcnschenswert ist auf jeden Fall, dass m\u00f6glichst nur voll ausgebildete Helfer\/-innen in die Pflege kommen.<\/p>\n<p>Da es sich ja um eine anerkannte Berufsausbildung handelt, w\u00fcrde das Erreichen des Abschlusses dieser f\u00fcr die bisher benachteiligten Jugendlichen auch eine gro\u00dfe pers\u00f6nliche Errungenschaft bedeuten, die deren sicher nicht gerade gro\u00dfes Selbstwertgef\u00fchl sehr st\u00e4rken w\u00fcrde.<\/p>\n<p>Eine Win-Win-Situation also zum Wohle der zu pflegenden alten und kranken Menschen und f\u00fcr eine berufliche Perspektive und ein selbst bestimmtes Leben der ansonsten von diesem Beruf ausgeschlossenen Schulabg\u00e4nger!<\/p>\n<p>Es kommen aber nat\u00fcrlich auch reifere Menschen ohne Hauptschulabschluss f\u00fcr diesen Weg der Ausbildung in Betracht, die, z. B. nach Erziehungszeiten, diesen Beruf erlernen und dann in ihm t\u00e4tig sein m\u00f6chten.<\/p>\n<p>Ich pers\u00f6nlich verfolge das Ziel \u201eModellprojekt\u201c schon seit 2009, leider bisher ohne Erfolg.<\/p>\n<p>Es muss also Druck auf die Regierung in NRW ausge\u00fcbt werden, damit das &#8211; wieder zusammengelegte &#8211; Arbeits-und Gesundheitsministium unter Herrn Laumann endlich einem Modellprojekt zustimmt.<\/p>\n<p>Fakt ist leider auch, dass in der gegenw\u00e4rtigen Situation auf dem Arbeitsmarkt wirklich Jede\/-r in den Heimen als Pflegehelfer\/-in, und zwar ohne jede Qualifikation, eingestellt wird. Es findet nur &#8222;learning by doing&#8220; statt! Ich rede hier von Menschen, nicht von Vieh!<\/p>\n<p>Es ist geradezu ein Wunder, dass das so oft gut geht! Ich warte eigentlich auf einen richtig schweren Unfall, der das der Gesellschaft drastisch vor Augen f\u00fchrt!<\/p>\n<p>Ich finde, es lohnt sich dar\u00fcber nachzudenken.<\/p>\n<p>F\u00fcr einen weitergehenden Austausch stehe ich den Leser-n und \/-innen daher gern zur Verf\u00fcgung.<\/p>\n<p><em>Joachim Blei im August 2019<br \/>\n<\/em><\/p>\n","protected":false},"excerpt":{"rendered":"<p>Bei den Ausbildungen im dualen System ist durchweg kein Hauptschulabschluss erforderlich. Nach dem erfolgreichen Abschluss der Berufsschule wird dieser dann automatisch erteilt. (Gastbeitrag von Joachim Blei, DIE LINKE im Kreistag &hellip; <a href=\"https:\/\/www.schiebener.net\/wordpress\/einwurf-chance-in-der-altenpflege-vertan\/\" class=\"more-link\"><span class=\"screen-reader-text\">\u201eEinwurf: Chance in der Altenpflege vertan?\u201c <\/span>weiterlesen<\/a><\/p>\n","protected":false},"author":17,"featured_media":0,"comment_status":"open","ping_status":"open","sticky":false,"template":"","format":"standard","meta":{"footnotes":""},"categories":[3,7088],"tags":[6341,5634],"class_list":["post-44756","post","type-post","status-publish","format-standard","hentry","category-bildung-und-schule","category-gesundheit","tag-altenpflege","tag-hauptschulabschluss"],"_links":{"self":[{"href":"https:\/\/www.schiebener.net\/wordpress\/wp-json\/wp\/v2\/posts\/44756","targetHints":{"allow":["GET"]}}],"collection":[{"href":"https:\/\/www.schiebener.net\/wordpress\/wp-json\/wp\/v2\/posts"}],"about":[{"href":"https:\/\/www.schiebener.net\/wordpress\/wp-json\/wp\/v2\/types\/post"}],"author":[{"embeddable":true,"href":"https:\/\/www.schiebener.net\/wordpress\/wp-json\/wp\/v2\/users\/17"}],"replies":[{"embeddable":true,"href":"https:\/\/www.schiebener.net\/wordpress\/wp-json\/wp\/v2\/comments?post=44756"}],"version-history":[{"count":0,"href":"https:\/\/www.schiebener.net\/wordpress\/wp-json\/wp\/v2\/posts\/44756\/revisions"}],"wp:attachment":[{"href":"https:\/\/www.schiebener.net\/wordpress\/wp-json\/wp\/v2\/media?parent=44756"}],"wp:term":[{"taxonomy":"category","embeddable":true,"href":"https:\/\/www.schiebener.net\/wordpress\/wp-json\/wp\/v2\/categories?post=44756"},{"taxonomy":"post_tag","embeddable":true,"href":"https:\/\/www.schiebener.net\/wordpress\/wp-json\/wp\/v2\/tags?post=44756"}],"curies":[{"name":"wp","href":"https:\/\/api.w.org\/{rel}","templated":true}]}}