{"id":4445,"date":"2009-08-26T18:00:37","date_gmt":"2009-08-26T16:00:37","guid":{"rendered":"http:\/\/www.schiebener.net\/wordpress\/?p=4445"},"modified":"2009-08-26T20:09:49","modified_gmt":"2009-08-26T18:09:49","slug":"wahlkampf-der-npd-in-hamburg-wahler-verprugeln","status":"publish","type":"post","link":"https:\/\/www.schiebener.net\/wordpress\/wahlkampf-der-npd-in-hamburg-wahler-verprugeln\/","title":{"rendered":"Wahlkampf der NPD in Hamburg: W\u00e4hler verpr\u00fcgeln"},"content":{"rendered":"<h2>15. August 2009<\/h2>\n<p>NPD-Aktivisten attackierten am 15. August in Hamburg an ihrem Wahlkampfstand einen Rentner. Der Mann soll zuvor gesagt haben: \u00e2\u20ac\u017eWas macht ihr blo\u00df hier? Ich habe den Krieg und das alles erlebt. Habt ihr denn nichts aus der Geschichte gelernt?\u00e2\u20ac\u0153 Ebenfalls am NPD-Stand wurde eine 43-j\u00e4hrige Frau geschlagen und getreten, die dort NPD-Werbematerial lesen wollte. Das Opfer erlitt eine Gehirnersch\u00fctterung und Prellungen. Der vorbestrafte Schl\u00e4ger Detlev B., einst Kader der Neonazi-Truppe \u00e2\u20ac\u017eFreiheitliche Deutsche Arbeiterpartei\u00e2\u20ac\u0153, wurde vorl\u00e4ufig festgenommen. (\u00e2\u20ac\u017eHamburger Morgenpost\u00e2\u20ac\u0153 vom 16. August und vom 17. August 2009)<\/p>\n<div class=\"a-topic\">\n<h3>NPD sorgt f\u00fcr Zoff<\/h3>\n<blockquote><p>Weil NPD-Mitglieder einen Rentner angegriffen haben sollen, gab es gestern Vormittag an der Kreuzung Fuhlsb\u00fcttler Stra\u00dfe\/Hartzloh (Barmbek) \u00c4rger. Gr\u00f6\u00dftenteils waren es keine Autonomen, sondern Barmbeker B\u00fcrger, die gegen den braunen Mob protestierten.<\/p><\/blockquote>\n<p>weiter:<\/p>\n<p><a href=\"http:\/\/archiv.mopo.de\/archiv\/2009\/20090816\/hamburg\/politik\/npd_sorgt_fuer_zoff.html\" target=\"_blank\">http:\/\/archiv.mopo.de\/archiv\/2009\/20090816\/hamburg\/politik\/npd_sorgt_fuer_zoff.html<\/a><\/div>\n<h2>16. August 2009 Hamburg Barmbek:<\/h2>\n<h3>Frau am NPD-Stand getreten und geschlagen<\/h3>\n<p>Ebenfalls am NPD-Stand wurde eine 43-j\u00e4hrige Frau geschlagen und getreten, die dort NPD-Werbematerial lesen wollte. Das Opfer erlitt eine Gehirnersch\u00fctterung und Prellungen.<\/p>\n<h3>&#8222;NPD-Wahlk\u00e4mpfer haben mich verpr\u00fcgelt&#8220;<\/h3>\n<figure style=\"width: 212px\" class=\"wp-caption alignleft\"><img loading=\"lazy\" decoding=\"async\" style=\"margin-right: 10px;\" src=\"http:\/\/www.mopo.de\/bilder\/print\/2009\/20090816\/190p10_roeer1.tif_eyecatch.jpg\" alt=\"Foto: MoPo\" width=\"212\" height=\"142\" align=\"left\" \/><figcaption class=\"wp-caption-text\">NPD Wahlkampf (Foto: MoPo)<\/figcaption><\/figure>\n<blockquote><p>Sie wurde zu Boden geschlagen und getreten. Die 43-j\u00e4hrige Marie L. (Name ge\u00e4ndert) erlitt eine Gehirnersch\u00fctterung und Prellungen. Die Schl\u00e4ger: NPD-Mitglieder. Bei Ausschreitungen an einem Infostand an der Fuhlsb\u00fcttler Stra\u00dfe in Barmbek (MOPO am Sonntag berichtete) wurde die Frau von den Rechtsradikalen verpr\u00fcgelt.<\/p><\/blockquote>\n<p>weiter:<\/p>\n<p><a href=\"http:\/\/archiv.mopo.de\/archiv\/2009\/20090817\/hamburg\/politik\/npd_wahlkaempfer_haben_mich_verpruegelt.html\" target=\"_blank\">http:\/\/archiv.mopo.de\/archiv\/2009\/20090817\/hamburg\/politik\/npd_wahlkaempfer_haben_mich_verpruegelt.html<\/a><\/p>\n","protected":false},"excerpt":{"rendered":"<p>15. August 2009 NPD-Aktivisten attackierten am 15. August in Hamburg an ihrem Wahlkampfstand einen Rentner. Der Mann soll zuvor gesagt haben: \u00e2\u20ac\u017eWas macht ihr blo\u00df hier? Ich habe den Krieg &hellip; <a href=\"https:\/\/www.schiebener.net\/wordpress\/wahlkampf-der-npd-in-hamburg-wahler-verprugeln\/\" class=\"more-link\"><span class=\"screen-reader-text\">\u201eWahlkampf der NPD in Hamburg: W\u00e4hler verpr\u00fcgeln\u201c <\/span>weiterlesen<\/a><\/p>\n","protected":false},"author":4,"featured_media":0,"comment_status":"open","ping_status":"open","sticky":false,"template":"","format":"standard","meta":{"footnotes":""},"categories":[83,24],"tags":[735],"class_list":["post-4445","post","type-post","status-publish","format-standard","hentry","category-hamburg-allgemein","category-politik","tag-wahlkampf"],"_links":{"self":[{"href":"https:\/\/www.schiebener.net\/wordpress\/wp-json\/wp\/v2\/posts\/4445","targetHints":{"allow":["GET"]}}],"collection":[{"href":"https:\/\/www.schiebener.net\/wordpress\/wp-json\/wp\/v2\/posts"}],"about":[{"href":"https:\/\/www.schiebener.net\/wordpress\/wp-json\/wp\/v2\/types\/post"}],"author":[{"embeddable":true,"href":"https:\/\/www.schiebener.net\/wordpress\/wp-json\/wp\/v2\/users\/4"}],"replies":[{"embeddable":true,"href":"https:\/\/www.schiebener.net\/wordpress\/wp-json\/wp\/v2\/comments?post=4445"}],"version-history":[{"count":0,"href":"https:\/\/www.schiebener.net\/wordpress\/wp-json\/wp\/v2\/posts\/4445\/revisions"}],"wp:attachment":[{"href":"https:\/\/www.schiebener.net\/wordpress\/wp-json\/wp\/v2\/media?parent=4445"}],"wp:term":[{"taxonomy":"category","embeddable":true,"href":"https:\/\/www.schiebener.net\/wordpress\/wp-json\/wp\/v2\/categories?post=4445"},{"taxonomy":"post_tag","embeddable":true,"href":"https:\/\/www.schiebener.net\/wordpress\/wp-json\/wp\/v2\/tags?post=4445"}],"curies":[{"name":"wp","href":"https:\/\/api.w.org\/{rel}","templated":true}]}}