{"id":44426,"date":"2019-07-04T18:10:49","date_gmt":"2019-07-04T17:10:49","guid":{"rendered":"https:\/\/www.schiebener.net\/wordpress\/?p=44426"},"modified":"2019-07-05T06:41:33","modified_gmt":"2019-07-05T05:41:33","slug":"pressekonferenz-von-vcd-und-lokaler-agenda-im-arnsberger-buergerzentrum-entscheidet-die-cdu-morgen-ueber-aus-fuer-das-zukunftsprojekt-roehrtalbahn","status":"publish","type":"post","link":"https:\/\/www.schiebener.net\/wordpress\/pressekonferenz-von-vcd-und-lokaler-agenda-im-arnsberger-buergerzentrum-entscheidet-die-cdu-morgen-ueber-aus-fuer-das-zukunftsprojekt-roehrtalbahn\/","title":{"rendered":"Pressekonferenz von VCD und Lokaler Agenda im Arnsberger B\u00fcrgerzentrum: Entscheidet die CDU morgen \u00fcber Aus f\u00fcr das Zukunftsprojekt R\u00f6hrtalbahn?"},"content":{"rendered":"<figure id=\"attachment_44427\" aria-describedby=\"caption-attachment-44427\" style=\"width: 700px\" class=\"wp-caption aligncenter\"><a href=\"https:\/\/www.schiebener.net\/wordpress\/wp-content\/uploads\/2019\/07\/Pressekonferenz2019070101.jpg\" target=\"_blank\" rel=\"noopener noreferrer\"><img loading=\"lazy\" decoding=\"async\" class=\"wp-image-44427\" src=\"https:\/\/www.schiebener.net\/wordpress\/wp-content\/uploads\/2019\/07\/Pressekonferenz2019070101.jpg\" alt=\"\" width=\"700\" height=\"243\" srcset=\"https:\/\/www.schiebener.net\/wordpress\/wp-content\/uploads\/2019\/07\/Pressekonferenz2019070101.jpg 2048w, https:\/\/www.schiebener.net\/wordpress\/wp-content\/uploads\/2019\/07\/Pressekonferenz2019070101-300x104.jpg 300w, https:\/\/www.schiebener.net\/wordpress\/wp-content\/uploads\/2019\/07\/Pressekonferenz2019070101-768x266.jpg 768w, https:\/\/www.schiebener.net\/wordpress\/wp-content\/uploads\/2019\/07\/Pressekonferenz2019070101-1024x355.jpg 1024w\" sizes=\"auto, (max-width: 709px) 85vw, (max-width: 909px) 67vw, (max-width: 984px) 61vw, (max-width: 1362px) 45vw, 600px\" \/><\/a><figcaption id=\"caption-attachment-44427\" class=\"wp-caption-text\">Pressekonferenz des VCD und der Lokalen Agenda im Arnsberger B\u00fcrgerbahnhof. Von links: B\u00fcrgermeister Ralph Brodel (Sundern), Stadtplanerin Dr. Birgitta Plass, Roland Quentmeier (Gespr\u00e4chsleitung), Stefan Weh (Vorsitzender VCD) und Rainer Fischer (Lokale Agenda 21). Nicht im Bild: Thomas Frye (IHK) (foto: zoom)<\/figcaption><\/figure>\n<p><strong>Auf der Kreistagssitzung am morgigen Freitag k\u00f6nnte es zu einer entscheidenden Abstimmung \u00fcber die Reaktivierung der R\u00f6hrtalbahn kommen. Die CDU m\u00f6chte an Stelle der Bahntrasse einen Radweg bauen und die Reaktivierung der R\u00f6hrtalbahn kippen.<br \/>\n<\/strong><\/p>\n<p>Die CDU beantragt &#8222;die Planung f\u00fcr die Reaktivierung der R\u00f6hrtalbahn zu stoppen, um keine weiteren planerischen Kosten zu verursachen. Die vorhandene Trasse sollte nur noch bis Arnsberg H\u00fcsten Ortsausgang f\u00fcr den Industrieverkehr genutzt werden. Ab Ortsausgang H\u00fcsten soll die Trasse als Radweg umfunktioniert werden.&#8220;<\/p>\n<p>Nicht nur beim Verkehrsclub Deutschland (VCD) und bei der Lokalen Agenda Arnberg 21 hat dieser Vorsto\u00df der CDU Kopfsch\u00fctteln hervorgerufen. Denn in einem aktuellen Antrag der CDU- und FDP-Landtragsfraktionen vom 18. Juni diesen Jahres hei\u00dft es: &#8222;Ein wichtiger Baustein zur St\u00e4rkung des SPNV ist auch die Reaktivierung von stillgelegten Schienenstrecken und Haltepunkten&#8230; Das Potential f\u00fcr SPNV ist in allen Landesteilen gro\u00df.&#8220;<\/p>\n<p>Unter dem Antrag stehe, so Stefan Weh, der Name des Kreisvorsitzenden der HSK-CDU, und mit diesen Aussagen habe er Recht.<\/p>\n<p>In dieser zugespitzten Situation, kurz vor der Abstimmung am Freitag, fand Anfang der Woche eine Pressekonferenz des VCD und weiteren Entscheider*innen aus Politik, Gesellschaft und Wirtschaft statt, um die Argumente der &#8222;R\u00f6hrtalbahn-Bef\u00fcrworter&#8220; zu b\u00fcndeln und in der \u00d6ffentlichkeit bekannter zu machen.<\/p>\n<p><em>(Zu weiteren Details siehe den Rundbrief des VCD und der Lokalen Agenda 21 an die Mitglieder des Kreistags und des Ausschusses f\u00fcr Wirtschaft, Struktur und Tourismus <a href=\"https:\/\/www.schiebener.net\/wordpress\/roehrtalbahn-rundbrief-des-vcd-und-der-lokalen-agenda-21-an-die-mitglieder-des-kreistags-und-des-ausschusses-fuer-wirtschaft-struktur-und-tourismus\/\" target=\"_blank\" rel=\"noopener noreferrer\">hier im Blog<\/a>.)<\/em><\/p>\n<p>B\u00fcrgermeister Ralph Brodel (Sundern), Stadtplanerin Dr. Birgitta Plass (Arnsberg), Roland Quentmeier (Gespr\u00e4chsleitung), Stefan Weh (Vorsitzender VCD-HSK) und Rainer Fischer (Lokale Agenda 21) und Thomas Frye (IHK) setzten sich in ihren Statements aus unterschiedlichen Perspektiven f\u00fcr eine Reaktivierung des Schienenpersonenverkehrs (SPNV) zwischen Neheim-H\u00fcsten und Sundern ein.<\/p>\n<p>Aus den Kreistagsfraktionen waren Vertreter von SPD (Peter Newiger), Gr\u00fcnen (Susanne Ulmke), den Linken (Joachim Blei) und der Sauerl\u00e4nder B\u00fcrgerliste (Reinhard Los) anwesend.<\/p>\n<p><strong>Rainer Fischer (Lokale Agenda)<\/strong> betonte, dass sich im R\u00f6hrtal-Arbeitskreis der Lokalen Agenda 21 seit \u00fcber 15 Jahren Menschen aus Arnsberg und Sundern f\u00fcr den Erhalt der Bahnstrecke und deren Reaktivierung f\u00fcr den Personenverkehr einsetzten.<\/p>\n<p>&#8222;Mit dem Ziel der Reaktivierung einer Bahnstrecke stehen wir nicht alleine im Land&#8220;, so Fischer weiter.\u00a0 Bundesweit seien seit der Bahnreform im Jahr 1994 bereits Bahnstrecken mit einer Gesamtl\u00e4nge von \u00fcber 800 km reaktiviert worden: &#8222;Beispiele aus S\u00fcdwestfalen sind die Strecken zwischen Brilon Wald und Brilon Stadt sowie zwischen L\u00fcdenscheid und Meinerzhagen.&#8220;<\/p>\n<p>Die Notwendigkeit und Umsetzbarkeit eines Radwegs auf der R\u00f6hrtalbahn-Trasse sehe er nicht, schlie\u00dflich gebe es im R\u00f6hrtal bereits einen in das landesweite Radnetz NRW integrierten durchgehenden Radwanderweg. Dazu k\u00e4men Alltags-Radwege zwwischen Neheim-H\u00fcsten und M\u00fcschede und Hachen bis Sundern, an deren Verbesserung sowie L\u00fcckenschl\u00fcssen gearbeitet werde: &#8222;Bei den befestigten Radwegen fehlt nur noch der 1 km lange Abschnitt zwischen Reigern und M\u00fcschede.&#8220;<\/p>\n<p>Wenn aktuell die positiven Ergebnisse der Potentialanalyse der R\u00f6hrtalbahn aus dem Jahr 2011 in Frage gestellt w\u00fcrden, &#8222;m\u00fcssten die Zweifler darlegen, wo denn die methodischen oder rechnerischen Fehler liegen, ansonsten haben die Zweifel keine Basis&#8220;, so Rainer Fischer. Es gebe derzeit sehr gute Chancen f\u00fcr ein sich erg\u00e4nzendes System aus Bahn, Bus und Radweg im R\u00f6hrtal.<\/p>\n<figure id=\"attachment_44351\" aria-describedby=\"caption-attachment-44351\" style=\"width: 700px\" class=\"wp-caption aligncenter\"><a href=\"https:\/\/www.schiebener.net\/wordpress\/wp-content\/uploads\/2019\/06\/R\u00f6hrtalbahnsteig20180630.jpg\" target=\"_blank\" rel=\"noopener noreferrer\"><img loading=\"lazy\" decoding=\"async\" class=\"wp-image-44351\" src=\"https:\/\/www.schiebener.net\/wordpress\/wp-content\/uploads\/2019\/06\/R\u00f6hrtalbahnsteig20180630.jpg\" alt=\"\" width=\"700\" height=\"468\" srcset=\"https:\/\/www.schiebener.net\/wordpress\/wp-content\/uploads\/2019\/06\/R\u00f6hrtalbahnsteig20180630.jpg 1024w, https:\/\/www.schiebener.net\/wordpress\/wp-content\/uploads\/2019\/06\/R\u00f6hrtalbahnsteig20180630-300x200.jpg 300w, https:\/\/www.schiebener.net\/wordpress\/wp-content\/uploads\/2019\/06\/R\u00f6hrtalbahnsteig20180630-768x513.jpg 768w\" sizes=\"auto, (max-width: 709px) 85vw, (max-width: 909px) 67vw, (max-width: 984px) 61vw, (max-width: 1362px) 45vw, 600px\" \/><\/a><figcaption id=\"caption-attachment-44351\" class=\"wp-caption-text\">Der bereits fertig gestellte R\u00f6hrtalbahnsteig 4 im Bahnhof Neheim-H\u00fcsten zeigt. Dort k\u00f6nnen bereits ab 2025 solch hochmoderne Triebwagen nach Sundern fahren, mit direktem \u00dcbergang aus den Z\u00fcgen der Oberen Ruhrtalbahn. (foto: vcd-hsk, Guido Schulte)<\/figcaption><\/figure>\n<p><strong>Stefan Weh vom VCD<\/strong> wies darauf hin, dass die Gelder f\u00fcr R\u00f6hrtalbahn zu Verf\u00fcgung st\u00fcnden. SPNV sei ein Teil der Daseinsvorsorge, die der Staat betreibe, um Infrastrukturen bereitzustellen und unterschiedliche Lebensverh\u00e4ltnisse zwischen Stadt und Land auszugleichen. Um derartige Prozesse sinnvoll zu steuern, verteile der Staat Steuermittel zweckgebunden: &#8222;Die mittlerweile f\u00fcr die R\u00f6hrtalbahn eingeplanten Gelder k\u00f6nnen also nur daf\u00fcr ausgegeben werden &#8211; oder werden in einer anderen Region f\u00fcr die Bahn investiert&#8220;, so der VCD-Vorsitzende. &#8222;Die heimische RLG, die ja zu einem Gro\u00dfteil dem HSK geh\u00f6rt, ginge dann leer aus!&#8220;<\/p>\n<p>Auf die hohe und steigende Verkehrsbelastung im Raum Arnsberg &#8211; Sundern machte <strong>Stadtplanerin Dr. Birgitta Plass<\/strong> aufmerksam: &#8222;In Sto\u00dfzeiten kommen viele Anwohner, beispielsweise aus H\u00fcsten, kaum noch zur Autobahn.&#8220; Die R\u00f6hrtalbahn sei eine Alternative, die Potentialanalyse 2011 eher konservativ gerechnet.<\/p>\n<p>&#8222;Wir brauchen die R\u00f6hrtalbahn f\u00fcr ein Gesamtkonzept.&#8220; , so Dr. Plass. Leider mache der Autoverkehr 70% des Gesamtverkehrs aus. Die Schiene m\u00fcsse gef\u00f6rdert werden. Die Qualit\u00e4t des Busverkehrs werde beibehalten und selbstverst\u00e4ndlich angepasst. Es falle nichts weg. Das Gesamtkonzept beinhalte sowohl Bahn-, Bus als auch Radwege.<\/p>\n<p>Vom Saulus zum Paulus habe er sich gewandelt, er\u00f6ffnete der <strong>Sunderner B\u00fcrgermeister Ralph Brodel<\/strong> sein Pl\u00e4doyer f\u00fcr eine Reaktivierung der R\u00f6hrtalbahn: &#8222;Ich war Gegner des Projekts. Dann habe ich mich intensiv mit der Materie besch\u00e4ftigt.&#8220; Es gehe um die Vernetzung der Verkehrsmittel und die Bahn werde immer wichtiger, gerade was die Anbindung von Sundern betreffe. &#8222;Eine Autobahn bekommen wir nicht mehr. Solche Gro\u00dfprojekte werden in Zukunft nicht mehr realisiert.&#8220;<\/p>\n<p>Es k\u00f6nne nicht um die Frage Bahn oder Radweg gehen, sondern nur um das &#8222;Und&#8220;.\u00a0 Au\u00dferdem: &#8222;Wenn die Bahn entwidmet w\u00fcrde, m\u00fcsste die Strecke ausgeschrieben werden und jemand anderes w\u00fcrde es machen.&#8220;<\/p>\n<p>Auch n\u00fcchtern denkende Menschen aus der Wirtschaft seien f\u00fcr die R\u00f6hrtalbahn. Brodel: &#8222;Wenn wir darauf verzichten, geben wir die Zukunft auf.&#8220;<\/p>\n<p><strong>Thomas Frye<\/strong> von der IHK geht es aus Sicht der Wirtschaft um die Attraktivit\u00e4t des Standortes. Junge Menschen seien nicht mehr so autofixiert. Mit der Bahn nach Sundern? Das gehe zur Zeit eben nicht. Pendlerbewegungen drehten sich teilweise um, wie von Dortmund nach Arnsberg (Trilux), statt Arnsberg-Dortmund.\u00a0 Es gehe nicht Bus gegen Bahn, sondern um Bus mit Bahn. &#8222;Hier wird uns mit der R\u00f6hrtalbahn durch die \u00f6ffentliche Hand eine Infrastruktur serviert.&#8220; S\u00e4mtliche Investitionen und Betriebskosten werden zu 100 Prozent aus \u00d6PNV-Infrastruktur und Regionalisierungsmitteln des Landes NRW finanziert.<\/p>\n<figure id=\"attachment_44432\" aria-describedby=\"caption-attachment-44432\" style=\"width: 700px\" class=\"wp-caption aligncenter\"><a href=\"https:\/\/www.schiebener.net\/wordpress\/wp-content\/uploads\/2019\/07\/Presssekonferenz2019070102.jpg\" target=\"_blank\" rel=\"noopener noreferrer\"><img loading=\"lazy\" decoding=\"async\" class=\"wp-image-44432\" src=\"https:\/\/www.schiebener.net\/wordpress\/wp-content\/uploads\/2019\/07\/Presssekonferenz2019070102.jpg\" alt=\"\" width=\"700\" height=\"305\" srcset=\"https:\/\/www.schiebener.net\/wordpress\/wp-content\/uploads\/2019\/07\/Presssekonferenz2019070102.jpg 2048w, https:\/\/www.schiebener.net\/wordpress\/wp-content\/uploads\/2019\/07\/Presssekonferenz2019070102-300x131.jpg 300w, https:\/\/www.schiebener.net\/wordpress\/wp-content\/uploads\/2019\/07\/Presssekonferenz2019070102-768x334.jpg 768w, https:\/\/www.schiebener.net\/wordpress\/wp-content\/uploads\/2019\/07\/Presssekonferenz2019070102-1024x446.jpg 1024w\" sizes=\"auto, (max-width: 709px) 85vw, (max-width: 909px) 67vw, (max-width: 984px) 61vw, (max-width: 1362px) 45vw, 600px\" \/><\/a><figcaption id=\"caption-attachment-44432\" class=\"wp-caption-text\">Auf diesem Bild links Thoms Frye von der IHK, rechts: Reinhard Loos (SBL), Joachim Blei (LINKE) und Susanne Ulmke (GR\u00dcNE) (foto: zoom)<\/figcaption><\/figure>\n<p><strong>Susanne Ulmke (Gr\u00fcne)<\/strong> fragte sich in der abschlie\u00dfenden Aussprache, warum die CDU mit dem morgigen Antrag ihrem eigenen Zukunftsprogramm widerspreche.<\/p>\n<p><strong>Jochim Blei (Linke)<\/strong> spekulierte, ob die HSK-CDU im Kreistag einfach nicht die Verantwortung f\u00fcr ein bef\u00fcrchtetes Scheitern der R\u00f6hrtalbahn \u00fcbernehmen wolle.<\/p>\n<p><strong>Reinhard Loos (SBL)<\/strong> zitierte einen Kreistagsbeschluss vom 16.12.2011. Damals h\u00e4tte noch Einigkeit mit der CDU bestanden.<\/p>\n<p><strong>Peter Newiger (SPD)<\/strong> bewertete den &#8222;Vorsto\u00df&#8220; der CDU als einen &#8222;Antrag zur Unzeit&#8220;, eine &#8222;klimapolitische Geisterfahrt. &#8222;Die Argumente, die hier genannt wurden sind auch unsere Argumente.&#8220;<\/p>\n<p><em><strong>Die Kreistagssitzung beginnt morgen, am Freitag, den 5. Juli um 15 Uhr im Sitzungssaal &#8222;Sauerland&#8220; (Raum Nr. F1), Kreishaus Meschede.<br \/>\nDer Antrag der CDU-Kreistagsfraktion (siehe oben) wird im \u00f6ffentlichen Teil als Tagesordnungspunkt 7.3 aufgerufen.<\/strong><\/em><\/p>\n<p>&#8212;&#8212;&#8212;&#8212;&#8212;&#8212;&#8212;&#8212;&#8212;&#8212;&#8212;<\/p>\n<p><strong>Alle Artikel zum Thema R\u00f6hrtalbahn im Blog:<\/strong><\/p>\n<p><a href=\"https:\/\/www.schiebener.net\/wordpress\/?s=R\u00f6hrtalbahn\" rel=\"noopener noreferrer\" target=\"_blank\">https:\/\/www.schiebener.net\/wordpress\/?s=R\u00f6hrtalbahn<\/a><\/p>\n","protected":false},"excerpt":{"rendered":"<p>Auf der Kreistagssitzung am morgigen Freitag k\u00f6nnte es zu einer entscheidenden Abstimmung \u00fcber die Reaktivierung der R\u00f6hrtalbahn kommen. Die CDU m\u00f6chte an Stelle der Bahntrasse einen Radweg bauen und die &hellip; <a href=\"https:\/\/www.schiebener.net\/wordpress\/pressekonferenz-von-vcd-und-lokaler-agenda-im-arnsberger-buergerzentrum-entscheidet-die-cdu-morgen-ueber-aus-fuer-das-zukunftsprojekt-roehrtalbahn\/\" class=\"more-link\"><span class=\"screen-reader-text\">\u201ePressekonferenz von VCD und Lokaler Agenda im Arnsberger B\u00fcrgerzentrum: Entscheidet die CDU morgen \u00fcber Aus f\u00fcr das Zukunftsprojekt R\u00f6hrtalbahn?\u201c <\/span>weiterlesen<\/a><\/p>\n","protected":false},"author":3,"featured_media":0,"comment_status":"open","ping_status":"open","sticky":false,"template":"","format":"standard","meta":{"footnotes":""},"categories":[80,549,618,1208],"tags":[5477,8243,931,7834,1492,1426],"class_list":["post-44426","post","type-post","status-publish","format-standard","hentry","category-lokales","category-umwelt","category-verkehr","category-wirtschaft","tag-cdu-hochsauerlandkreis","tag-lokale-agenda","tag-pressekonferenz","tag-radweg","tag-rohrtalbahn","tag-vcd"],"_links":{"self":[{"href":"https:\/\/www.schiebener.net\/wordpress\/wp-json\/wp\/v2\/posts\/44426","targetHints":{"allow":["GET"]}}],"collection":[{"href":"https:\/\/www.schiebener.net\/wordpress\/wp-json\/wp\/v2\/posts"}],"about":[{"href":"https:\/\/www.schiebener.net\/wordpress\/wp-json\/wp\/v2\/types\/post"}],"author":[{"embeddable":true,"href":"https:\/\/www.schiebener.net\/wordpress\/wp-json\/wp\/v2\/users\/3"}],"replies":[{"embeddable":true,"href":"https:\/\/www.schiebener.net\/wordpress\/wp-json\/wp\/v2\/comments?post=44426"}],"version-history":[{"count":0,"href":"https:\/\/www.schiebener.net\/wordpress\/wp-json\/wp\/v2\/posts\/44426\/revisions"}],"wp:attachment":[{"href":"https:\/\/www.schiebener.net\/wordpress\/wp-json\/wp\/v2\/media?parent=44426"}],"wp:term":[{"taxonomy":"category","embeddable":true,"href":"https:\/\/www.schiebener.net\/wordpress\/wp-json\/wp\/v2\/categories?post=44426"},{"taxonomy":"post_tag","embeddable":true,"href":"https:\/\/www.schiebener.net\/wordpress\/wp-json\/wp\/v2\/tags?post=44426"}],"curies":[{"name":"wp","href":"https:\/\/api.w.org\/{rel}","templated":true}]}}