{"id":44385,"date":"2019-06-25T21:03:33","date_gmt":"2019-06-25T20:03:33","guid":{"rendered":"https:\/\/www.schiebener.net\/wordpress\/?p=44385"},"modified":"2019-06-25T21:03:33","modified_gmt":"2019-06-25T20:03:33","slug":"dirk-wiese-laedt-zur-digitalen-sprechstunde","status":"publish","type":"post","link":"https:\/\/www.schiebener.net\/wordpress\/dirk-wiese-laedt-zur-digitalen-sprechstunde\/","title":{"rendered":"Dirk Wiese l\u00e4dt zur digitalen Sprechstunde"},"content":{"rendered":"<figure id=\"attachment_44386\" aria-describedby=\"caption-attachment-44386\" style=\"width: 700px\" class=\"wp-caption aligncenter\"><img loading=\"lazy\" decoding=\"async\" class=\"wp-image-44386\" src=\"https:\/\/www.schiebener.net\/wordpress\/wp-content\/uploads\/2019\/06\/DWGlas.jpg\" alt=\"\" width=\"700\" height=\"467\" srcset=\"https:\/\/www.schiebener.net\/wordpress\/wp-content\/uploads\/2019\/06\/DWGlas.jpg 1024w, https:\/\/www.schiebener.net\/wordpress\/wp-content\/uploads\/2019\/06\/DWGlas-300x200.jpg 300w, https:\/\/www.schiebener.net\/wordpress\/wp-content\/uploads\/2019\/06\/DWGlas-768x512.jpg 768w\" sizes=\"auto, (max-width: 709px) 85vw, (max-width: 909px) 67vw, (max-width: 984px) 61vw, (max-width: 1362px) 45vw, 600px\" \/><figcaption id=\"caption-attachment-44386\" class=\"wp-caption-text\">L\u00e4dt zur digitalen Sprechstunde: Dirk Wiese (Bild: SPD)<\/figcaption><\/figure>\n<p><strong>Der heimische SPD-Bundestagsabgeordnete Dirk Wiese l\u00e4dt am 02. Juli 2019 in der Zeit von 9:30 Uhr bis 11:30 Uhr zu einer digitalen B\u00fcrgersprechstunde ein.<\/strong><\/p>\n<p><em>(Pressemitteilung der SPD)<\/em><\/p>\n<p>In diesem Zeitraum k\u00f6nnen sich interessierte B\u00fcrgerinnen und B\u00fcrger mit Fragen, Kritik und Anregungen \u00fcber <a href=\"http:\/\/www.dirkwiese.de\" target=\"_blank\" rel=\"noopener noreferrer\">www.dirkwiese.de<\/a> in die Sprechstunde einloggen.<\/p>\n<p>\u201eEs ist mein Angebot, um neben den regul\u00e4ren B\u00fcrgersprechstunden mit noch mehr B\u00fcrgerinnen und B\u00fcrgern im Sauerland ins Gespr\u00e4ch zu kommen. Dabei haben Sie die M\u00f6glichkeit mit mir in einem \u00f6ffentlichen Chat ganz bequem von zu Hause aus oder mit dem Smartphone zu diskutieren.\u201c, so Dirk Wiese.<\/p>\n<p>Weitere Informationen zur Arbeit von Dirk Wiese unter <a href=\"http:\/\/www.dirkwiese.de\" target=\"_blank\" rel=\"noopener noreferrer\">www.dirkwiese.de<\/a> oder bei Facebook unter <a href=\"http:\/\/www.facebook.de\/dirkwiesespd\" target=\"_blank\" rel=\"noopener noreferrer\">www.facebook.de\/dirkwiesespd<\/a>.<\/p>\n","protected":false},"excerpt":{"rendered":"<p>Der heimische SPD-Bundestagsabgeordnete Dirk Wiese l\u00e4dt am 02. Juli 2019 in der Zeit von 9:30 Uhr bis 11:30 Uhr zu einer digitalen B\u00fcrgersprechstunde ein. (Pressemitteilung der SPD) In diesem Zeitraum &hellip; <a href=\"https:\/\/www.schiebener.net\/wordpress\/dirk-wiese-laedt-zur-digitalen-sprechstunde\/\" class=\"more-link\"><span class=\"screen-reader-text\">\u201eDirk Wiese l\u00e4dt zur digitalen Sprechstunde\u201c <\/span>weiterlesen<\/a><\/p>\n","protected":false},"author":17,"featured_media":0,"comment_status":"open","ping_status":"open","sticky":false,"template":"","format":"standard","meta":{"footnotes":""},"categories":[303,80,24,1043],"tags":[3104,655,6968],"class_list":["post-44385","post","type-post","status-publish","format-standard","hentry","category-in-unserem-briefkasten","category-lokales","category-politik","category-pressemitteilungen","tag-dirk-wiese","tag-pressemitteilung","tag-sprechstunde"],"_links":{"self":[{"href":"https:\/\/www.schiebener.net\/wordpress\/wp-json\/wp\/v2\/posts\/44385","targetHints":{"allow":["GET"]}}],"collection":[{"href":"https:\/\/www.schiebener.net\/wordpress\/wp-json\/wp\/v2\/posts"}],"about":[{"href":"https:\/\/www.schiebener.net\/wordpress\/wp-json\/wp\/v2\/types\/post"}],"author":[{"embeddable":true,"href":"https:\/\/www.schiebener.net\/wordpress\/wp-json\/wp\/v2\/users\/17"}],"replies":[{"embeddable":true,"href":"https:\/\/www.schiebener.net\/wordpress\/wp-json\/wp\/v2\/comments?post=44385"}],"version-history":[{"count":0,"href":"https:\/\/www.schiebener.net\/wordpress\/wp-json\/wp\/v2\/posts\/44385\/revisions"}],"wp:attachment":[{"href":"https:\/\/www.schiebener.net\/wordpress\/wp-json\/wp\/v2\/media?parent=44385"}],"wp:term":[{"taxonomy":"category","embeddable":true,"href":"https:\/\/www.schiebener.net\/wordpress\/wp-json\/wp\/v2\/categories?post=44385"},{"taxonomy":"post_tag","embeddable":true,"href":"https:\/\/www.schiebener.net\/wordpress\/wp-json\/wp\/v2\/tags?post=44385"}],"curies":[{"name":"wp","href":"https:\/\/api.w.org\/{rel}","templated":true}]}}