{"id":44373,"date":"2019-06-22T22:48:56","date_gmt":"2019-06-22T21:48:56","guid":{"rendered":"https:\/\/www.schiebener.net\/wordpress\/?p=44373"},"modified":"2019-06-22T22:49:37","modified_gmt":"2019-06-22T21:49:37","slug":"1-hallenberger-musical-night-am-3-august-2019-sechs-musical-stars-auf-der-freilichtbuehne-hallenberg","status":"publish","type":"post","link":"https:\/\/www.schiebener.net\/wordpress\/1-hallenberger-musical-night-am-3-august-2019-sechs-musical-stars-auf-der-freilichtbuehne-hallenberg\/","title":{"rendered":"1. Hallenberger Musical Night am 3. August 2019: Sechs Musical-Stars auf der Freilichtb\u00fchne Hallenberg"},"content":{"rendered":"<p><a href=\"https:\/\/www.schiebener.net\/wordpress\/wp-content\/uploads\/2019\/06\/PlakatMusicalNight20190803.jpg\" target=\"_blank\" rel=\"noopener noreferrer\"><img loading=\"lazy\" decoding=\"async\" class=\"aligncenter wp-image-44374\" src=\"https:\/\/www.schiebener.net\/wordpress\/wp-content\/uploads\/2019\/06\/PlakatMusicalNight20190803.jpg\" alt=\"\" width=\"700\" height=\"987\" srcset=\"https:\/\/www.schiebener.net\/wordpress\/wp-content\/uploads\/2019\/06\/PlakatMusicalNight20190803.jpg 1024w, https:\/\/www.schiebener.net\/wordpress\/wp-content\/uploads\/2019\/06\/PlakatMusicalNight20190803-213x300.jpg 213w, https:\/\/www.schiebener.net\/wordpress\/wp-content\/uploads\/2019\/06\/PlakatMusicalNight20190803-768x1084.jpg 768w, https:\/\/www.schiebener.net\/wordpress\/wp-content\/uploads\/2019\/06\/PlakatMusicalNight20190803-726x1024.jpg 726w\" sizes=\"auto, (max-width: 709px) 85vw, (max-width: 909px) 67vw, (max-width: 984px) 61vw, (max-width: 1362px) 45vw, 600px\" \/><\/a><strong>In diesem Sommer jagt ein Highlight das andere \u2013 neben der Weltpremiere des Musicals \u201eKohlhiesels T\u00f6chter\u201c, das auf dem Sommerspielplan der Freilichtb\u00fchne steht und der eigens f\u00fcr die B\u00fchne verfassten Version von \u201ePeter Pan\u201c, steht eine weitere Premiere an:<\/strong><\/p>\n<p><strong>Am 03. August 2019 ab 19.30 Uhr hei\u00dft es zum ersten Mal: Willkommen zur 1. HALLENBERGER MUSICAL NIGHT<\/strong><\/p>\n<p><em>(Pressemitteilung der Stadt Hallenberg)<\/em><\/p>\n<p>Die Stadt Hallenberg, allen voran B\u00fcrgermeister Michael Kronauge, hat sich mit dem Initiator und Ideengeber dieser Gala, dem Regisseur der Freilichtb\u00fchne Hallenberg, Florian Hinxlage, zusammen getan und in Kooperation mit der Freilichtb\u00fchne darf man absolut gespannt sein, was sich Veranstalter und Initiator ausgedacht haben, um das Publikum zu verzaubern und zu beeindrucken. Eines ist sicher: G\u00e4nsehautmomente und gro\u00dfartige Stimmen sind vorprogrammiert und garantiert!<\/p>\n<p>Der im Landkreis Vechta in Niedersachsen beheimatete Musical-Darsteller, Regisseur, Initiator und k\u00fcnstlerische Leiter der Gala, Florian Hinxlage, und die Stadt Hallenberg als Veranstalter, laden nach dem erfolgreichen und ausverkauften Weihnachtskonzert \u201eFlo &amp; Friends\u201c die absolute Musical-Elite nach Hallenberg ein. \u201eWir planen bereits seit einigen Monaten intensiv an Abl\u00e4ufen und Inhalten des Programms und vor allem an einer \u201eder Premiere entsprechenden Besetzung\u201c, so Hinxlage, der voller Stolz mit dem Team der Stadt Hallenberg die internationale Musical-Elite nach Hallenberg gelockt hat.<\/p>\n<p>An der Seite des auch als Solist fungierenden <strong>Florian Hinxlage<\/strong>, der u.a. die Titelrollen in \u201eMozart!\u201c und \u201eJesus Christ Superstar\u201c verk\u00f6rperte, erleben Sie am 03. August 2019 live auf der Freilichtb\u00fchne Hallenberg:<\/p>\n<p><strong>Lucy Scherer<\/strong>, die bereits das Publikum beim Weihnachtskonzert mit ihrer engelsgleichen Stimme verzauberte (u.a. bekannt aus Wicked und Tanz der Vampire), <strong>Chris Murray<\/strong>, der stimmgewaltige S\u00e4nger, der bereits alle gro\u00dfen Partien in Musicals wie Les Miserables, Jesus Christ Superstar oder Dracula singen durfte, <strong>Brigitte Oelke<\/strong>, die bekannt ist als DIE Killer Queen aus dem Erfolgsmusical \u201eWe will rock you\u201c, oder die Grand Dame Norma Desmond im Musical \u201eSunset Boulevard.\u201c. Wir begr\u00fc\u00dfen unseren Weltenbummler, <strong>Andreas Wolfram<\/strong>, ein international angesehener Musical-Star, der bereits als Electra in \u201eStarlight Express\u201c, Frank N. Furter in der \u201eRocky Horror Show\u201c oder als Graf Dracula im gleichnamigen Musical die B\u00fchnen eroberte.<\/p>\n<p>Und erleben Sie an diesem Abend einen ganz besonderen Gast, <strong>Patricia Meeden<\/strong>, eine der charismatischsten Vollblut-S\u00e4ngerinnen des Musicals, die mit ihrer humorvollen Art und ihrer Wahnsinnsstimme das Publikum in ihren Bann ziehen wird. Sie kennen sie aus dem TV-Format \u201eThe Voice of Germany\u201c, oder aber aus den Musicals \u201eBodyguard\u201c, wo sie die Titelpartie, die Whitney Houston einst sang, verk\u00f6rpert, aber sicher auch aus den Musicals \u201eJesus Christ Superstar\u201c, \u201eAIDA\u201c oder \u201eSister Act\u201c.<\/p>\n<p>Ein besonderes Highlight der 1. Hallenberger Musical Night ist nicht nur, dass eigens f\u00fcr das Konzert Background-S\u00e4nger engagiert wurden, allen voran die Choreographin der Freilichtb\u00fchne <strong>Jessica Kr\u00fcger<\/strong>. Auch <strong>Stefan Wurz<\/strong>, bekannt als musikalischer Leiter der Freilichtb\u00fchne, wird mit von der Partie sein. Dazu hat er sich seine gesamte Band mitgebracht und er wird die 9 k\u00f6pfige Hallenberger Musical Band als musikalischer Leiter anf\u00fchren.<\/p>\n<p>Ein gro\u00dfer Support wird bei der Durchf\u00fchrung dieses Konzerts von der <strong>Freilichtb\u00fchne Hallenberg<\/strong> geleistet. Nicht nur bei der Unterst\u00fctzung der Solisten, sondern auch in Hinblick auf technischen Support, Parkplatzeinweisung und vielen vielen Dingen, die im Hintergrund geschehen. Nur durch die Zusammenarbeit von B\u00fchne, K\u00fcnstlern und dem Team der Stadt Hallenberg, ist eine Umsetzung in dieser Gr\u00f6\u00dfenordnung \u00fcberhaupt erst m\u00f6glich!<\/p>\n<p>\u201eWir hoffen nat\u00fcrlich auf gutes Wetter und ein volles Haus\u201c, so B\u00fcrgermeister Kronauge.<\/p>\n<p>Das Konzert auf der Freilichtb\u00fchne Hallenberg besticht besonders durch das Ambiente der gro\u00dfen Naturb\u00fchne mit angenehmer N\u00e4he zum Publikum, nat\u00fcrlich aber auch durch die Solisten und all ihre k\u00fcnstlerische Hingabe, den Charme der Umgebung und der Aufmachung der Freilichtb\u00fchne, die absolut professionelle technische Ausstattung und eben 6 der bekanntesten und beliebtesten Musical-Stimmen aus dem deutschsprachigen Raum.<\/p>\n<p>\u201eWir wollen uns ja nicht lumpen lassen und haben die bekanntesten und sch\u00f6nsten Musical-Melodien im Gep\u00e4ck, geizen aber auch nicht mit frischen, neuen Kl\u00e4ngen aus Musicals, die vielleicht noch nicht in aller Munde sind. Klar ist: Es ist wirklich f\u00fcr jeden was dabei!\u201c, verspricht Florian Hinxlage, der derzeit an der k\u00fcnstlerischen Organisation, dem Programm und den Abl\u00e4ufen feilt.<\/p>\n<p><strong>Die Tickets gibt es f\u00fcr 35 \u20ac bei freier Platzwahl (Einlass ab 18.00 Uhr).<\/strong><br \/>\n(Erm\u00e4\u00dfigter Eintritt f\u00fcr Sch\u00fcler, Studenten sowie Schwerbehinderte ab 50 %: 29 \u20ac)<br \/>\nSie sind direkt erh\u00e4ltlich in der Touristik Hallenberg, Petrusstr. 2 in 59969 Hallenberg, per <strong>Tickethotline unter 02984-8203<\/strong> oder per E-Mail an <strong><a href=\"mailto:ticketverkauf@stadt-hallenberg.de\" target=\"_blank\" rel=\"noopener noreferrer\">ticketverkauf@stadt-hallenberg.de<\/a><\/strong><\/p>\n<p>&#8212;&#8212;&#8212;&#8212;&#8212;&#8212;&#8212;&#8212;&#8212;&#8212;&#8212;<\/p>\n<p><em><strong>Alle wichtigen Infos gibt es unter:<\/strong> <\/em><\/p>\n<p><a href=\"http:\/\/www.facebook.com\/hallenbergermusicalnight\" target=\"_blank\" rel=\"noopener noreferrer\">www.facebook.com\/hallenbergermusicalnight<\/a><\/p>\n<p><a href=\"http:\/\/www.stadt-hallenberg.de\" target=\"_blank\" rel=\"noopener noreferrer\">www.stadt-hallenberg.de<\/a><\/p>\n","protected":false},"excerpt":{"rendered":"<p>In diesem Sommer jagt ein Highlight das andere \u2013 neben der Weltpremiere des Musicals \u201eKohlhiesels T\u00f6chter\u201c, das auf dem Sommerspielplan der Freilichtb\u00fchne steht und der eigens f\u00fcr die B\u00fchne verfassten &hellip; <a href=\"https:\/\/www.schiebener.net\/wordpress\/1-hallenberger-musical-night-am-3-august-2019-sechs-musical-stars-auf-der-freilichtbuehne-hallenberg\/\" class=\"more-link\"><span class=\"screen-reader-text\">\u201e1. Hallenberger Musical Night am 3. August 2019: Sechs Musical-Stars auf der Freilichtb\u00fchne Hallenberg\u201c <\/span>weiterlesen<\/a><\/p>\n","protected":false},"author":17,"featured_media":0,"comment_status":"open","ping_status":"open","sticky":false,"template":"","format":"standard","meta":{"footnotes":""},"categories":[303,674,80,27,1043],"tags":[8226,7855,8227,655],"class_list":["post-44373","post","type-post","status-publish","format-standard","hentry","category-in-unserem-briefkasten","category-kultur","category-lokales","category-musik","category-pressemitteilungen","tag-1-hallenberger-musical-night","tag-florian-hinxlage","tag-freilichtbuehne-hallenberg","tag-pressemitteilung"],"_links":{"self":[{"href":"https:\/\/www.schiebener.net\/wordpress\/wp-json\/wp\/v2\/posts\/44373","targetHints":{"allow":["GET"]}}],"collection":[{"href":"https:\/\/www.schiebener.net\/wordpress\/wp-json\/wp\/v2\/posts"}],"about":[{"href":"https:\/\/www.schiebener.net\/wordpress\/wp-json\/wp\/v2\/types\/post"}],"author":[{"embeddable":true,"href":"https:\/\/www.schiebener.net\/wordpress\/wp-json\/wp\/v2\/users\/17"}],"replies":[{"embeddable":true,"href":"https:\/\/www.schiebener.net\/wordpress\/wp-json\/wp\/v2\/comments?post=44373"}],"version-history":[{"count":0,"href":"https:\/\/www.schiebener.net\/wordpress\/wp-json\/wp\/v2\/posts\/44373\/revisions"}],"wp:attachment":[{"href":"https:\/\/www.schiebener.net\/wordpress\/wp-json\/wp\/v2\/media?parent=44373"}],"wp:term":[{"taxonomy":"category","embeddable":true,"href":"https:\/\/www.schiebener.net\/wordpress\/wp-json\/wp\/v2\/categories?post=44373"},{"taxonomy":"post_tag","embeddable":true,"href":"https:\/\/www.schiebener.net\/wordpress\/wp-json\/wp\/v2\/tags?post=44373"}],"curies":[{"name":"wp","href":"https:\/\/api.w.org\/{rel}","templated":true}]}}