{"id":44363,"date":"2019-06-22T00:34:27","date_gmt":"2019-06-21T23:34:27","guid":{"rendered":"https:\/\/www.schiebener.net\/wordpress\/?p=44363"},"modified":"2019-06-22T09:01:42","modified_gmt":"2019-06-22T08:01:42","slug":"blick-aus-dem-fenster-der-laengste-tag-des-jahres-in-siedlinghausen-um-2224-uhr-wie-traurig","status":"publish","type":"post","link":"https:\/\/www.schiebener.net\/wordpress\/blick-aus-dem-fenster-der-laengste-tag-des-jahres-in-siedlinghausen-um-2224-uhr-wie-traurig\/","title":{"rendered":"Blick aus dem Fenster: Der l\u00e4ngste Tag des Jahres in Siedlinghausen um 22:24 Uhr &#8211; wie traurig :-("},"content":{"rendered":"<figure id=\"attachment_44364\" aria-describedby=\"caption-attachment-44364\" style=\"width: 700px\" class=\"wp-caption aligncenter\"><a href=\"https:\/\/www.schiebener.net\/wordpress\/wp-content\/uploads\/2019\/06\/Sommersonnenwende201906212224.jpg\" target=\"_blank\" rel=\"noopener noreferrer\"><img loading=\"lazy\" decoding=\"async\" class=\"wp-image-44364\" src=\"https:\/\/www.schiebener.net\/wordpress\/wp-content\/uploads\/2019\/06\/Sommersonnenwende201906212224.jpg\" alt=\"\" width=\"700\" height=\"467\" srcset=\"https:\/\/www.schiebener.net\/wordpress\/wp-content\/uploads\/2019\/06\/Sommersonnenwende201906212224.jpg 2048w, https:\/\/www.schiebener.net\/wordpress\/wp-content\/uploads\/2019\/06\/Sommersonnenwende201906212224-300x200.jpg 300w, https:\/\/www.schiebener.net\/wordpress\/wp-content\/uploads\/2019\/06\/Sommersonnenwende201906212224-768x512.jpg 768w, https:\/\/www.schiebener.net\/wordpress\/wp-content\/uploads\/2019\/06\/Sommersonnenwende201906212224-1024x683.jpg 1024w\" sizes=\"auto, (max-width: 709px) 85vw, (max-width: 909px) 67vw, (max-width: 984px) 61vw, (max-width: 1362px) 45vw, 600px\" \/><\/a><figcaption id=\"caption-attachment-44364\" class=\"wp-caption-text\">Der l\u00e4ngste Tag ist beendet, die k\u00fcrzeste Nacht des Jahres 2019 hat begonnen. (foto: zoom)<\/figcaption><\/figure>\n<p><strong>Die Kamera hatte ich heute schon weggepackt (&#8222;Das Licht reicht nicht mehr&#8230;&#8220;), wurde aber nach Sonnenuntergang von der Familie noch einmal auf den Balkon gepeitscht (&#8222;Selbst das Smartphone macht noch Bilder &#8230;&#8220;).<\/strong><\/p>\n<p>Der Stein des Ansto\u00dfes \/ der Aufregung \/ der Diskussion war um 22:15 &#8222;die Wolke&#8220; \u00fcber dem K\u00e4ppelchen.<\/p>\n<p>Mit einer Verschlusszeit von 1\/5 Sekunde aus der Hand, Blende 3,2, Brennweite 35 mm und 3200 ISO ist das Abschiedsbild vom l\u00e4ngsten Tag des Jahres 2019 entstanden.<\/p>\n<p>Jetzt geht es wieder bergab. Merkw\u00fcrdig schnell. Gerade eben noch die Tag-Nacht-Gleiche und urpl\u00f6tzlich dieser Kipppunkt in die aufsteigende Dunkelheit.<\/p>\n<p>Dann der Herbst, dann der Winter, dann 2020; und wieder ist die Zeit zwischen den Tagen verronnen.<\/p>\n<p>Oder hat sie jemand gestohlen?<\/p>\n<p>Nun ja, wenn du 10 Jahre alt bist, z\u00e4hlt ein Jahr 1\/10 deines Lebens, bist du 20 ist es 1\/20, &#8230; usw.<\/p>\n<p>F\u00fcr ein Kind verrinnt die Zeit allein rechnerisch f\u00fcnfmal langsamer als f\u00fcr bspw. einen 50-j\u00e4hrigen, sechsmal langsamer als f\u00fcr einen 60-j\u00e4hrigen.<\/p>\n<p>Subjektive Relativit\u00e4t oder relative Subjektivit\u00e4t?<\/p>\n<p>Egal &#8211; ab morgen wird getrauert.<\/p>\n<p>&nbsp;<\/p>\n","protected":false},"excerpt":{"rendered":"<p>Die Kamera hatte ich heute schon weggepackt (&#8222;Das Licht reicht nicht mehr&#8230;&#8220;), wurde aber nach Sonnenuntergang von der Familie noch einmal auf den Balkon gepeitscht (&#8222;Selbst das Smartphone macht noch &hellip; <a href=\"https:\/\/www.schiebener.net\/wordpress\/blick-aus-dem-fenster-der-laengste-tag-des-jahres-in-siedlinghausen-um-2224-uhr-wie-traurig\/\" class=\"more-link\"><span class=\"screen-reader-text\">\u201eBlick aus dem Fenster: Der l\u00e4ngste Tag des Jahres in Siedlinghausen um 22:24 Uhr &#8211; wie traurig :-(\u201c <\/span>weiterlesen<\/a><\/p>\n","protected":false},"author":3,"featured_media":0,"comment_status":"open","ping_status":"open","sticky":false,"template":"","format":"standard","meta":{"footnotes":""},"categories":[174,6],"tags":[8204,111,8225],"class_list":["post-44363","post","type-post","status-publish","format-standard","hentry","category-dit-und-dat","category-kalenderblatt","tag-21-juni-2019","tag-siedlinghausen","tag-sommersonnenwende-2019"],"_links":{"self":[{"href":"https:\/\/www.schiebener.net\/wordpress\/wp-json\/wp\/v2\/posts\/44363","targetHints":{"allow":["GET"]}}],"collection":[{"href":"https:\/\/www.schiebener.net\/wordpress\/wp-json\/wp\/v2\/posts"}],"about":[{"href":"https:\/\/www.schiebener.net\/wordpress\/wp-json\/wp\/v2\/types\/post"}],"author":[{"embeddable":true,"href":"https:\/\/www.schiebener.net\/wordpress\/wp-json\/wp\/v2\/users\/3"}],"replies":[{"embeddable":true,"href":"https:\/\/www.schiebener.net\/wordpress\/wp-json\/wp\/v2\/comments?post=44363"}],"version-history":[{"count":0,"href":"https:\/\/www.schiebener.net\/wordpress\/wp-json\/wp\/v2\/posts\/44363\/revisions"}],"wp:attachment":[{"href":"https:\/\/www.schiebener.net\/wordpress\/wp-json\/wp\/v2\/media?parent=44363"}],"wp:term":[{"taxonomy":"category","embeddable":true,"href":"https:\/\/www.schiebener.net\/wordpress\/wp-json\/wp\/v2\/categories?post=44363"},{"taxonomy":"post_tag","embeddable":true,"href":"https:\/\/www.schiebener.net\/wordpress\/wp-json\/wp\/v2\/tags?post=44363"}],"curies":[{"name":"wp","href":"https:\/\/api.w.org\/{rel}","templated":true}]}}