{"id":4435,"date":"2009-08-24T19:20:46","date_gmt":"2009-08-24T17:20:46","guid":{"rendered":"http:\/\/www.schiebener.net\/wordpress\/?p=4435"},"modified":"2009-08-24T21:47:04","modified_gmt":"2009-08-24T19:47:04","slug":"westfalenpost-journalistischer-gau-der-wunsch-war-der-vater-des-gedanken","status":"publish","type":"post","link":"https:\/\/www.schiebener.net\/wordpress\/westfalenpost-journalistischer-gau-der-wunsch-war-der-vater-des-gedanken\/","title":{"rendered":"Westfalenpost: journalistischer GAU &#8211; der Wunsch war der Vater des Gedanken"},"content":{"rendered":"<p>Am Samstag habe ich <a href=\"http:\/\/www.schiebener.net\/wordpress\/?p=4405\" target=\"_blank\">hier im Blog<\/a> einen <a href=\"http:\/\/www.derwesten.de\/nachrichten\/wp\/2009\/8\/22\/news-130152832\/detail.html\" target=\"_blank\">miserablen Artikel in der Westfalenpost<\/a> lakonisch abgehandelt, da mir die handwerkliche St\u00fcmperei allzu offensichtlich war.<\/p>\n<p>Zur Erinnerung: In <a href=\"http:\/\/www.derwesten.de\/nachrichten\/wp\/2009\/8\/22\/news-130152832\/detail.html\" target=\"_blank\">seinem Artikel mit der Schlagzeile &#8222;Drei Viertel der Eltern loben achtj\u00e4hriges Gymnasium&#8220;<\/a> schreibt (behauptet!) der Autor Wilfried Goebels unter anderem:<\/p>\n<p>&#8222;D\u00fcsseldorf. Das \u00e2\u20ac\u017eG8&#8243;-Gymnasium ist nach Ansicht von Lehrern, Gewerkschaften, Eltern und Ministerium in NRW ein Erfolgsmodell &#8211; trotz einiger \u00e2\u20ac\u017eGeburtswehen&#8220; und anf\u00e4nglicher Beschwerden. Doch manche Probleme bleiben: teure Schulb\u00fccher, fehlende Mensen und Nachteile f\u00fcr Real- und Hauptsch\u00fcler.<\/p>\n<p>75 Prozent der Eltern begr\u00fc\u00dften den um ein Jahr verk\u00fcrzten Bildungsgang, betont die Landeselternschaft. Weil Eltern ein \u00e2\u20ac\u017eGymnasium zweiter Klasse\u00e2\u20ac\u009d vermeiden wollen, lehnen sie die Wahlfreiheit zwischen acht und neun Schuljahren ab &#8230;&#8220;<\/p>\n<h3 class=\"mceTemp mceIEcenter\">\n<dl id=\"attachment_4436\" class=\"wp-caption aligncenter\" style=\"width: 490px;\">\n<dt class=\"wp-caption-dt\"><img loading=\"lazy\" decoding=\"async\" class=\"size-full wp-image-4436\" title=\"Info des Vereins Landeselternschaft\" src=\"http:\/\/www.schiebener.net\/wordpress\/wp-content\/uploads\/2009\/08\/landeseltern01.jpg\" alt=\"Info des Vereins &quot;Landeselternschaft der Gymnasium&quot;\" width=\"480\" height=\"360\" srcset=\"https:\/\/www.schiebener.net\/wordpress\/wp-content\/uploads\/2009\/08\/landeseltern01.jpg 480w, https:\/\/www.schiebener.net\/wordpress\/wp-content\/uploads\/2009\/08\/landeseltern01-300x225.jpg 300w\" sizes=\"auto, (max-width: 480px) 85vw, 480px\" \/><\/dt>\n<dd class=\"wp-caption-dd\">Info des Vereins &#8222;Landeselternschaft der Gymnasium&#8220;<\/dd>\n<\/dl>\n<\/h3>\n<p>Heute liegt die Brosch\u00fcre der Landeselternschaft vor mir. Auf der ersten Seite lese ich (Hervorhebungen von mir):<\/p>\n<p>&#8222;Dennoch haben sich <strong>drei Viertel der Eltern auf unserer Fr\u00fchjahrsmitgliedersammlung<\/strong> (Anmerkung zoom: das steht da wirklich so!) 2009 f\u00fcr die Fortsetzung der Schulzeitverk\u00fcrzung ausgesprochen. Dieses Ergebnis entspricht auch einer im <strong>Vorfeld durchgef\u00fchrten Meinungsumfrage unter unseren Mitgliedern<\/strong>.&#8220;<\/p>\n<p>Ich stelle fest: Ein e.V, ein eingetragener Verein, denn das ist die <a href=\"http:\/\/www.le-gymnasien-nrw.de\/\" target=\"_blank\">Landeselternschaft der Gymnasien<\/a>, veranstaltet eine Fr\u00fchjahrsmitgliederversammlung und befragt die dort Anwesenden. Au\u00dferdem hat der Verein im Vorfeld seine Mitglieder befragt. Ich brauche jetzt noch nicht einmal zu wissen, wie viele Mitglieder sich \u00fcberhaupt ge\u00e4u\u00dfert haben, um sicher zu sein, dass ich daraus nicht die generalisierende Teilbehauptung &#8222;&#8230; ist nach Ansicht von &#8230; Eltern &#8230;ein Erfolgsmodell&#8220; (s.o.) folgern darf.<\/p>\n<p>Weiterhin: Ein Verein ist ein Verein und keine gew\u00e4hlt Vertretung der schulischen \u00d6ffentlichkeit.<\/p>\n<p>Jeder, der Kinder in der Schule hat, wei\u00df: W\u00e4hlen kann ich die <a href=\"http:\/\/www.schulministerium.nrw.de\/Schulgesetz\/paragraph.jsp?paragraph=73\" target=\"_blank\">Klassenpflegschaftsvorsitzenden<\/a>, und\u00a0 diese w\u00e4hlen dann die <a href=\"http:\/\/www.schulministerium.nrw.de\/Schulgesetz\/paragraph.jsp?paragraph=72\" target=\"_blank\">Schulpflegschaftsvorsitzenden<\/a> und das war es dann.<\/p>\n<p>Mit Artikeln wie diesem versch\u00e4rft die Westfalenpost die Krise der WAZ-Bl\u00e4tter durch Inkompetenz bzw. manipulative Berichte.<\/p>\n<p>Der Wunsch des Autors war anscheinend der Vater seiner Gedanken, die ihn nicht den Widerspruch zur Wirklichkeit sp\u00fcren lie\u00dfen. Schade, denn mit Dissonanzen beginnt der gute Journalismus.<\/p>\n","protected":false},"excerpt":{"rendered":"<p>Am Samstag habe ich hier im Blog einen miserablen Artikel in der Westfalenpost lakonisch abgehandelt, da mir die handwerkliche St\u00fcmperei allzu offensichtlich war. Zur Erinnerung: In seinem Artikel mit der &hellip; <a href=\"https:\/\/www.schiebener.net\/wordpress\/westfalenpost-journalistischer-gau-der-wunsch-war-der-vater-des-gedanken\/\" class=\"more-link\"><span class=\"screen-reader-text\">\u201eWestfalenpost: journalistischer GAU &#8211; der Wunsch war der Vater des Gedanken\u201c <\/span>weiterlesen<\/a><\/p>\n","protected":false},"author":3,"featured_media":0,"comment_status":"open","ping_status":"open","sticky":false,"template":"","format":"standard","meta":{"footnotes":""},"categories":[3],"tags":[733,380,732],"class_list":["post-4435","post","type-post","status-publish","format-standard","hentry","category-bildung-und-schule","tag-landeselternschaft","tag-waz-krise","tag-wesfalenpost"],"_links":{"self":[{"href":"https:\/\/www.schiebener.net\/wordpress\/wp-json\/wp\/v2\/posts\/4435","targetHints":{"allow":["GET"]}}],"collection":[{"href":"https:\/\/www.schiebener.net\/wordpress\/wp-json\/wp\/v2\/posts"}],"about":[{"href":"https:\/\/www.schiebener.net\/wordpress\/wp-json\/wp\/v2\/types\/post"}],"author":[{"embeddable":true,"href":"https:\/\/www.schiebener.net\/wordpress\/wp-json\/wp\/v2\/users\/3"}],"replies":[{"embeddable":true,"href":"https:\/\/www.schiebener.net\/wordpress\/wp-json\/wp\/v2\/comments?post=4435"}],"version-history":[{"count":0,"href":"https:\/\/www.schiebener.net\/wordpress\/wp-json\/wp\/v2\/posts\/4435\/revisions"}],"wp:attachment":[{"href":"https:\/\/www.schiebener.net\/wordpress\/wp-json\/wp\/v2\/media?parent=4435"}],"wp:term":[{"taxonomy":"category","embeddable":true,"href":"https:\/\/www.schiebener.net\/wordpress\/wp-json\/wp\/v2\/categories?post=4435"},{"taxonomy":"post_tag","embeddable":true,"href":"https:\/\/www.schiebener.net\/wordpress\/wp-json\/wp\/v2\/tags?post=4435"}],"curies":[{"name":"wp","href":"https:\/\/api.w.org\/{rel}","templated":true}]}}