{"id":44295,"date":"2019-06-10T22:52:52","date_gmt":"2019-06-10T21:52:52","guid":{"rendered":"https:\/\/www.schiebener.net\/wordpress\/?p=44295"},"modified":"2019-06-10T22:52:52","modified_gmt":"2019-06-10T21:52:52","slug":"der-sozialstaat-als-partner-spd-veranstaltung-zum-thema-gut-bezahlte-arbeit-und-anerkennung-der-lebensleitung-mit-der-grundrente","status":"publish","type":"post","link":"https:\/\/www.schiebener.net\/wordpress\/der-sozialstaat-als-partner-spd-veranstaltung-zum-thema-gut-bezahlte-arbeit-und-anerkennung-der-lebensleitung-mit-der-grundrente\/","title":{"rendered":"Der Sozialstaat als Partner? SPD Veranstaltung zum Thema &#8222;Gut bezahlte Arbeit und Anerkennung der Lebensleitung mit der Grundrente&#8220;"},"content":{"rendered":"<figure id=\"attachment_44296\" aria-describedby=\"caption-attachment-44296\" style=\"width: 182px\" class=\"wp-caption alignleft\"><a href=\"https:\/\/www.schiebener.net\/wordpress\/wp-content\/uploads\/2019\/06\/lt_Gro\u00dfMichael.jpg\"><img loading=\"lazy\" decoding=\"async\" class=\" wp-image-44296\" src=\"https:\/\/www.schiebener.net\/wordpress\/wp-content\/uploads\/2019\/06\/lt_Gro\u00dfMichael.jpg\" alt=\"\" width=\"182\" height=\"217\" srcset=\"https:\/\/www.schiebener.net\/wordpress\/wp-content\/uploads\/2019\/06\/lt_Gro\u00dfMichael.jpg 512w, https:\/\/www.schiebener.net\/wordpress\/wp-content\/uploads\/2019\/06\/lt_Gro\u00dfMichael-251x300.jpg 251w\" sizes=\"auto, (max-width: 182px) 85vw, 182px\" \/><\/a><figcaption id=\"caption-attachment-44296\" class=\"wp-caption-text\">Michael Gro\u00df will SPD-Sozialpolitik erkl\u00e4ren (foto: spd)<\/figcaption><\/figure>\n<p><strong>Am Mittwoch, dem 12.Juni 2019 um 18:00 Uhr l\u00e4dt der heimische SPD Bundestagsabgeordnete, Dirk Wiese zusammen mit seinem Kollegen, dem MdB Michael Gro\u00df, im Rahmen der Veranstaltungsreihe Fraktion vor Ort zur Vortrags- und Diskussionsveranstaltung &#8222;Der Sozialstaat als Partner&#8220; in den Gasthof Sauerwald in Bestwig.<\/strong><\/p>\n<p><em>(Pressemitteilung Wahlkreisb\u00fcro Dirk Wiese)<\/em><\/p>\n<p>Michael Gro\u00df werde \u00fcber die Vorschl\u00e4ge und Vorhaben der SPD-Bundestagsfraktion zu diesem Thema sprechen, bevor es nach der Podiumsdiskussion mit Holger Gierth, Gesch\u00e4ftsf\u00fchrer der Sozialwerk St. Georg Westfalen S\u00fcd gGmbH und der Lennewerkstatt gGmbH, Stefan Goesmann, Gesch\u00e4ftsf\u00fchrer vom AWO Unterbezirk Hochsauerland\/Soest und Franz Schrewe, dem Landesvorsitzenden des SoVD\u2013NRW in die Diskussion und Fragestunde mit dem Publikum gehe.<\/p>\n<p>In einer Zeit, in der sich die Arbeitswelt rasant \u00e4ndere, wolle die SPD allen B\u00fcrgerinnen und B\u00fcrgern Chancen und Schutz im Wandel erm\u00f6glichen. Dazu geh\u00f6rten sichere und gut bezahlte Arbeit genauso wie die Anerkennung von Lebensleistung mit der Grundrente.<\/p>\n<p>&#8222;Menschen die lange gearbeitet, Angeh\u00f6rige gepflegt oder Kinder erzogen haben, sollen eine Rente erhalten, die oberhalb der Grundsicherung liegt. Ihnen soll der Gang zum Amt erspart bleiben. Und dazu geh\u00f6rt ein Sozialstaat, der aus der Perspektive der Menschen gedacht ist und als Partner agiert \u2013 unb\u00fcrokratisch und zugewandt.&#8220;<\/p>\n<p>&#8212;&#8212;&#8212;&#8212;&#8212;&#8212;-<\/p>\n<p><em>Um Anmeldung wird gebeten unter 0291-99 67 13 oder<\/em><br \/>\n<em>via E-Mail an <a href=\"mailto:dirk.wiese.wk@bundestag.de\" target=\"_blank\" rel=\"noopener noreferrer\">dirk.wiese.wk@bundestag.de<\/a><\/em><\/p>\n","protected":false},"excerpt":{"rendered":"<p>Am Mittwoch, dem 12.Juni 2019 um 18:00 Uhr l\u00e4dt der heimische SPD Bundestagsabgeordnete, Dirk Wiese zusammen mit seinem Kollegen, dem MdB Michael Gro\u00df, im Rahmen der Veranstaltungsreihe Fraktion vor Ort &hellip; <a href=\"https:\/\/www.schiebener.net\/wordpress\/der-sozialstaat-als-partner-spd-veranstaltung-zum-thema-gut-bezahlte-arbeit-und-anerkennung-der-lebensleitung-mit-der-grundrente\/\" class=\"more-link\"><span class=\"screen-reader-text\">\u201eDer Sozialstaat als Partner? SPD Veranstaltung zum Thema &#8222;Gut bezahlte Arbeit und Anerkennung der Lebensleitung mit der Grundrente&#8220;\u201c <\/span>weiterlesen<\/a><\/p>\n","protected":false},"author":17,"featured_media":0,"comment_status":"open","ping_status":"open","sticky":false,"template":"","format":"standard","meta":{"footnotes":""},"categories":[303,80,24,1043],"tags":[5632,8210,1197,13],"class_list":["post-44295","post","type-post","status-publish","format-standard","hentry","category-in-unserem-briefkasten","category-lokales","category-politik","category-pressemitteilungen","tag-fraktion-vor-ort","tag-michael-gross","tag-sozialstaat","tag-spd"],"_links":{"self":[{"href":"https:\/\/www.schiebener.net\/wordpress\/wp-json\/wp\/v2\/posts\/44295","targetHints":{"allow":["GET"]}}],"collection":[{"href":"https:\/\/www.schiebener.net\/wordpress\/wp-json\/wp\/v2\/posts"}],"about":[{"href":"https:\/\/www.schiebener.net\/wordpress\/wp-json\/wp\/v2\/types\/post"}],"author":[{"embeddable":true,"href":"https:\/\/www.schiebener.net\/wordpress\/wp-json\/wp\/v2\/users\/17"}],"replies":[{"embeddable":true,"href":"https:\/\/www.schiebener.net\/wordpress\/wp-json\/wp\/v2\/comments?post=44295"}],"version-history":[{"count":0,"href":"https:\/\/www.schiebener.net\/wordpress\/wp-json\/wp\/v2\/posts\/44295\/revisions"}],"wp:attachment":[{"href":"https:\/\/www.schiebener.net\/wordpress\/wp-json\/wp\/v2\/media?parent=44295"}],"wp:term":[{"taxonomy":"category","embeddable":true,"href":"https:\/\/www.schiebener.net\/wordpress\/wp-json\/wp\/v2\/categories?post=44295"},{"taxonomy":"post_tag","embeddable":true,"href":"https:\/\/www.schiebener.net\/wordpress\/wp-json\/wp\/v2\/tags?post=44295"}],"curies":[{"name":"wp","href":"https:\/\/api.w.org\/{rel}","templated":true}]}}