{"id":44145,"date":"2019-05-25T22:20:19","date_gmt":"2019-05-25T21:20:19","guid":{"rendered":"https:\/\/www.schiebener.net\/wordpress\/?p=44145"},"modified":"2019-05-25T22:21:50","modified_gmt":"2019-05-25T21:21:50","slug":"geht-waehlen-fuer-europa-gegen-nationalismus-rassismus-und-antisemitismus-fuer-soziale-gerechtigkeit-geht-waehlen","status":"publish","type":"post","link":"https:\/\/www.schiebener.net\/wordpress\/geht-waehlen-fuer-europa-gegen-nationalismus-rassismus-und-antisemitismus-fuer-soziale-gerechtigkeit-geht-waehlen\/","title":{"rendered":"Geht w\u00e4hlen! F\u00fcr Europa, gegen Nationalismus, Rassismus und Antisemitismus, f\u00fcr soziale Gerechtigkeit. Geht w\u00e4hlen!"},"content":{"rendered":"<p><figure id=\"attachment_44146\" aria-describedby=\"caption-attachment-44146\" style=\"width: 700px\" class=\"wp-caption aligncenter\"><a href=\"https:\/\/www.schiebener.net\/wordpress\/wp-content\/uploads\/2019\/05\/EuropaSiedlinghausen20190525.jpg\" target=\"_blank\" rel=\"noopener noreferrer\"><img loading=\"lazy\" decoding=\"async\" class=\"wp-image-44146\" src=\"https:\/\/www.schiebener.net\/wordpress\/wp-content\/uploads\/2019\/05\/EuropaSiedlinghausen20190525.jpg\" alt=\"\" width=\"700\" height=\"481\" srcset=\"https:\/\/www.schiebener.net\/wordpress\/wp-content\/uploads\/2019\/05\/EuropaSiedlinghausen20190525.jpg 2048w, https:\/\/www.schiebener.net\/wordpress\/wp-content\/uploads\/2019\/05\/EuropaSiedlinghausen20190525-300x206.jpg 300w, https:\/\/www.schiebener.net\/wordpress\/wp-content\/uploads\/2019\/05\/EuropaSiedlinghausen20190525-768x528.jpg 768w, https:\/\/www.schiebener.net\/wordpress\/wp-content\/uploads\/2019\/05\/EuropaSiedlinghausen20190525-1024x704.jpg 1024w\" sizes=\"auto, (max-width: 709px) 85vw, (max-width: 909px) 67vw, (max-width: 984px) 61vw, (max-width: 1362px) 45vw, 600px\" \/><\/a><figcaption id=\"caption-attachment-44146\" class=\"wp-caption-text\">In unserer Stra\u00dfe weht die Europa-Fahne. (foto: zoom)<\/figcaption><\/figure><strong>In unserer Stra\u00dfe weht schon seit vielen Tagen die Europa-Flagge, wo sonst zum Fest die Fahne der Siedlingh\u00e4user Sch\u00fctzen h\u00e4ngt. <\/strong><\/p>\n<p>Sch\u00f6n!<\/p>\n<p>Auf Twitter habe ich gerade geschrieben:<\/p>\n<blockquote><p>&#8222;Bo\u00e4h, bin ich froh, dass ich die fr\u00fchestm\u00f6gliche Chance zur Briefwahl genutzt hatte. Auch nach dem @rezomusik Video h\u00e4tte ich nichts anderes als eine kleine Partei\/Gruppierung gew\u00e4hlt, die sich gegen Antisemitismus, Rassismus, Klimawandel und f\u00fcr &#8230;<\/p>\n<p>&#8230; soziale Gerechtigkeit einsetzt. Ich habe den Neoliberalismus lange genug Genossen(!). Ja, das Schr\u00f6der-Blair Papier vergesse ich nicht. Das macht auch kein K\u00fchnert wett. Der Wahlkampf ist f\u00fcr mich jetzt beendet.&#8220;<\/p><\/blockquote>\n<p>Quelle: <a href=\"https:\/\/twitter.com\/hskzoom\/status\/1132384132959485952\" rel=\"noopener noreferrer\" target=\"_blank\">https:\/\/twitter.com\/hskzoom\/status\/1132384132959485952<\/a><\/p>\n<p>Nach der Bekanntgabe der Wahlergebnisse k\u00f6nnen wir hier im Blog weiter diskutieren &#8230; ok, ok &#8230; die Kommentare bleiben auch davor offen.<\/p>\n<p>Ansonsten wird das Fell des B\u00e4ren verteilt, wenn der B\u00e4r erlegt ist.<\/p>\n","protected":false},"excerpt":{"rendered":"<p>In unserer Stra\u00dfe weht schon seit vielen Tagen die Europa-Flagge, wo sonst zum Fest die Fahne der Siedlingh\u00e4user Sch\u00fctzen h\u00e4ngt. Sch\u00f6n! Auf Twitter habe ich gerade geschrieben: &#8222;Bo\u00e4h, bin ich &hellip; <a href=\"https:\/\/www.schiebener.net\/wordpress\/geht-waehlen-fuer-europa-gegen-nationalismus-rassismus-und-antisemitismus-fuer-soziale-gerechtigkeit-geht-waehlen\/\" class=\"more-link\"><span class=\"screen-reader-text\">\u201eGeht w\u00e4hlen! F\u00fcr Europa, gegen Nationalismus, Rassismus und Antisemitismus, f\u00fcr soziale Gerechtigkeit. Geht w\u00e4hlen!\u201c <\/span>weiterlesen<\/a><\/p>\n","protected":false},"author":3,"featured_media":0,"comment_status":"open","ping_status":"open","sticky":false,"template":"","format":"standard","meta":{"footnotes":""},"categories":[533,80,24],"tags":[5867,8167],"class_list":["post-44145","post","type-post","status-publish","format-standard","hentry","category-europa","category-lokales","category-politik","tag-europa","tag-europawahl-2019"],"_links":{"self":[{"href":"https:\/\/www.schiebener.net\/wordpress\/wp-json\/wp\/v2\/posts\/44145","targetHints":{"allow":["GET"]}}],"collection":[{"href":"https:\/\/www.schiebener.net\/wordpress\/wp-json\/wp\/v2\/posts"}],"about":[{"href":"https:\/\/www.schiebener.net\/wordpress\/wp-json\/wp\/v2\/types\/post"}],"author":[{"embeddable":true,"href":"https:\/\/www.schiebener.net\/wordpress\/wp-json\/wp\/v2\/users\/3"}],"replies":[{"embeddable":true,"href":"https:\/\/www.schiebener.net\/wordpress\/wp-json\/wp\/v2\/comments?post=44145"}],"version-history":[{"count":0,"href":"https:\/\/www.schiebener.net\/wordpress\/wp-json\/wp\/v2\/posts\/44145\/revisions"}],"wp:attachment":[{"href":"https:\/\/www.schiebener.net\/wordpress\/wp-json\/wp\/v2\/media?parent=44145"}],"wp:term":[{"taxonomy":"category","embeddable":true,"href":"https:\/\/www.schiebener.net\/wordpress\/wp-json\/wp\/v2\/categories?post=44145"},{"taxonomy":"post_tag","embeddable":true,"href":"https:\/\/www.schiebener.net\/wordpress\/wp-json\/wp\/v2\/tags?post=44145"}],"curies":[{"name":"wp","href":"https:\/\/api.w.org\/{rel}","templated":true}]}}