{"id":44103,"date":"2019-05-20T19:29:35","date_gmt":"2019-05-20T18:29:35","guid":{"rendered":"https:\/\/www.schiebener.net\/wordpress\/?p=44103"},"modified":"2019-05-20T19:29:35","modified_gmt":"2019-05-20T18:29:35","slug":"kostenlose-fahrradmitnahme-in-nahverkehrszuegen-leider-nicht-in-westfalen","status":"publish","type":"post","link":"https:\/\/www.schiebener.net\/wordpress\/kostenlose-fahrradmitnahme-in-nahverkehrszuegen-leider-nicht-in-westfalen\/","title":{"rendered":"Kostenlose Fahrradmitnahme in Nahverkehrsz\u00fcgen \u2013 leider nicht in Westfalen!"},"content":{"rendered":"<figure id=\"attachment_34935\" aria-describedby=\"caption-attachment-34935\" style=\"width: 700px\" class=\"wp-caption aligncenter\"><img loading=\"lazy\" decoding=\"async\" class=\"size-full wp-image-34935\" src=\"https:\/\/www.schiebener.net\/wordpress\/wp-content\/uploads\/2016\/03\/Radfahren20160312.jpg\" alt=\"\" width=\"700\" height=\"700\" srcset=\"https:\/\/www.schiebener.net\/wordpress\/wp-content\/uploads\/2016\/03\/Radfahren20160312.jpg 700w, https:\/\/www.schiebener.net\/wordpress\/wp-content\/uploads\/2016\/03\/Radfahren20160312-150x150.jpg 150w, https:\/\/www.schiebener.net\/wordpress\/wp-content\/uploads\/2016\/03\/Radfahren20160312-300x300.jpg 300w, https:\/\/www.schiebener.net\/wordpress\/wp-content\/uploads\/2016\/03\/Radfahren20160312-200x200.jpg 200w\" sizes=\"auto, (max-width: 709px) 85vw, (max-width: 909px) 67vw, (max-width: 984px) 61vw, (max-width: 1362px) 45vw, 600px\" \/><figcaption id=\"caption-attachment-34935\" class=\"wp-caption-text\">Lieber nicht einsteigen? In NRW muss man f\u00fcr das Rad in der Bahn bezahlen, woanders nicht. (archivfoto: zoom)<\/figcaption><\/figure>\n<p><strong>Der sogenannte &#8222;Westfalentarif&#8220; bietet Vorteile bei der Fahrt \u00fcber Kreisgrenzen, z.B. vom HSK nach Paderborn. Aber er hat auch diverse Nachteile. Dazu z\u00e4hlt, dass im Westfalentarif Bahncards (BC25, BC50 und BC100) nicht anerkannt werden, im Gegensatz zu vielen anderen Tarifverb\u00fcnden.<\/strong><\/p>\n<p><em>(Der Artikel ist zuerst <a href=\"http:\/\/sbl-fraktion.de\/?p=9015\" target=\"_blank\" rel=\"noopener noreferrer\">auf der Website der Sauerl\u00e4nder B\u00fcrgerliste<\/a> erschienen,)<\/em><\/p>\n<p>Immer wichtiger wird es auch, dass die Fahrg\u00e4ste am Zielbahnhof ihre Fahrt mit dem Fahrrad fortsetzen k\u00f6nnen. Die Fahrradmitnahme ist in Nahverkehrsz\u00fcgen in anderen Bundesl\u00e4ndern kostenlos, wie in Hessen<\/p>\n<p><a href=\"https:\/\/www.nvv.de\/tickets-preise\/tickets\/freie-fahrt\" target=\"_blank\" rel=\"noopener noreferrer\">https:\/\/www.nvv.de\/tickets-preise\/tickets\/freie-fahrt<\/a> (NVV)<br \/>\n<a href=\"https:\/\/www.rmv.de\/c\/de\/linien-netze\/unterwegs-mit\/fahrrad\/fahrradmitnahme\" target=\"_blank\" rel=\"noopener noreferrer\">https:\/\/www.rmv.de\/c\/de\/linien-netze\/unterwegs-mit\/fahrrad\/fahrradmitnahme<\/a> (RMV)<\/p>\n<p>und in Th\u00fcringen<\/p>\n<p><a href=\"https:\/\/www.bahn.de\/p\/view\/service\/fahrrad\/bahn_und_bike_thue.shtml\" target=\"_blank\" rel=\"noopener noreferrer\">https:\/\/www.bahn.de\/p\/view\/service\/fahrrad\/bahn_und_bike_thue.shtml<\/a> (DB)<br \/>\n<a href=\"https:\/\/www.abellio.de\/de\/mitteldeutschland\/service-kontakt\/fahrradmitnahme\" target=\"_blank\" rel=\"noopener noreferrer\">https:\/\/www.abellio.de\/de\/mitteldeutschland\/service-kontakt\/fahrradmitnahme<\/a> (Abellio).<\/p>\n<p>Im Westfalentarif muss dagegen f\u00fcr Fahrr\u00e4der bisher ein Extra-Ticket gel\u00f6st werden. Das kostet meist 4,20 Euro.<\/p>\n<p><a href=\"https:\/\/www.westfalentarif.de\/de\/tickets-abonnements\/zusatzticket\" target=\"_blank\" rel=\"noopener noreferrer\">https:\/\/www.westfalentarif.de\/de\/tickets-abonnements\/zusatzticket<\/a><\/p>\n<p>Es wird Zeit, das zu \u00e4ndern!<\/p>\n","protected":false},"excerpt":{"rendered":"<p>Der sogenannte &#8222;Westfalentarif&#8220; bietet Vorteile bei der Fahrt \u00fcber Kreisgrenzen, z.B. vom HSK nach Paderborn. Aber er hat auch diverse Nachteile. Dazu z\u00e4hlt, dass im Westfalentarif Bahncards (BC25, BC50 und &hellip; <a href=\"https:\/\/www.schiebener.net\/wordpress\/kostenlose-fahrradmitnahme-in-nahverkehrszuegen-leider-nicht-in-westfalen\/\" class=\"more-link\"><span class=\"screen-reader-text\">\u201eKostenlose Fahrradmitnahme in Nahverkehrsz\u00fcgen \u2013 leider nicht in Westfalen!\u201c <\/span>weiterlesen<\/a><\/p>\n","protected":false},"author":17,"featured_media":0,"comment_status":"open","ping_status":"open","sticky":false,"template":"","format":"standard","meta":{"footnotes":""},"categories":[80,2729,618],"tags":[758,8166,110,8165],"class_list":["post-44103","post","type-post","status-publish","format-standard","hentry","category-lokales","category-reisen","category-verkehr","tag-bahn","tag-bahncard","tag-fahrrad","tag-westfalentarif"],"_links":{"self":[{"href":"https:\/\/www.schiebener.net\/wordpress\/wp-json\/wp\/v2\/posts\/44103","targetHints":{"allow":["GET"]}}],"collection":[{"href":"https:\/\/www.schiebener.net\/wordpress\/wp-json\/wp\/v2\/posts"}],"about":[{"href":"https:\/\/www.schiebener.net\/wordpress\/wp-json\/wp\/v2\/types\/post"}],"author":[{"embeddable":true,"href":"https:\/\/www.schiebener.net\/wordpress\/wp-json\/wp\/v2\/users\/17"}],"replies":[{"embeddable":true,"href":"https:\/\/www.schiebener.net\/wordpress\/wp-json\/wp\/v2\/comments?post=44103"}],"version-history":[{"count":0,"href":"https:\/\/www.schiebener.net\/wordpress\/wp-json\/wp\/v2\/posts\/44103\/revisions"}],"wp:attachment":[{"href":"https:\/\/www.schiebener.net\/wordpress\/wp-json\/wp\/v2\/media?parent=44103"}],"wp:term":[{"taxonomy":"category","embeddable":true,"href":"https:\/\/www.schiebener.net\/wordpress\/wp-json\/wp\/v2\/categories?post=44103"},{"taxonomy":"post_tag","embeddable":true,"href":"https:\/\/www.schiebener.net\/wordpress\/wp-json\/wp\/v2\/tags?post=44103"}],"curies":[{"name":"wp","href":"https:\/\/api.w.org\/{rel}","templated":true}]}}