{"id":44031,"date":"2019-05-06T20:59:58","date_gmt":"2019-05-06T19:59:58","guid":{"rendered":"https:\/\/www.schiebener.net\/wordpress\/?p=44031"},"modified":"2019-05-06T20:59:58","modified_gmt":"2019-05-06T19:59:58","slug":"petition-fuer-informatik-als-pflichtfach-an-schulen-in-nrw","status":"publish","type":"post","link":"https:\/\/www.schiebener.net\/wordpress\/petition-fuer-informatik-als-pflichtfach-an-schulen-in-nrw\/","title":{"rendered":"Petition f\u00fcr Informatik als Pflichtfach an Schulen in NRW"},"content":{"rendered":"<figure id=\"attachment_44032\" aria-describedby=\"caption-attachment-44032\" style=\"width: 700px\" class=\"wp-caption aligncenter\"><img loading=\"lazy\" decoding=\"async\" class=\"wp-image-44032\" src=\"https:\/\/www.schiebener.net\/wordpress\/wp-content\/uploads\/2019\/05\/InformatikPM20190506.jpg\" alt=\"\" width=\"700\" height=\"433\" srcset=\"https:\/\/www.schiebener.net\/wordpress\/wp-content\/uploads\/2019\/05\/InformatikPM20190506.jpg 995w, https:\/\/www.schiebener.net\/wordpress\/wp-content\/uploads\/2019\/05\/InformatikPM20190506-300x185.jpg 300w, https:\/\/www.schiebener.net\/wordpress\/wp-content\/uploads\/2019\/05\/InformatikPM20190506-768x475.jpg 768w\" sizes=\"auto, (max-width: 709px) 85vw, (max-width: 909px) 67vw, (max-width: 984px) 61vw, (max-width: 1362px) 45vw, 600px\" \/><figcaption id=\"caption-attachment-44032\" class=\"wp-caption-text\">Schleifen geh\u00f6ren zum Leben und zur Informatik, oder? Die Informatik m\u00fcsse Pflichtfach werden, meint jedenfalls die Gesellschaft f\u00fcr Informatik.\u00a0 (screenshot: zoom)<\/figcaption><\/figure>\n<p><strong>In einem \u00f6ffentlichen Brief fordert die Gesellschaft f\u00fcr Informatik e.V. (GI) zusammen mit weiteren nationalen Organisationen und Verb\u00e4nden die Landesregierung in Nordrhein-Westfalen dazu auf, Informatik als Pflichtfach einzuf\u00fchren.<\/strong><\/p>\n<p><strong>Ohne Umwege zur Petition &#8211;&gt;&gt;<\/strong> <a href=\"https:\/\/www.informatiknrw.de\/\" target=\"_blank\" rel=\"noopener noreferrer\">https:\/\/www.informatiknrw.de\/<\/a><\/p>\n<p><em>(<a href=\"https:\/\/gi.de\/meldung\/breites-buendnis-fordert-informatik-als-pflichtfach-in-nrw\/\" target=\"_blank\" rel=\"noopener noreferrer\">Pressemitteilung der Gesellschaft f\u00fcr Informatik<\/a>)<\/em><\/p>\n<p>Berlin\/D\u00fcsseldorf, 06.05.2019 &#8211; Ein breites B\u00fcndnis aus der Digitalwirtschaft spricht sich f\u00fcr die Aufnahme von Informatik als Pflichtfach in die Verordnung zur \u00c4nderung der Ausbildungs- und Pr\u00fcfungsordnung Sekundarstufe I (APO-S I) in Nordrhein-Westfalen aus und fordert die Landesregierung sowie die Landtagsabgeordneten auf, den Anforderungen der zunehmenden digitalen Vernetzung endlich im Schulcurriculum Rechnung zu tragen.<\/p>\n<p>Die APO-S I sieht Informatik aktuell lediglich als Wahlfach vor, obwohl der Wechsel von G8 auf G9 die einmalige Chance bietet, die Einf\u00fchrung eines Pflichtfachs ohne Einschnitte in andere F\u00e4cher durchzuf\u00fchren.<\/p>\n<p>GI-Pr\u00e4sident Prof. Dr. Hannes Federrath dazu: \u201eWer Bildung in einer zunehmend digital vernetzten Welt konsequent umsetzen will, muss obligatorischen Informatikunterricht einf\u00fchren. Denn es bedarf sowohl der p\u00e4dagogischen und didaktischen Konzepte als auch informatisch gut qualifizierter Lehrkr\u00e4fte. Nordrhein-Westfalen hat jetzt die Chance, die Bildung und seine Schulen f\u00fcr das 21. Jahrhundert fit zu machen und sollte diese Chance nicht leichtfertig vergeben.\u201c<\/p>\n<p>Der \u00f6ffentliche Apell wird initial mitgetragen von:<\/p>\n<ul>\n<li>Bundesverband IT Mittelstand e.V.<\/li>\n<li>eco \u2013 Verband der Internetwirtschaft e.V.<\/li>\n<li>Beirat \u201eJunge Digitale Wirtschaft\u201c im Bundesministerium f\u00fcr Wirtschaft und Energie<\/li>\n<li>Bundesverband K\u00fcnstliche Intelligenz e.V.<\/li>\n<li>Bundesverband deutsche Startups e.V.<\/li>\n<li>MINT Zukunft e.V.<\/li>\n<li>Gesellschaft f\u00fcr Informatik e.V.<\/li>\n<\/ul>\n<p><strong>Dem gesellschaftlichen Bildungsauftrag nachkommen<\/strong><br \/>\nDie fortschreitende Automatisierung, Vernetzung und Digitalisierung transfomiert unsere Welt tiefgreifend. Eine Tendenz, die unsere Gesellschaft schon heute vor gro\u00dfe Herausforderungen stellt und sich weiter beschleunigen wird. Dem gesellschaftlichen Bildungsauftrag entsprechend stehen wir alle in der Verantwortung dazu beizutragen, dass zuk\u00fcnftige Generationen an diesem ver\u00e4nderten gesellschaftlichen, wirtschaftlichen, beruflichen, kulturellen und politischen Leben teilhaben und es als m\u00fcndige B\u00fcrgerinnen und B\u00fcrger mit gestalten k\u00f6nnen.<\/p>\n<p>In der Schule brauchen wir daf\u00fcr mehr Zeit und mehr Raum f\u00fcr \u201eDigitales\u201c: Bildung in der digitalen Welt (\u201eDigitale Bildung\u201c) muss daf\u00fcr sowohl aus anwendungsbezogener, gesellschaftlich-kultureller als auch technisch-gestaltender Perspektive in den Blick genommen werden. Daf\u00fcr muss mittelfristig die Leitwissenschaft der Digitalisierung, die Informatik, in der Schule in Nordrhein-Westfalen weiter gest\u00e4rkt werden. Nat\u00fcrlich ist es Aufgabe aller F\u00e4cher, fachliche Bez\u00fcge zur Digitalisierung zu integrieren. Doch es braucht einen eigenst\u00e4ndigen Lernbereich, in dem die Aneignung der grundlegenden Konzepte und Kompetenzen f\u00fcr die Orientierung in der digitalen vernetzten Welt erm\u00f6glicht wird.<\/p>\n<p><strong>Petition mitzeichnen<\/strong><br \/>\nUnter <a href=\"https:\/\/www.informatiknrw.de\/\" target=\"_blank\" rel=\"noopener noreferrer\">https:\/\/www.informatiknrw.de\/<\/a> hat das B\u00fcndnis eine Informationsseite zum Pflichtfach Informatik eingerichtet, auf der auch Sie eine Petition an Landesregierung und Landtag mitzeichnen k\u00f6nnen.<\/p>\n<p><strong>\u00dcber die Gesellschaft f\u00fcr Informatik e.V.<\/strong><br \/>\nDie Gesellschaft f\u00fcr Informatik e.V. (GI) ist mit rund 20.000 pers\u00f6nlichen und 250 korporativen Mitgliedern die gr\u00f6\u00dfte und wichtigste Fachgesellschaft f\u00fcr Informatik im deutschsprachigen Raum und vertritt seit 1969 die Interessen der Informatikerinnen und Informatiker in Wissenschaft, Wirtschaft, \u00f6ffentlicher Verwaltung, Gesellschaft und Politik. Mit 14 Fachbereichen, \u00fcber 30 aktiven Regionalgruppen und unz\u00e4hligen Fachgruppen ist die GI Plattform und Sprachrohr f\u00fcr alle Disziplinen in der Informatik. Die Mitglieder binden sich an die <a href=\"http:\/\/www.gi.de\/ueber-uns\/organisation\/unsere-ethischen-leitlinien\" target=\"_blank\" rel=\"noopener noreferrer\">Ethischen Leitlinien f\u00fcr Informatikerinnen und Informatiker der GI<\/a>. Weitere Informationen finden Sie unter <a href=\"http:\/\/www.gi.de\/\" target=\"_blank\" rel=\"noopener noreferrer\">www.gi.de<\/a>.<\/p>\n","protected":false},"excerpt":{"rendered":"<p>In einem \u00f6ffentlichen Brief fordert die Gesellschaft f\u00fcr Informatik e.V. (GI) zusammen mit weiteren nationalen Organisationen und Verb\u00e4nden die Landesregierung in Nordrhein-Westfalen dazu auf, Informatik als Pflichtfach einzuf\u00fchren. Ohne Umwege &hellip; <a href=\"https:\/\/www.schiebener.net\/wordpress\/petition-fuer-informatik-als-pflichtfach-an-schulen-in-nrw\/\" class=\"more-link\"><span class=\"screen-reader-text\">\u201ePetition f\u00fcr Informatik als Pflichtfach an Schulen in NRW\u201c <\/span>weiterlesen<\/a><\/p>\n","protected":false},"author":17,"featured_media":0,"comment_status":"open","ping_status":"open","sticky":false,"template":"","format":"standard","meta":{"footnotes":""},"categories":[3,303,32,1043],"tags":[4539,2504,7893,655],"class_list":["post-44031","post","type-post","status-publish","format-standard","hentry","category-bildung-und-schule","category-in-unserem-briefkasten","category-medien","category-pressemitteilungen","tag-gesellschaft-fuer-informatik","tag-petition","tag-pflichtfach-informatik","tag-pressemitteilung"],"_links":{"self":[{"href":"https:\/\/www.schiebener.net\/wordpress\/wp-json\/wp\/v2\/posts\/44031","targetHints":{"allow":["GET"]}}],"collection":[{"href":"https:\/\/www.schiebener.net\/wordpress\/wp-json\/wp\/v2\/posts"}],"about":[{"href":"https:\/\/www.schiebener.net\/wordpress\/wp-json\/wp\/v2\/types\/post"}],"author":[{"embeddable":true,"href":"https:\/\/www.schiebener.net\/wordpress\/wp-json\/wp\/v2\/users\/17"}],"replies":[{"embeddable":true,"href":"https:\/\/www.schiebener.net\/wordpress\/wp-json\/wp\/v2\/comments?post=44031"}],"version-history":[{"count":0,"href":"https:\/\/www.schiebener.net\/wordpress\/wp-json\/wp\/v2\/posts\/44031\/revisions"}],"wp:attachment":[{"href":"https:\/\/www.schiebener.net\/wordpress\/wp-json\/wp\/v2\/media?parent=44031"}],"wp:term":[{"taxonomy":"category","embeddable":true,"href":"https:\/\/www.schiebener.net\/wordpress\/wp-json\/wp\/v2\/categories?post=44031"},{"taxonomy":"post_tag","embeddable":true,"href":"https:\/\/www.schiebener.net\/wordpress\/wp-json\/wp\/v2\/tags?post=44031"}],"curies":[{"name":"wp","href":"https:\/\/api.w.org\/{rel}","templated":true}]}}