{"id":43965,"date":"2019-04-28T20:35:34","date_gmt":"2019-04-28T19:35:34","guid":{"rendered":"https:\/\/www.schiebener.net\/wordpress\/?p=43965"},"modified":"2019-04-28T20:52:07","modified_gmt":"2019-04-28T19:52:07","slug":"auch-in-ruethen-gab-es-zwangsarbeiter-der-patriot-26-4-2019-bitte-um-gemeinsame-suche-auch-in-ruethen-1","status":"publish","type":"post","link":"https:\/\/www.schiebener.net\/wordpress\/auch-in-ruethen-gab-es-zwangsarbeiter-der-patriot-26-4-2019-bitte-um-gemeinsame-suche-auch-in-ruethen-1\/","title":{"rendered":"\u201eAuch in R\u00fcthen gab es Zwangsarbeiter\u201c (Der Patriot, 26.4.2019) <div><small>Bitte um gemeinsame Suche, auch in R\u00fcthen (1)<\/small><\/div>"},"content":{"rendered":"<figure id=\"attachment_43966\" aria-describedby=\"caption-attachment-43966\" style=\"width: 700px\" class=\"wp-caption aligncenter\"><a href=\"https:\/\/www.schiebener.net\/wordpress\/wp-content\/uploads\/2019\/04\/AuchinRuethengabesZwangsarbeiter.jpg\" target=\"_blank\" rel=\"noopener noreferrer\"><img loading=\"lazy\" decoding=\"async\" class=\"wp-image-43966\" src=\"https:\/\/www.schiebener.net\/wordpress\/wp-content\/uploads\/2019\/04\/AuchinRuethengabesZwangsarbeiter.jpg\" alt=\"\" width=\"700\" height=\"413\" srcset=\"https:\/\/www.schiebener.net\/wordpress\/wp-content\/uploads\/2019\/04\/AuchinRuethengabesZwangsarbeiter.jpg 1022w, https:\/\/www.schiebener.net\/wordpress\/wp-content\/uploads\/2019\/04\/AuchinRuethengabesZwangsarbeiter-300x177.jpg 300w, https:\/\/www.schiebener.net\/wordpress\/wp-content\/uploads\/2019\/04\/AuchinRuethengabesZwangsarbeiter-768x453.jpg 768w\" sizes=\"auto, (max-width: 709px) 85vw, (max-width: 909px) 67vw, (max-width: 984px) 61vw, (max-width: 1362px) 45vw, 600px\" \/><\/a><figcaption id=\"caption-attachment-43966\" class=\"wp-caption-text\">Aufruf zum Forschen: Zwangsarbeiter in R\u00fcthen. (Collage: Nadja Thelen-Khoder)<\/figcaption><\/figure>\n<p><strong>Mir wurde der Zeitungsartikel \u201eAuch in R\u00fcthen gab es Zwangsarbeiter. Hermann Kr\u00e4mer hofft auf Erinnerungen aus der Bev\u00f6lkerung, um mehr \u00fcber diese Geschichten zu erfahren\u201c von Christian Ziemke gleich mehrfach von B\u00fcrgern aus der Umgebung zugeschickt, und auch ich hoffe so sehr auf gemeinsame Erarbeitung unserer Geschichte(n).<\/strong><\/p>\n<p>Deswegen habe ich meine Funde aus Bad Arolsen, die ich bereits in Dateien ver\u00f6ffentlicht habe, zusammengefa\u00dft und w\u00e4re gl\u00fccklich, wenn sie zur weiteren Suche von m\u00f6glichst vielen genutzt w\u00fcrden:<\/p>\n<p>\u201e ,Auch in R\u00fcthen gab es Zwangsarbeiter\u2019. ,Der Patriot\u2019, 26.4.2019\u201c<br \/>\n<a href=\"http:\/\/www.hpgrumpe.de\/ns_verbrechen_an_zwangsarbeitern_suttrop,_warstein,_meschede\/152_Auch_in_R%C3%BCthen_gab_es_Zwangsarbeiter.pdf\" target=\"_blank\" rel=\"noopener noreferrer\">http:\/\/www.hpgrumpe.de\/ns_verbrechen_an_zwangsarbeitern_suttrop,_warstein,_meschede\/152_Auch_in_R%C3%BCthen_gab_es_Zwangsarbeiter.pdf<\/a><\/p>\n<p>Mit herzlichen Gr\u00fc\u00dfen<\/p>\n<p>Nadja Thelen-Khoder<\/p>\n<p>&#8212;&#8212;&#8212;&#8212;-<\/p>\n<p><em>Anmerkung:<\/em><\/p>\n<p>(1) vgl. \u201e ,Art der Krankheit: Auf der Flucht erschossen\u2019. Bitte um gemeinsame Suche, auch in Siedlinghausen\u201c auf <a href=\"https:\/\/www.schiebener.net\/wordpress\/wp-content\/uploads\/2018\/08\/Siedlinghausen.pdf\" target=\"_blank\" rel=\"noopener noreferrer\">https:\/\/www.schiebener.net\/wordpress\/wp-content\/uploads\/2018\/08\/Siedlinghausen.pdf<\/a><\/p>\n","protected":false},"excerpt":{"rendered":"<p>Mir wurde der Zeitungsartikel \u201eAuch in R\u00fcthen gab es Zwangsarbeiter. Hermann Kr\u00e4mer hofft auf Erinnerungen aus der Bev\u00f6lkerung, um mehr \u00fcber diese Geschichten zu erfahren\u201c von Christian Ziemke gleich mehrfach &hellip; <a href=\"https:\/\/www.schiebener.net\/wordpress\/auch-in-ruethen-gab-es-zwangsarbeiter-der-patriot-26-4-2019-bitte-um-gemeinsame-suche-auch-in-ruethen-1\/\" class=\"more-link\"><span class=\"screen-reader-text\">\u201e\u201eAuch in R\u00fcthen gab es Zwangsarbeiter\u201c (Der Patriot, 26.4.2019) <\/p>\n<div><small>Bitte um gemeinsame Suche, auch in R\u00fcthen (1)<\/small><\/div>\n<p>\u201c <\/span>weiterlesen<\/a><\/p>\n","protected":false},"author":63,"featured_media":0,"comment_status":"open","ping_status":"open","sticky":false,"template":"","format":"standard","meta":{"footnotes":""},"categories":[319,80,7507],"tags":[6383,585,6981],"class_list":["post-43965","post","type-post","status-publish","format-standard","hentry","category-geschichte","category-lokales","category-nationalsozialismus","tag-ruethen","tag-zwangsarbeiter","tag-zwangsarbeiterinnen"],"_links":{"self":[{"href":"https:\/\/www.schiebener.net\/wordpress\/wp-json\/wp\/v2\/posts\/43965","targetHints":{"allow":["GET"]}}],"collection":[{"href":"https:\/\/www.schiebener.net\/wordpress\/wp-json\/wp\/v2\/posts"}],"about":[{"href":"https:\/\/www.schiebener.net\/wordpress\/wp-json\/wp\/v2\/types\/post"}],"author":[{"embeddable":true,"href":"https:\/\/www.schiebener.net\/wordpress\/wp-json\/wp\/v2\/users\/63"}],"replies":[{"embeddable":true,"href":"https:\/\/www.schiebener.net\/wordpress\/wp-json\/wp\/v2\/comments?post=43965"}],"version-history":[{"count":0,"href":"https:\/\/www.schiebener.net\/wordpress\/wp-json\/wp\/v2\/posts\/43965\/revisions"}],"wp:attachment":[{"href":"https:\/\/www.schiebener.net\/wordpress\/wp-json\/wp\/v2\/media?parent=43965"}],"wp:term":[{"taxonomy":"category","embeddable":true,"href":"https:\/\/www.schiebener.net\/wordpress\/wp-json\/wp\/v2\/categories?post=43965"},{"taxonomy":"post_tag","embeddable":true,"href":"https:\/\/www.schiebener.net\/wordpress\/wp-json\/wp\/v2\/tags?post=43965"}],"curies":[{"name":"wp","href":"https:\/\/api.w.org\/{rel}","templated":true}]}}