{"id":43944,"date":"2019-04-27T08:50:24","date_gmt":"2019-04-27T07:50:24","guid":{"rendered":"https:\/\/www.schiebener.net\/wordpress\/?p=43944"},"modified":"2019-04-27T08:50:24","modified_gmt":"2019-04-27T07:50:24","slug":"hallenberg-ausstellung-fix-foxi-rolf-kauka-und-seine-kultfuechse-vom-30-april-bis-26-mai-2019-im-kump","status":"publish","type":"post","link":"https:\/\/www.schiebener.net\/wordpress\/hallenberg-ausstellung-fix-foxi-rolf-kauka-und-seine-kultfuechse-vom-30-april-bis-26-mai-2019-im-kump\/","title":{"rendered":"Hallenberg: Ausstellung  \u201eFix &#038; Foxi &#8211;  Rolf Kauka und seine Kultf\u00fcchse\u201c vom 30. April bis 26. Mai 2019 im Kump"},"content":{"rendered":"<figure id=\"attachment_43945\" aria-describedby=\"caption-attachment-43945\" style=\"width: 700px\" class=\"wp-caption aligncenter\"><img loading=\"lazy\" decoding=\"async\" class=\"wp-image-43945\" src=\"https:\/\/www.schiebener.net\/wordpress\/wp-content\/uploads\/2019\/04\/Einladung-Fix-und-Foxi-Maxi-Postkarte-25-mm-Anschnitt.jpg\" alt=\"\" width=\"700\" height=\"380\" srcset=\"https:\/\/www.schiebener.net\/wordpress\/wp-content\/uploads\/2019\/04\/Einladung-Fix-und-Foxi-Maxi-Postkarte-25-mm-Anschnitt.jpg 907w, https:\/\/www.schiebener.net\/wordpress\/wp-content\/uploads\/2019\/04\/Einladung-Fix-und-Foxi-Maxi-Postkarte-25-mm-Anschnitt-300x163.jpg 300w, https:\/\/www.schiebener.net\/wordpress\/wp-content\/uploads\/2019\/04\/Einladung-Fix-und-Foxi-Maxi-Postkarte-25-mm-Anschnitt-768x417.jpg 768w\" sizes=\"auto, (max-width: 709px) 85vw, (max-width: 909px) 67vw, (max-width: 984px) 61vw, (max-width: 1362px) 45vw, 600px\" \/><figcaption id=\"caption-attachment-43945\" class=\"wp-caption-text\">Ausstellungser\u00f6ffnung im Hallenberger Kump (Plakatausschnitt)<\/figcaption><\/figure>\n<p><strong>Von den Geschichten von Fix und Foxi und ihren Freunden wurden 780 Millionen Hefte gedruckt. Ihr Erfinder Rolf Kauka[1] wurde auch der \u201edeutsche Walt Disney\u201c genannt.<\/strong><\/p>\n<p><em>(Pressemitteilung der Stadt Hallenberg)<\/em><\/p>\n<p>Im Oktober 1953 trat das deutsche Pendant zu Micky Maus seinen Siegeszug an. Anf\u00e4nglich unter dem Titel Till Eulenspiegel ver\u00f6ffentlicht, tauchen rasch die jungen F\u00fcchse Fix &amp; Foxi auf und werden sofort zu Publikumslieblingen. Schnell erhalten die Zwillinge ein eigenes Magazin, in dem f\u00fcr sie ein munteres Umfeld entworfen wird: Im idyllischen Fuxholzen tummeln sich der liebensw\u00fcrdige Onkel Fax, der erfinderische Rabe Knox, die konservative Oma Eusebia oder das gewitzte Lupinchen. Zum heimlichen Star der Geschichten avanciert jedoch der verfressene und faule Wolf Lupo.<\/p>\n<p>Die Ausstellung zeigt den Kosmos Rolf Kaukas (1917\u20132000) und veranschaulicht die Entwicklung einer Kultmarke \u2013 von den ersten Ideen bis zur Entstehung der weltber\u00fchmten Comicfiguren Fix &amp; Foxi. Viele Besonderheiten und Erfolgsmerkmale der Hefte lassen sich entdecken: bunte Mitmach-Seiten, Super-Sommer-Sonderhefte, kleine Gimmicks.<\/p>\n<p>Rolf Kauka hat ein ganzes Imperium mit eigenen Charakteren erschaffen. Wie Walt Disney zeichnet er nicht selbst, sondern besch\u00e4ftigte eine Gruppe von Zeichnern.<\/p>\n<p>Ab den 1960er Jahren erscheinen auch Lizenzserien wie Gaston, Ast\u00e9rix, Die Schl\u00fcmpfe und Lucky Luke in den Fix &amp; Foxi-Heften. Kauka macht damit diese heute zu Comic-Klassikern gewordenen Geschichten dem deutschen Publikum zug\u00e4nglich. Der Einfluss, den er damit auf die ComicEntwicklung aus\u00fcbt, ist kaum zu \u00fcbersch\u00e4tzen.<\/p>\n<p>Der Nachlass Kaukas wurde 2014 von Dr. Stefan Pi\u00ebch und seinem Unternehmen &#8222;Your Family Entertainment AG&#8220; \u00fcbernommen. Aus diesem gewaltigen Schatz stammen die \u00fcber 200 Originale in dieser bisher umfangreichsten Ausstellung zum gro\u00dfen Rolf Kauka-Universum.<\/p>\n<p>Kinder, Erwachsene und Comicfans sind eingeladen, den ber\u00fchmten Charakteren \u2013 von der Tuschezeichnung bis zum gedruckten Heft \u2013 auf einer bunten Entdeckungsreise durch die Ausstellung zu begegnen.<\/p>\n<p><strong>Die Ausstellung wird am Dienstag, 30. April 2019 um 19.00 Uhr im Infozentrum Kump durch Herrn Dr. Stefan Pi\u00ebch er\u00f6ffnet.<\/strong><\/p>\n<p>&#8212;&#8212;&#8212;&#8212;&#8212;<\/p>\n<p><em>Anmerkung zoom:<\/p>\n<p>[1] <a href=\"https:\/\/de.wikipedia.org\/wiki\/Rolf_Kauka\" rel=\"noopener noreferrer\" target=\"_blank\">https:\/\/de.wikipedia.org\/wiki\/Rolf_Kauka<\/a><\/p>\n<p>Dort auch Kritisches zu Kauka:<\/p>\n<p>&#8222;Beim Ort Fuxholzen, dem Handlungsort der Fix-und-Foxi-Comics, soll es sich laut der Tageszeitung Die Welt um \u201eeine dreiste Kopie von Entenhausen\u201c handeln.[4] Bernd Dolle-Weinkauf vom Institut f\u00fcr Jugendbuchforschung an der Universit\u00e4t Frankfurt \u00e4u\u00dferte zum Comic Fix und Foxi, dass dessen \u201eWelt\u201c \u201eganz \u00e4hnlich aufgebaut\u201c sei wie die von Entenhausen, Kaukas Comicfiguren allerdings \u201eviel flacher und eindimensionaler als die Disney-Figuren\u201c seien. Professor Knox in Fix und Foxi soll auf das Disney-Vorbild Daniel D\u00fcsentrieb zur\u00fcckzuf\u00fchren sein und Lupo, urspr\u00fcnglich ein b\u00f6ser Wolf, soll sp\u00e4ter in seiner Characterzeichnung an die Disney-Figur Goofy angelehnt worden sein.[5]<\/p>\n<p>In seinem Comic-Magazin Lupo (sp\u00e4ter Lupo modern, dann Tip Top) ver\u00f6ffentlichte Kauka ab 1964 umstrittene deutsche Bearbeitungen von franz\u00f6sisch-belgischen Comics. Asterix und Obelix wurden bei Kauka zu Siggi und Babarras, bei denen die Protagonisten keine Gallier, sondern Germanen waren und die politische Situation Deutschlands in den 1960er Jahren in die Handlung einfloss. Die geringe Werktreue und die H\u00e4ufung antikommunistischer politischer Anspielungen stie\u00df jedoch auf erheblichen Widerspruch der franz\u00f6sischen Urheber Ren\u00e9 Goscinny und Albert Uderzo, die Kauka daraufhin im Streit die Rechte entzogen.&#8220; <\/em><\/p>\n","protected":false},"excerpt":{"rendered":"<p>Von den Geschichten von Fix und Foxi und ihren Freunden wurden 780 Millionen Hefte gedruckt. Ihr Erfinder Rolf Kauka[1] wurde auch der \u201edeutsche Walt Disney\u201c genannt. (Pressemitteilung der Stadt Hallenberg) &hellip; <a href=\"https:\/\/www.schiebener.net\/wordpress\/hallenberg-ausstellung-fix-foxi-rolf-kauka-und-seine-kultfuechse-vom-30-april-bis-26-mai-2019-im-kump\/\" class=\"more-link\"><span class=\"screen-reader-text\">\u201eHallenberg: Ausstellung  \u201eFix &#038; Foxi &#8211;  Rolf Kauka und seine Kultf\u00fcchse\u201c vom 30. April bis 26. Mai 2019 im Kump\u201c <\/span>weiterlesen<\/a><\/p>\n","protected":false},"author":17,"featured_media":0,"comment_status":"open","ping_status":"open","sticky":false,"template":"","format":"standard","meta":{"footnotes":""},"categories":[303,674,80,1043],"tags":[7983,5751,655,8133,8134],"class_list":["post-43944","post","type-post","status-publish","format-standard","hentry","category-in-unserem-briefkasten","category-kultur","category-lokales","category-pressemitteilungen","tag-fix-und-foxi","tag-kump-hallenberg","tag-pressemitteilung","tag-rolf-kauka","tag-stefan-piech"],"_links":{"self":[{"href":"https:\/\/www.schiebener.net\/wordpress\/wp-json\/wp\/v2\/posts\/43944","targetHints":{"allow":["GET"]}}],"collection":[{"href":"https:\/\/www.schiebener.net\/wordpress\/wp-json\/wp\/v2\/posts"}],"about":[{"href":"https:\/\/www.schiebener.net\/wordpress\/wp-json\/wp\/v2\/types\/post"}],"author":[{"embeddable":true,"href":"https:\/\/www.schiebener.net\/wordpress\/wp-json\/wp\/v2\/users\/17"}],"replies":[{"embeddable":true,"href":"https:\/\/www.schiebener.net\/wordpress\/wp-json\/wp\/v2\/comments?post=43944"}],"version-history":[{"count":0,"href":"https:\/\/www.schiebener.net\/wordpress\/wp-json\/wp\/v2\/posts\/43944\/revisions"}],"wp:attachment":[{"href":"https:\/\/www.schiebener.net\/wordpress\/wp-json\/wp\/v2\/media?parent=43944"}],"wp:term":[{"taxonomy":"category","embeddable":true,"href":"https:\/\/www.schiebener.net\/wordpress\/wp-json\/wp\/v2\/categories?post=43944"},{"taxonomy":"post_tag","embeddable":true,"href":"https:\/\/www.schiebener.net\/wordpress\/wp-json\/wp\/v2\/tags?post=43944"}],"curies":[{"name":"wp","href":"https:\/\/api.w.org\/{rel}","templated":true}]}}