{"id":43914,"date":"2019-04-19T22:24:36","date_gmt":"2019-04-19T21:24:36","guid":{"rendered":"https:\/\/www.schiebener.net\/wordpress\/?p=43914"},"modified":"2019-04-19T22:39:21","modified_gmt":"2019-04-19T21:39:21","slug":"neue-quartalszahlen-westfalenpost-verliert-weitere-abonnenten-vergleichbarkeit-eingeschraenkt","status":"publish","type":"post","link":"https:\/\/www.schiebener.net\/wordpress\/neue-quartalszahlen-westfalenpost-verliert-weitere-abonnenten-vergleichbarkeit-eingeschraenkt\/","title":{"rendered":"Neue Quartalszahlen: Westfalenpost verliert weitere Abonnenten. Vergleichbarkeit eingeschr\u00e4nkt."},"content":{"rendered":"<figure id=\"attachment_43916\" aria-describedby=\"caption-attachment-43916\" style=\"width: 700px\" class=\"wp-caption aligncenter\"><a href=\"https:\/\/www.schiebener.net\/wordpress\/wp-content\/uploads\/2019\/04\/Westfalenpost201901.jpg\" target=\"_blank\" rel=\"noopener noreferrer\"><img loading=\"lazy\" decoding=\"async\" class=\"wp-image-43916\" src=\"https:\/\/www.schiebener.net\/wordpress\/wp-content\/uploads\/2019\/04\/Westfalenpost201901.jpg\" alt=\"\" width=\"700\" height=\"237\" srcset=\"https:\/\/www.schiebener.net\/wordpress\/wp-content\/uploads\/2019\/04\/Westfalenpost201901.jpg 1866w, https:\/\/www.schiebener.net\/wordpress\/wp-content\/uploads\/2019\/04\/Westfalenpost201901-300x101.jpg 300w, https:\/\/www.schiebener.net\/wordpress\/wp-content\/uploads\/2019\/04\/Westfalenpost201901-768x260.jpg 768w, https:\/\/www.schiebener.net\/wordpress\/wp-content\/uploads\/2019\/04\/Westfalenpost201901-1024x346.jpg 1024w\" sizes=\"auto, (max-width: 709px) 85vw, (max-width: 909px) 67vw, (max-width: 984px) 61vw, (max-width: 1362px) 45vw, 600px\" \/><\/a><figcaption id=\"caption-attachment-43916\" class=\"wp-caption-text\">Die Stunde Null f\u00fcr die Westfalenpost Brilon\/Meschede (screenshot: ivw)<\/figcaption><\/figure>\n<p><strong>Seit gestern sind die neuen Vierteljahreszahlen der <a href=\"https:\/\/www.ivw.eu\/aw\/print\/qa\" rel=\"noopener noreferrer\" target=\"_blank\">Informationsgemeinschaft zur Feststellung der Verbreitung von Werbetr\u00e4gern (ivw) online<\/a>.<\/strong><\/p>\n<p>Die Westfalenpost im Verbreitungsgebiet Brilon und Meschede hat 22.247 Abonnenten, ePaper eingeschlossen. Das ist ein Verlust von \u00fcber zehn Prozent im Vergleich zum Vorjahr.<\/p>\n<p>Leider l\u00e4sst sich die Auflage der Westfalenpost in unserem Verbreitungsgebiet nicht mehr einfach mit den vorhergehende Quartalen vergleichen, weil mit der Schlie\u00dfung der Redaktion Warstein aus der &#8222;Funke-Medien-G Mesch\/Bril\/WA&#8220; die &#8222;Funke-Medien-G Mesch\/Bril&#8220; geworden ist.<\/p>\n<figure id=\"attachment_43917\" aria-describedby=\"caption-attachment-43917\" style=\"width: 700px\" class=\"wp-caption aligncenter\"><a href=\"https:\/\/www.schiebener.net\/wordpress\/wp-content\/uploads\/2019\/04\/westfalenpost201804.jpg\" target=\"_blank\" rel=\"noopener noreferrer\"><img loading=\"lazy\" decoding=\"async\" class=\"wp-image-43917\" src=\"https:\/\/www.schiebener.net\/wordpress\/wp-content\/uploads\/2019\/04\/westfalenpost201804.jpg\" alt=\"\" width=\"700\" height=\"246\" srcset=\"https:\/\/www.schiebener.net\/wordpress\/wp-content\/uploads\/2019\/04\/westfalenpost201804.jpg 1851w, https:\/\/www.schiebener.net\/wordpress\/wp-content\/uploads\/2019\/04\/westfalenpost201804-300x105.jpg 300w, https:\/\/www.schiebener.net\/wordpress\/wp-content\/uploads\/2019\/04\/westfalenpost201804-768x270.jpg 768w, https:\/\/www.schiebener.net\/wordpress\/wp-content\/uploads\/2019\/04\/westfalenpost201804-1024x360.jpg 1024w\" sizes=\"auto, (max-width: 709px) 85vw, (max-width: 909px) 67vw, (max-width: 984px) 61vw, (max-width: 1362px) 45vw, 600px\" \/><\/a><figcaption id=\"caption-attachment-43917\" class=\"wp-caption-text\">So sah es vor der Schlie\u00dfung der Lokalredaktion Warstein aus. Der letzte verf\u00fcgbare Stichtag im Vergleich zum Vorjahr. (screenshot: ivw)<\/figcaption><\/figure>\n<p>F\u00fcr die Westfalenpost Meschede\/Brilon beginnt mit dem ersten Quartal 2019 eine Stunde Null, die online von den Quartalen der Westfalenpost Meschede\/Brilon\/Warstein abgekoppelt ist.<\/p>\n<p>Leider wei\u00df ich zur Zeit nicht sicher, welcher Statistik die LeserInnen der Westfalenpost im Gebiet um Warstein zugeschlagen werden. Ich gehe erst einmal davon aus, dass sie weiterhin dem Gebiet Brilon\/Meschede angeh\u00f6ren. Es sei denn, Warstein w\u00fcrde nun pl\u00f6tzlich redaktionell von Arnsberg betreut.<\/p>\n<p>Unter dieser Voraussetzung h\u00e4tte die Westfalenpost in genannten Gebiet vom letzten Quartal 2017 zum letzten Quartal 2018 5,32% Abonnenten verloren, in absoluten Zahlen 1.350 Abos in einem Vierteljahr.<\/p>\n<p>Die neuen Abo-Zahlen der WP im ersten Quartal betragen 22.247 im Vergleich zum letzten Quartal 2018 mit 24.049 w\u00e4re dies ein Verlust von absolut 1.802 AbonnentInnen oder prozentual 7,49%.<\/p>\n<p>Im Vergleich zu 1\/2018 betr\u00fcge der Verlust absolut 2878 AbonnentInnen, prozentual 11,45%, unter der Voraussetzung der Vergleichbarkeit von Brilon\/Meschede mit Brilon\/Meschede\/Warstein.<\/p>\n<p>Wie man&#8217;s auch wendet und dreht, die Westfalenpost verliert, wobei ich die ePaper NICHT herausgerechnet habe.<\/p>\n<p>Es scheint der Westfalenpost nichts zu nutzen, dass sie sich mehr und mehr digital hinter Bezahlschranken versteckt und auch als Print-Version in der \u00d6ffentlichkeit kaum noch wahrzunehmen ist.<\/p>\n<p>Anders als die WP setzt beispielsweise die Hessische Nieders\u00e4chsische Allgemeine (HNA) auf offensives \u00f6ffentlichen Auftreten, sowohl im Print (siehe Bild unten) als <a href=\"https:\/\/www.hna.de\/kassel\/mitte-kassel-ort248256\/aufbau-obelisken-auf-treppenstrasse-millimeterarbeit-vor-publikum-ngz-12204597.html\" target=\"_blank\" rel=\"noopener noreferrer\">auch digital<\/a>.<\/p>\n<figure id=\"attachment_43918\" aria-describedby=\"caption-attachment-43918\" style=\"width: 700px\" class=\"wp-caption aligncenter\"><a href=\"https:\/\/www.schiebener.net\/wordpress\/wp-content\/uploads\/2019\/04\/HNAFritzlar20190416.jpg\" target=\"_blank\" rel=\"noopener noreferrer\"><img loading=\"lazy\" decoding=\"async\" class=\"wp-image-43918\" src=\"https:\/\/www.schiebener.net\/wordpress\/wp-content\/uploads\/2019\/04\/HNAFritzlar20190416.jpg\" alt=\"\" width=\"700\" height=\"467\" srcset=\"https:\/\/www.schiebener.net\/wordpress\/wp-content\/uploads\/2019\/04\/HNAFritzlar20190416.jpg 2048w, https:\/\/www.schiebener.net\/wordpress\/wp-content\/uploads\/2019\/04\/HNAFritzlar20190416-300x200.jpg 300w, https:\/\/www.schiebener.net\/wordpress\/wp-content\/uploads\/2019\/04\/HNAFritzlar20190416-768x512.jpg 768w, https:\/\/www.schiebener.net\/wordpress\/wp-content\/uploads\/2019\/04\/HNAFritzlar20190416-1024x683.jpg 1024w\" sizes=\"auto, (max-width: 709px) 85vw, (max-width: 909px) 67vw, (max-width: 984px) 61vw, (max-width: 1362px) 45vw, 600px\" \/><\/a><figcaption id=\"caption-attachment-43918\" class=\"wp-caption-text\">Auf meiner Radtour durch Hessen (hier: Fritzlar)\u00a0 war die HNA in allen St\u00e4dten in der \u00d6ffentlichkeit pr\u00e4sent. (foto: zoom)<\/figcaption><\/figure>\n<p>Die Verbreitung der HNA ist um 4,15% gestiegen, die Abo-Zahlen sind innerhalb eines Jahres um 2,76% gesunken. <\/p>\n<p>Welche Strategie wird sich auf Dauer auszahlen?<\/p>\n","protected":false},"excerpt":{"rendered":"<p>Seit gestern sind die neuen Vierteljahreszahlen der Informationsgemeinschaft zur Feststellung der Verbreitung von Werbetr\u00e4gern (ivw) online. Die Westfalenpost im Verbreitungsgebiet Brilon und Meschede hat 22.247 Abonnenten, ePaper eingeschlossen. Das ist &hellip; <a href=\"https:\/\/www.schiebener.net\/wordpress\/neue-quartalszahlen-westfalenpost-verliert-weitere-abonnenten-vergleichbarkeit-eingeschraenkt\/\" class=\"more-link\"><span class=\"screen-reader-text\">\u201eNeue Quartalszahlen: Westfalenpost verliert weitere Abonnenten. Vergleichbarkeit eingeschr\u00e4nkt.\u201c <\/span>weiterlesen<\/a><\/p>\n","protected":false},"author":3,"featured_media":0,"comment_status":"open","ping_status":"open","sticky":false,"template":"","format":"standard","meta":{"footnotes":""},"categories":[80,32],"tags":[5951,4915,340],"class_list":["post-43914","post","type-post","status-publish","format-standard","hentry","category-lokales","category-medien","tag-hna","tag-ivw-auflagenzahlen","tag-westfalenpost"],"_links":{"self":[{"href":"https:\/\/www.schiebener.net\/wordpress\/wp-json\/wp\/v2\/posts\/43914","targetHints":{"allow":["GET"]}}],"collection":[{"href":"https:\/\/www.schiebener.net\/wordpress\/wp-json\/wp\/v2\/posts"}],"about":[{"href":"https:\/\/www.schiebener.net\/wordpress\/wp-json\/wp\/v2\/types\/post"}],"author":[{"embeddable":true,"href":"https:\/\/www.schiebener.net\/wordpress\/wp-json\/wp\/v2\/users\/3"}],"replies":[{"embeddable":true,"href":"https:\/\/www.schiebener.net\/wordpress\/wp-json\/wp\/v2\/comments?post=43914"}],"version-history":[{"count":0,"href":"https:\/\/www.schiebener.net\/wordpress\/wp-json\/wp\/v2\/posts\/43914\/revisions"}],"wp:attachment":[{"href":"https:\/\/www.schiebener.net\/wordpress\/wp-json\/wp\/v2\/media?parent=43914"}],"wp:term":[{"taxonomy":"category","embeddable":true,"href":"https:\/\/www.schiebener.net\/wordpress\/wp-json\/wp\/v2\/categories?post=43914"},{"taxonomy":"post_tag","embeddable":true,"href":"https:\/\/www.schiebener.net\/wordpress\/wp-json\/wp\/v2\/tags?post=43914"}],"curies":[{"name":"wp","href":"https:\/\/api.w.org\/{rel}","templated":true}]}}