{"id":43892,"date":"2019-04-17T19:18:27","date_gmt":"2019-04-17T18:18:27","guid":{"rendered":"https:\/\/www.schiebener.net\/wordpress\/?p=43892"},"modified":"2019-04-17T19:18:27","modified_gmt":"2019-04-17T18:18:27","slug":"pressemitteilung-lobbycontrol-fordert-ruecktritt-von-meuthen-und-reil","status":"publish","type":"post","link":"https:\/\/www.schiebener.net\/wordpress\/pressemitteilung-lobbycontrol-fordert-ruecktritt-von-meuthen-und-reil\/","title":{"rendered":"Pressemitteilung: LobbyControl fordert R\u00fccktritt von Meuthen und Reil"},"content":{"rendered":"<p><strong>Berlin, 17.04.2019 &#8211; LobbyControl begr\u00fc\u00dft die Strafbescheide der Bundestagsverwaltung an die AfD und fordert J\u00f6rg Meuthen und Guido Reil auf, als AfD-Bundessprecher bzw. AfD-Vorstandsmitglied zur\u00fcckzutreten. <\/strong><\/p>\n<p>Beide haben sich auf verdeckte Unterst\u00fctzung im Wahlkampf eingelassen. Es handelt sich klar um illegale Parteispenden. LobbyControl analysiert in einem heute ver\u00f6ffentlichten Briefing zum Fall Meuthen, wie der AfD-Chef seine illegalen Spenden vertuschen wollte und gleichzeitig gegen das Transparenzgebot des Parteiengesetzes k\u00e4mpft.<\/p>\n<p>Ulrich M\u00fcller von LobbyControl kommentiert:<\/p>\n<p>\u201eJ\u00f6rg Meuthen und Guido Reil sind nicht l\u00e4nger tragbar. Sie haben illegale Spenden angenommen und dieses Fehlverhalten verheimlicht und vertuscht. Dass sie nun auch noch ank\u00fcndigen, juristisch gegen die Strafbescheide vorzugehen, ist an Dreistigkeit kaum zu \u00fcberbieten. Statt aufzukl\u00e4ren, welche Strippenzieher hinter den illegalen Spenden stecken, tun sie das genaue Gegenteil und versuchen, diese verdeckten Geldfl\u00fcsse nachtr\u00e4glich zu legitimieren. Das ist Gift f\u00fcr unsere Demokratie. B\u00fcrgerinnen und B\u00fcrger m\u00fcssen wissen, wer unsere Politiker\/innen mit Geld unterst\u00fctzt und wem die Parteien zum Dank verpflichtet sind.\u201c<\/p>\n<p>M\u00fcller weiter: \u201eJ\u00f6rg Meuthen und Guido Reil tragen pers\u00f6nlich Verantwortung f\u00fcr diese verdeckte Einflussnahme. Sie haben\u00a0 der Unterst\u00fctzung ausdr\u00fccklich zugestimmt. Deshalb m\u00fcssen sie jetzt die Konsequenz ziehen und als AfD-Bundessprecher und AfD-Vorstandsmitglied zur\u00fccktreten.\u201c<\/p>\n<p>Die Position der AfD, dass es sich nicht um Parteispenden handele, ist unhaltbar. Ohne Mitwirkung von Meuthen und Reil h\u00e4tten die \u00fcber die Schweizer Werbeagentur Goal AG organisierten, verdeckten Kampagnen so nicht stattfinden k\u00f6nnen. Deshalb muss sich die AfD das als Spende zurechnen lassen. Weil die wahren Geldgeber verheimlicht wurden, sind die Spenden illegal. \u201eStatt das Fehlverhalten f\u00fchrender Parteifunktion\u00e4re zu sch\u00fctzen, sollte die AfD die Strafen akzeptieren, endlich Konsequenzen ziehen und den Skandal umfassend aufkl\u00e4ren&#8220;, so M\u00fcller.<\/p>\n","protected":false},"excerpt":{"rendered":"<p>Berlin, 17.04.2019 &#8211; LobbyControl begr\u00fc\u00dft die Strafbescheide der Bundestagsverwaltung an die AfD und fordert J\u00f6rg Meuthen und Guido Reil auf, als AfD-Bundessprecher bzw. AfD-Vorstandsmitglied zur\u00fcckzutreten. Beide haben sich auf verdeckte &hellip; <a href=\"https:\/\/www.schiebener.net\/wordpress\/pressemitteilung-lobbycontrol-fordert-ruecktritt-von-meuthen-und-reil\/\" class=\"more-link\"><span class=\"screen-reader-text\">\u201ePressemitteilung: LobbyControl fordert R\u00fccktritt von Meuthen und Reil\u201c <\/span>weiterlesen<\/a><\/p>\n","protected":false},"author":17,"featured_media":0,"comment_status":"open","ping_status":"open","sticky":false,"template":"","format":"standard","meta":{"footnotes":""},"categories":[303,24,1043],"tags":[4271,6424,5724,8126,655],"class_list":["post-43892","post","type-post","status-publish","format-standard","hentry","category-in-unserem-briefkasten","category-politik","category-pressemitteilungen","tag-afd","tag-guido-reil","tag-lobbycontrol","tag-meuthen","tag-pressemitteilung"],"_links":{"self":[{"href":"https:\/\/www.schiebener.net\/wordpress\/wp-json\/wp\/v2\/posts\/43892","targetHints":{"allow":["GET"]}}],"collection":[{"href":"https:\/\/www.schiebener.net\/wordpress\/wp-json\/wp\/v2\/posts"}],"about":[{"href":"https:\/\/www.schiebener.net\/wordpress\/wp-json\/wp\/v2\/types\/post"}],"author":[{"embeddable":true,"href":"https:\/\/www.schiebener.net\/wordpress\/wp-json\/wp\/v2\/users\/17"}],"replies":[{"embeddable":true,"href":"https:\/\/www.schiebener.net\/wordpress\/wp-json\/wp\/v2\/comments?post=43892"}],"version-history":[{"count":0,"href":"https:\/\/www.schiebener.net\/wordpress\/wp-json\/wp\/v2\/posts\/43892\/revisions"}],"wp:attachment":[{"href":"https:\/\/www.schiebener.net\/wordpress\/wp-json\/wp\/v2\/media?parent=43892"}],"wp:term":[{"taxonomy":"category","embeddable":true,"href":"https:\/\/www.schiebener.net\/wordpress\/wp-json\/wp\/v2\/categories?post=43892"},{"taxonomy":"post_tag","embeddable":true,"href":"https:\/\/www.schiebener.net\/wordpress\/wp-json\/wp\/v2\/tags?post=43892"}],"curies":[{"name":"wp","href":"https:\/\/api.w.org\/{rel}","templated":true}]}}