{"id":43765,"date":"2019-03-27T20:14:07","date_gmt":"2019-03-27T19:14:07","guid":{"rendered":"https:\/\/www.schiebener.net\/wordpress\/?p=43765"},"modified":"2019-03-27T20:14:07","modified_gmt":"2019-03-27T19:14:07","slug":"spd-winterberg-terminanpassung-werkstattgespraech-mobilitaet","status":"publish","type":"post","link":"https:\/\/www.schiebener.net\/wordpress\/spd-winterberg-terminanpassung-werkstattgespraech-mobilitaet\/","title":{"rendered":"SPD Winterberg: Terminanpassung Werkstattgespr\u00e4ch \u201eMobilit\u00e4t\u201c"},"content":{"rendered":"<pre>Das Werkstattgespr\u00e4ch \"Mobilit\u00e4t\" am Freitag, den 5. April 2019, zu dem\r\nalle B\u00fcrgerinnen und B\u00fcrger aus Winterberg eingeladen sind, beginnt aus\r\norganisatorischen Gr\u00fcnden eine Stunde fr\u00fcher als angek\u00fcndigt um 17:00 Uhr\r\nim \"Gasthof Lumme\" in Z\u00fcschen.<\/pre>\n<p>Zum Inhalt siehe die Ank\u00fcndigung hier im Blog:<\/p>\n<p><a href=\"https:\/\/www.schiebener.net\/wordpress\/im-briefkasten-winterberger-sozialdemokraten-wollen-zukunft-gestalten-werkstattgespraeche-geplant\/\" target=\"_blank\" rel=\"noopener noreferrer\">https:\/\/www.schiebener.net\/wordpress\/im-briefkasten-winterberger-sozialdemokraten-wollen-zukunft-gestalten-werkstattgespraeche-geplant\/<\/a><\/p>\n","protected":false},"excerpt":{"rendered":"<p>Das Werkstattgespr\u00e4ch &#8222;Mobilit\u00e4t&#8220; am Freitag, den 5. April 2019, zu dem alle B\u00fcrgerinnen und B\u00fcrger aus Winterberg eingeladen sind, beginnt aus organisatorischen Gr\u00fcnden eine Stunde fr\u00fcher als angek\u00fcndigt um 17:00 &hellip; <a href=\"https:\/\/www.schiebener.net\/wordpress\/spd-winterberg-terminanpassung-werkstattgespraech-mobilitaet\/\" class=\"more-link\"><span class=\"screen-reader-text\">\u201eSPD Winterberg: Terminanpassung Werkstattgespr\u00e4ch \u201eMobilit\u00e4t\u201c\u201c <\/span>weiterlesen<\/a><\/p>\n","protected":false},"author":17,"featured_media":0,"comment_status":"open","ping_status":"open","sticky":false,"template":"","format":"standard","meta":{"footnotes":""},"categories":[303,80,24,1043,618],"tags":[],"class_list":["post-43765","post","type-post","status-publish","format-standard","hentry","category-in-unserem-briefkasten","category-lokales","category-politik","category-pressemitteilungen","category-verkehr"],"_links":{"self":[{"href":"https:\/\/www.schiebener.net\/wordpress\/wp-json\/wp\/v2\/posts\/43765","targetHints":{"allow":["GET"]}}],"collection":[{"href":"https:\/\/www.schiebener.net\/wordpress\/wp-json\/wp\/v2\/posts"}],"about":[{"href":"https:\/\/www.schiebener.net\/wordpress\/wp-json\/wp\/v2\/types\/post"}],"author":[{"embeddable":true,"href":"https:\/\/www.schiebener.net\/wordpress\/wp-json\/wp\/v2\/users\/17"}],"replies":[{"embeddable":true,"href":"https:\/\/www.schiebener.net\/wordpress\/wp-json\/wp\/v2\/comments?post=43765"}],"version-history":[{"count":0,"href":"https:\/\/www.schiebener.net\/wordpress\/wp-json\/wp\/v2\/posts\/43765\/revisions"}],"wp:attachment":[{"href":"https:\/\/www.schiebener.net\/wordpress\/wp-json\/wp\/v2\/media?parent=43765"}],"wp:term":[{"taxonomy":"category","embeddable":true,"href":"https:\/\/www.schiebener.net\/wordpress\/wp-json\/wp\/v2\/categories?post=43765"},{"taxonomy":"post_tag","embeddable":true,"href":"https:\/\/www.schiebener.net\/wordpress\/wp-json\/wp\/v2\/tags?post=43765"}],"curies":[{"name":"wp","href":"https:\/\/api.w.org\/{rel}","templated":true}]}}