{"id":43737,"date":"2019-03-22T20:27:17","date_gmt":"2019-03-22T19:27:17","guid":{"rendered":"https:\/\/www.schiebener.net\/wordpress\/?p=43737"},"modified":"2019-03-22T20:27:17","modified_gmt":"2019-03-22T19:27:17","slug":"spd-ag-60-im-hochsauerlandkreis-unterstuetzt-fridays-for-future","status":"publish","type":"post","link":"https:\/\/www.schiebener.net\/wordpress\/spd-ag-60-im-hochsauerlandkreis-unterstuetzt-fridays-for-future\/","title":{"rendered":"SPD AG 60+ im Hochsauerlandkreis unterst\u00fctzt \u201eFridays for Future\u201c."},"content":{"rendered":"<p><img loading=\"lazy\" decoding=\"async\" class=\"aligncenter wp-image-43740\" src=\"https:\/\/www.schiebener.net\/wordpress\/wp-content\/uploads\/2019\/03\/AG60plusFridaysForFuture.jpg\" alt=\"\" width=\"700\" height=\"525\" srcset=\"https:\/\/www.schiebener.net\/wordpress\/wp-content\/uploads\/2019\/03\/AG60plusFridaysForFuture.jpg 1024w, https:\/\/www.schiebener.net\/wordpress\/wp-content\/uploads\/2019\/03\/AG60plusFridaysForFuture-300x225.jpg 300w, https:\/\/www.schiebener.net\/wordpress\/wp-content\/uploads\/2019\/03\/AG60plusFridaysForFuture-768x576.jpg 768w\" sizes=\"auto, (max-width: 709px) 85vw, (max-width: 909px) 67vw, (max-width: 984px) 61vw, (max-width: 1362px) 45vw, 600px\" \/><strong>Dass auch im Sauerland Freitagsdemonstrationen \u201eFridays for Future\u201c von Sch\u00fclerinnen und Sch\u00fclern organisiert werden, wird von den Mitgliedern der SPD Arbeitsgemeinschaft 60plus im HSK begr\u00fc\u00dft und soll in den einzelnen St\u00e4dten im HSK unterst\u00fctzt werden.<\/strong><\/p>\n<p><em>(Pressemitteilung der SPD-AG 60+ im HSK)<\/em><\/p>\n<p>Der Vorstand habe sich in seiner letzten Sitzung einstimmig f\u00fcr die Unterst\u00fctzung der Sch\u00fcler entschieden.<\/p>\n<p>Klar sei, dass die Demonstrationen nur erfolgreich sein k\u00f6nnen, wenn sie w\u00e4hrend der Schulzeit stattfinden.<\/p>\n<p>Die Forderung, die Demonstrationen in der schulfreien Zeit abzuhalten, h\u00e4lt die AG 60plus f\u00fcr v\u00f6llig \u00fcberzogen. Sie w\u00fcrde m\u00f6glicherweise in der Hoffnung vorgetragen, den Protest der Sch\u00fclerinnen und Sch\u00fcler totlaufen zu lassen. Denn, so die AG 60+, &#8222;wieviel \u00d6ffentlichkeit erreicht man mit einer Demo f\u00fcr den Klimaschutz an Freitagsnachmittagen nach der Schule?&#8220;<\/p>\n<p>Wer das fordere, k\u00f6nnte ebenso fordern, dass alle Streiks der Gewerkschaften und Ihrer Mitglieder nur nach der regul\u00e4ren Arbeitszeit stattfinden d\u00fcrfen. Das sei &#8222;einfach nur unsinnig&#8220;.<\/p>\n<p>Viele, die heute so argumentierten, h\u00e4tten in den 60er Jahren w\u00e4hrend der Pflichtvorlesungen an den Universit\u00e4ten der BRD demonstriert und die Vorlesungen \u00fcber einen l\u00e4ngeren Zeitraum bestreikt. Die AG 60+ fragt: &#8222;Schon vergessen?&#8220;<\/p>\n<p>Die Mitglieder der AG 60+ wollen sich an den Demonstrationen beteiligen. Dabei werde allerdings ausschlie\u00dflich die parteipolitisch neutrale Unterst\u00fctzung der Anliegen und Forderungen der Sch\u00fclerinnen und Sch\u00fcler durch Seniorinnen und Senioren im Vordergrund stehen.<\/p>\n","protected":false},"excerpt":{"rendered":"<p>Dass auch im Sauerland Freitagsdemonstrationen \u201eFridays for Future\u201c von Sch\u00fclerinnen und Sch\u00fclern organisiert werden, wird von den Mitgliedern der SPD Arbeitsgemeinschaft 60plus im HSK begr\u00fc\u00dft und soll in den einzelnen &hellip; <a href=\"https:\/\/www.schiebener.net\/wordpress\/spd-ag-60-im-hochsauerlandkreis-unterstuetzt-fridays-for-future\/\" class=\"more-link\"><span class=\"screen-reader-text\">\u201eSPD AG 60+ im Hochsauerlandkreis unterst\u00fctzt \u201eFridays for Future\u201c.\u201c <\/span>weiterlesen<\/a><\/p>\n","protected":false},"author":17,"featured_media":0,"comment_status":"open","ping_status":"open","sticky":false,"template":"","format":"standard","meta":{"footnotes":""},"categories":[3,303,80,24,549],"tags":[8075,655,5325],"class_list":["post-43737","post","type-post","status-publish","format-standard","hentry","category-bildung-und-schule","category-in-unserem-briefkasten","category-lokales","category-politik","category-umwelt","tag-fridays-for-future","tag-pressemitteilung","tag-spd-ag-60-plus"],"_links":{"self":[{"href":"https:\/\/www.schiebener.net\/wordpress\/wp-json\/wp\/v2\/posts\/43737","targetHints":{"allow":["GET"]}}],"collection":[{"href":"https:\/\/www.schiebener.net\/wordpress\/wp-json\/wp\/v2\/posts"}],"about":[{"href":"https:\/\/www.schiebener.net\/wordpress\/wp-json\/wp\/v2\/types\/post"}],"author":[{"embeddable":true,"href":"https:\/\/www.schiebener.net\/wordpress\/wp-json\/wp\/v2\/users\/17"}],"replies":[{"embeddable":true,"href":"https:\/\/www.schiebener.net\/wordpress\/wp-json\/wp\/v2\/comments?post=43737"}],"version-history":[{"count":0,"href":"https:\/\/www.schiebener.net\/wordpress\/wp-json\/wp\/v2\/posts\/43737\/revisions"}],"wp:attachment":[{"href":"https:\/\/www.schiebener.net\/wordpress\/wp-json\/wp\/v2\/media?parent=43737"}],"wp:term":[{"taxonomy":"category","embeddable":true,"href":"https:\/\/www.schiebener.net\/wordpress\/wp-json\/wp\/v2\/categories?post=43737"},{"taxonomy":"post_tag","embeddable":true,"href":"https:\/\/www.schiebener.net\/wordpress\/wp-json\/wp\/v2\/tags?post=43737"}],"curies":[{"name":"wp","href":"https:\/\/api.w.org\/{rel}","templated":true}]}}