{"id":4373,"date":"2009-08-20T18:16:59","date_gmt":"2009-08-20T16:16:59","guid":{"rendered":"http:\/\/www.schiebener.net\/wordpress\/?p=4373"},"modified":"2009-08-20T21:28:03","modified_gmt":"2009-08-20T19:28:03","slug":"umleitung-abo-einbruch-bei-der-waz-gruppe-auch-die-westfalenpost-betroffen","status":"publish","type":"post","link":"https:\/\/www.schiebener.net\/wordpress\/umleitung-abo-einbruch-bei-der-waz-gruppe-auch-die-westfalenpost-betroffen\/","title":{"rendered":"Umleitung: Abo-Einbruch bei der WAZ-Gruppe. Auch die Westfalenpost betroffen."},"content":{"rendered":"<p><img loading=\"lazy\" decoding=\"async\" class=\"alignleft size-full wp-image-2311\" src=\"http:\/\/www.schiebener.net\/wordpress\/wp-content\/uploads\/2009\/02\/umleitung.gif\" alt=\"\" width=\"110\" height=\"28\" \/><strong>Einheitsbrei schmeckt Lesern nicht:<\/strong> Die <a href=\"http:\/\/www.taz.de\/\" target=\"_blank\">taz<\/a> berichtet <a href=\"http:\/\/www.taz.de\/1\/leben\/medien\/artikel\/1\/einheitsbrei-schmeckt-lesern-nicht\/\" target=\"_blank\">heute \u00fcber den dramatischen(?) R\u00fcckgang der Abo-Zahlen <\/a>bei der <a href=\"http:\/\/www.derwesten.de\" target=\"_blank\">WAZ-Zeitungsgruppe <\/a>(u.a. WAZ, WR, NRZ und WP).<\/p>\n<blockquote><p>Nach Einf\u00fchrung der &#8222;WAZ&#8220;-Zentralredaktion sind die Abozahlen der Zeitungsgruppe eingebrochen. Die Wut im Haus auf Chefredakteur Ulrich Reitz w\u00e4chst.<\/p><\/blockquote>\n<p>\u00dcber die im Sauerland als &#8222;Heimatzeitung&#8220; auf dem Markt positionierte Westfalenpost hei\u00dft es:<\/p>\n<blockquote><p>Doch selbst wer dem Zentralpool bislang entkommen ist, hat nichts zu lachen: Auch die <em>Westfalenpost (WP)<\/em> aus Hagen, die als einziges WAZ-Blatt in NRW nicht vom Essener Newsdesk versorgt wird, verlor dramatisch. Sie<em> <\/em>versteht sich zwar offensiv als &#8222;Heimatzeitung&#8220; im \u00f6stlichen Westfalen und im Sauerland, musste aber als Preis f\u00fcr ihre Eigenst\u00e4ndigkeit im Fr\u00fchsommer mehrere Lokalredaktionen schlie\u00dfen &#8211; mit klaren Folgen: Die <em>WP<\/em> hat im Vergleich zum Juli 2008 fast 10 Prozent ihrer Abos verloren.<\/p><\/blockquote>\n<p><strong>Update<\/strong>:Ich habe <a href=\"http:\/\/www.schiebener.net\/wordpress\/?s=westfalenpost\" target=\"_blank\">viele Artikel zum Thema <\/a>(bitte ein bisschen scrollen und einiges \u00fcberspringen!) in diesem Blog geschrieben, m\u00f6chte aber ganz besonders auf <a href=\"http:\/\/www.schiebener.net\/wordpress\/?p=1273\" target=\"_blank\">diesen einen vom 26. November 2008<\/a> hinweisen. Dort hatte ich das Dilemma der Westfalenpost eigentlich schon abgehandelt und erkl\u00e4rt, aus welchen Gr\u00fcnden die Abos wegbrechen. Ach, und <a href=\"http:\/\/www.schiebener.net\/wordpress\/?p=1236\" target=\"_blank\">hier ist noch einer vom 23. November 2008.<br \/>\n<\/a><\/p>\n","protected":false},"excerpt":{"rendered":"<p>Einheitsbrei schmeckt Lesern nicht: Die taz berichtet heute \u00fcber den dramatischen(?) R\u00fcckgang der Abo-Zahlen bei der WAZ-Zeitungsgruppe (u.a. WAZ, WR, NRZ und WP). Nach Einf\u00fchrung der &#8222;WAZ&#8220;-Zentralredaktion sind die Abozahlen &hellip; <a href=\"https:\/\/www.schiebener.net\/wordpress\/umleitung-abo-einbruch-bei-der-waz-gruppe-auch-die-westfalenpost-betroffen\/\" class=\"more-link\"><span class=\"screen-reader-text\">\u201eUmleitung: Abo-Einbruch bei der WAZ-Gruppe. Auch die Westfalenpost betroffen.\u201c <\/span>weiterlesen<\/a><\/p>\n","protected":false},"author":3,"featured_media":0,"comment_status":"open","ping_status":"open","sticky":false,"template":"","format":"standard","meta":{"footnotes":""},"categories":[80,32],"tags":[380,340],"class_list":["post-4373","post","type-post","status-publish","format-standard","hentry","category-lokales","category-medien","tag-waz-krise","tag-westfalenpost"],"_links":{"self":[{"href":"https:\/\/www.schiebener.net\/wordpress\/wp-json\/wp\/v2\/posts\/4373","targetHints":{"allow":["GET"]}}],"collection":[{"href":"https:\/\/www.schiebener.net\/wordpress\/wp-json\/wp\/v2\/posts"}],"about":[{"href":"https:\/\/www.schiebener.net\/wordpress\/wp-json\/wp\/v2\/types\/post"}],"author":[{"embeddable":true,"href":"https:\/\/www.schiebener.net\/wordpress\/wp-json\/wp\/v2\/users\/3"}],"replies":[{"embeddable":true,"href":"https:\/\/www.schiebener.net\/wordpress\/wp-json\/wp\/v2\/comments?post=4373"}],"version-history":[{"count":0,"href":"https:\/\/www.schiebener.net\/wordpress\/wp-json\/wp\/v2\/posts\/4373\/revisions"}],"wp:attachment":[{"href":"https:\/\/www.schiebener.net\/wordpress\/wp-json\/wp\/v2\/media?parent=4373"}],"wp:term":[{"taxonomy":"category","embeddable":true,"href":"https:\/\/www.schiebener.net\/wordpress\/wp-json\/wp\/v2\/categories?post=4373"},{"taxonomy":"post_tag","embeddable":true,"href":"https:\/\/www.schiebener.net\/wordpress\/wp-json\/wp\/v2\/tags?post=4373"}],"curies":[{"name":"wp","href":"https:\/\/api.w.org\/{rel}","templated":true}]}}