{"id":43718,"date":"2019-03-18T18:17:46","date_gmt":"2019-03-18T17:17:46","guid":{"rendered":"https:\/\/www.schiebener.net\/wordpress\/?p=43718"},"modified":"2019-03-18T18:17:46","modified_gmt":"2019-03-18T17:17:46","slug":"im-briefkasten-winterberger-sozialdemokraten-wollen-zukunft-gestalten-werkstattgespraeche-geplant","status":"publish","type":"post","link":"https:\/\/www.schiebener.net\/wordpress\/im-briefkasten-winterberger-sozialdemokraten-wollen-zukunft-gestalten-werkstattgespraeche-geplant\/","title":{"rendered":"Im Briefkasten: Winterberger Sozialdemokraten wollen Zukunft gestalten &#8211; Werkstattgespr\u00e4che geplant"},"content":{"rendered":"<p><a href=\"https:\/\/www.schiebener.net\/wordpress\/wp-content\/uploads\/2019\/03\/TerminplanWerkstattgespr\u00e4che201190318.jpg\"><img loading=\"lazy\" decoding=\"async\" src=\"https:\/\/www.schiebener.net\/wordpress\/wp-content\/uploads\/2019\/03\/TerminplanWerkstattgespr\u00e4che201190318.jpg\" alt=\"\" width=\"1024\" height=\"1448\" class=\"aligncenter size-full wp-image-43719\" srcset=\"https:\/\/www.schiebener.net\/wordpress\/wp-content\/uploads\/2019\/03\/TerminplanWerkstattgespr\u00e4che201190318.jpg 1024w, https:\/\/www.schiebener.net\/wordpress\/wp-content\/uploads\/2019\/03\/TerminplanWerkstattgespr\u00e4che201190318-212x300.jpg 212w, https:\/\/www.schiebener.net\/wordpress\/wp-content\/uploads\/2019\/03\/TerminplanWerkstattgespr\u00e4che201190318-768x1086.jpg 768w, https:\/\/www.schiebener.net\/wordpress\/wp-content\/uploads\/2019\/03\/TerminplanWerkstattgespr\u00e4che201190318-724x1024.jpg 724w\" sizes=\"auto, (max-width: 709px) 85vw, (max-width: 909px) 67vw, (max-width: 1362px) 62vw, 840px\" \/><\/a><strong>Am 19.02.2019 tagte der neue Vorstand des jungen Ortsvereins SPD-Winterberg in seiner konstituierenden Sitzung in Altenfeld im Gasthof W\u00fcllner.<\/strong>  <\/p>\n<p><em>(Pressemitteilung der SPD Winterberg)<\/em><\/p>\n<p>Die Sozialdemokraten werden k\u00fcnftig ihre Sitzungen abwechselnd in den verschiedenen Ortsteilen von Winterberg durchf\u00fchren, um vor Ort die M\u00f6glichkeit zu haben, mit den B\u00fcrgerinnen und B\u00fcrgern in den Dialog zu kommen. Neben verschiedenen Punkten zur zuk\u00fcnftigen Vorstandsarbeit ging es zun\u00e4chst um die bevorstehende Europawahl am 26. Mai.<\/p>\n<p>&#8222;Die Europ\u00e4ische Union ist mehr als nur eine Handels- und Wirtschaftsunion der Mitgliedsl\u00e4nder. Die Europ\u00e4ische Union ist seit \u00fcber 70 Jahren der Garant f\u00fcr Frieden und wir wollen, dass das so bleibt&#8220;, so die neue Doppelspitze in der SPD, Anja Licher-Stahlschmidt und J\u00f6rg Burmann. <\/p>\n<p><strong>Sozialdemokraten starten Themenreihe mit Werkstattgespr\u00e4chen<\/strong><\/p>\n<p>&#8222;Wir wollen die Meinung der B\u00fcrgerinnen und B\u00fcrger aus Winterberg erfahren. Uns interessiert vor allem, wo der Schuh dr\u00fcckt und was aus ihrer Sicht im gesamten Stadtgebiet besser werden m\u00fcsste&#8220;, so die einhellige Meinung des neuen Vorstands.<\/p>\n<p>Der Vorstand stellte zudem auf der Sitzung erste \u00dcberlegungen zur Kommunalwahl im n\u00e4chsten Jahr an. Die SPD Winterberg wird ihr Programm &#8222;Unsere Stadt 2020&#8220; weiterentwickeln und konkretisieren. Hierzu sind in den kommenden Monaten verschiedene Themenwerkst\u00e4tten zu den Schwerpunktthemen &#8222;Mobilit\u00e4t&#8220;, &#8222;Soziales&#8220;, &#8222;Wirtschaft&#8220; und &#8222;Wohnen&#8220; geplant. <\/p>\n<p>Die Werkstattgespr\u00e4che starten am Freitag, den 5. April 2019, um 18:00 Uhr in Z\u00fcschen im &#8222;Gasthof Lumme&#8220; mit verschiedenen  Diskussionsrunden rund um das Thema Mobilit\u00e4t. Hier ist die Meinung der Winterberger B\u00fcrgerinnen und B\u00fcrger aus dem gesamten Stadtgebiet gefragt. <\/p>\n<p>Uns interessiert zum Beispiel die Sicht der Winterberger Bev\u00f6lkerung zur aktuellen Situation im \u00d6PNV oder was w\u00fcrde die pers\u00f6nliche Mobilt\u00e4t verbessern und wo bestehen Barrieren zur Teilhabe am t\u00e4glichen Leben im Quartier. Wir k\u00f6nnten dar\u00fcber reden, wie E-Bikes einen Anteil zur neuen Beweglichkeit leisten k\u00f6nnen. Ebenso m\u00f6chten wir die Meinungen zum Zustand und zum Erhalt unserer st\u00e4dtischen Stra\u00dfen besprechen und wie aus Sicht der Einwohner die Verkehrssituation im gesamten Stadtgebiet verbessert werden k\u00f6nnte. Wo gibt es Potenzial bei der Lenkung der Verkehrsstr\u00f6me? Wir m\u00f6chten einfach \u00fcber alles reden, was die Winterberger B\u00fcrgerinnen und B\u00fcrger zu den Themen bewegt. <\/p>\n<p>Die Werkstattgespr\u00e4che werden unterst\u00fctzt durch Expertenwissen von Ideen- und Impulsgebern aus der Wirtschaft, von Verb\u00e4nden und Interessenvertretungen. Die Winterberger Sozialdemokraten erwarten interessante Diskussionsrunden und freuen sich auf m\u00f6glichst viele Meinungen aus der Winterberger Bev\u00f6lkerung. <\/p>\n<p>Sie k\u00f6nnen uns aber auch schon im Vorfeld Ihre Meinung mitteilen oder Anregungen f\u00fcr weitere Themen geben. Schreiben Sie uns einfach eine EMail mit dem Betreff &#8222;Mobilit\u00e4t&#8220; an <a href=\"mailto:kontakt@spd-winterberg.de\" rel=\"noopener noreferrer\" target=\"_blank\">kontakt@spd-winterberg.de<\/a>. Weitere Einzelheiten zu den Veranstaltungen werden im Vorfeld in der lokalen Presse und den Sozialen Medien bekannt gegeben.<\/p>\n","protected":false},"excerpt":{"rendered":"<p>Am 19.02.2019 tagte der neue Vorstand des jungen Ortsvereins SPD-Winterberg in seiner konstituierenden Sitzung in Altenfeld im Gasthof W\u00fcllner. (Pressemitteilung der SPD Winterberg) Die Sozialdemokraten werden k\u00fcnftig ihre Sitzungen abwechselnd &hellip; <a href=\"https:\/\/www.schiebener.net\/wordpress\/im-briefkasten-winterberger-sozialdemokraten-wollen-zukunft-gestalten-werkstattgespraeche-geplant\/\" class=\"more-link\"><span class=\"screen-reader-text\">\u201eIm Briefkasten: Winterberger Sozialdemokraten wollen Zukunft gestalten &#8211; Werkstattgespr\u00e4che geplant\u201c <\/span>weiterlesen<\/a><\/p>\n","protected":false},"author":17,"featured_media":0,"comment_status":"open","ping_status":"open","sticky":false,"template":"","format":"standard","meta":{"footnotes":""},"categories":[303,80,24,1043],"tags":[655,1980],"class_list":["post-43718","post","type-post","status-publish","format-standard","hentry","category-in-unserem-briefkasten","category-lokales","category-politik","category-pressemitteilungen","tag-pressemitteilung","tag-spd-winterberg"],"_links":{"self":[{"href":"https:\/\/www.schiebener.net\/wordpress\/wp-json\/wp\/v2\/posts\/43718","targetHints":{"allow":["GET"]}}],"collection":[{"href":"https:\/\/www.schiebener.net\/wordpress\/wp-json\/wp\/v2\/posts"}],"about":[{"href":"https:\/\/www.schiebener.net\/wordpress\/wp-json\/wp\/v2\/types\/post"}],"author":[{"embeddable":true,"href":"https:\/\/www.schiebener.net\/wordpress\/wp-json\/wp\/v2\/users\/17"}],"replies":[{"embeddable":true,"href":"https:\/\/www.schiebener.net\/wordpress\/wp-json\/wp\/v2\/comments?post=43718"}],"version-history":[{"count":0,"href":"https:\/\/www.schiebener.net\/wordpress\/wp-json\/wp\/v2\/posts\/43718\/revisions"}],"wp:attachment":[{"href":"https:\/\/www.schiebener.net\/wordpress\/wp-json\/wp\/v2\/media?parent=43718"}],"wp:term":[{"taxonomy":"category","embeddable":true,"href":"https:\/\/www.schiebener.net\/wordpress\/wp-json\/wp\/v2\/categories?post=43718"},{"taxonomy":"post_tag","embeddable":true,"href":"https:\/\/www.schiebener.net\/wordpress\/wp-json\/wp\/v2\/tags?post=43718"}],"curies":[{"name":"wp","href":"https:\/\/api.w.org\/{rel}","templated":true}]}}