{"id":43619,"date":"2019-03-06T20:11:34","date_gmt":"2019-03-06T19:11:34","guid":{"rendered":"https:\/\/www.schiebener.net\/wordpress\/?p=43619"},"modified":"2019-03-06T20:26:53","modified_gmt":"2019-03-06T19:26:53","slug":"in-unserem-briefkasten-dirk-wiese-fuer-wahlrecht-ab-16-jahren","status":"publish","type":"post","link":"https:\/\/www.schiebener.net\/wordpress\/in-unserem-briefkasten-dirk-wiese-fuer-wahlrecht-ab-16-jahren\/","title":{"rendered":"In unserem Briefkasten: Dirk Wiese f\u00fcr Wahlrecht ab 16 Jahren"},"content":{"rendered":"<figure id=\"attachment_43620\" aria-describedby=\"caption-attachment-43620\" style=\"width: 700px\" class=\"wp-caption aligncenter\"><a href=\"https:\/\/www.schiebener.net\/wordpress\/wp-content\/uploads\/2019\/03\/DirkWiese20190306.jpg\" target=\"_blank\" rel=\"noopener noreferrer\"><img loading=\"lazy\" decoding=\"async\" class=\"wp-image-43620\" src=\"https:\/\/www.schiebener.net\/wordpress\/wp-content\/uploads\/2019\/03\/DirkWiese20190306.jpg\" alt=\"\" width=\"700\" height=\"467\" srcset=\"https:\/\/www.schiebener.net\/wordpress\/wp-content\/uploads\/2019\/03\/DirkWiese20190306.jpg 1024w, https:\/\/www.schiebener.net\/wordpress\/wp-content\/uploads\/2019\/03\/DirkWiese20190306-300x200.jpg 300w, https:\/\/www.schiebener.net\/wordpress\/wp-content\/uploads\/2019\/03\/DirkWiese20190306-768x512.jpg 768w\" sizes=\"auto, (max-width: 709px) 85vw, (max-width: 909px) 67vw, (max-width: 984px) 61vw, (max-width: 1362px) 45vw, 600px\" \/><\/a><figcaption id=\"caption-attachment-43620\" class=\"wp-caption-text\">Tritt f\u00fcr eine Senkung des Wahlalters auf 16 Jahre ein &#8211; Dirk Wiese (foto: spd)<\/figcaption><\/figure>\n<p><strong>Der heimische SPD-Bundestagsabgeordnete, Dirk Wiese, nimmt Stellung zur <a href=\"https:\/\/www.jetzt.de\/interview\/waehlen-mit-16-ja-oder-nein-572570\" target=\"_blank\" rel=\"noopener noreferrer\">Debatte um die Absenkung des Wahlalters auf 16 Jahre<\/a> &#8211; und begr\u00fcndet, warum das Absenken sinnvoll ist.<\/strong><\/p>\n<p><em>(Pressemitteilung der SPD HSK \/ Dirk Wiese)<\/em><\/p>\n<p>Die <a href=\"https:\/\/www.tagesschau.de\/inland\/schueler-klimaschutz-101.html\" target=\"_blank\" rel=\"noopener noreferrer\">Demonstrationen von Sch\u00fclerinnen und Sch\u00fclern f\u00fcr mehr Klimaschutz<\/a> zeigen: Junge Menschen sind entgegen aller Unkenrufe nicht weniger politisch als \u00e4ltere Menschen. Als 16-J\u00e4hriger darf man bereits entscheiden, ob man zu einer Organspende bereit ist. Warum eigentlich nicht \u00fcber die Zusammensetzung des Deutschen Bundestages?<\/p>\n<p>Die SPD-Bundestagsfraktion unterst\u00fctzt Justizministerin Katarina Barley bei der Forderung, das Wahlalter auf 16 abzusenken.<\/p>\n<p>Dirk Wiese berichtet aus seinem Arbeitsalltag in Berlin: \u201eViele Diskussionen mit Sch\u00fclerinnen und Sch\u00fclern im Hochsauerlandkreis und bei Klassenfahrten in Berlin zeigen mir immer wieder, wie intensiv sich die j\u00fcngere Generation mit aktuellen politischen Themen auseinandersetzt. Man sollte mutig sein und Ihnen das vollumf\u00e4ngliche Wahlrecht geben. Die Argumente dagegen sind aus meiner Sicht nicht stichhaltig. Die Bedenken waren bei der Absenkung von 21 auf 18 Jahre identisch und haben sich schon als haltlos erwiesen.\u201c<\/p>\n","protected":false},"excerpt":{"rendered":"<p>Der heimische SPD-Bundestagsabgeordnete, Dirk Wiese, nimmt Stellung zur Debatte um die Absenkung des Wahlalters auf 16 Jahre &#8211; und begr\u00fcndet, warum das Absenken sinnvoll ist. (Pressemitteilung der SPD HSK \/ &hellip; <a href=\"https:\/\/www.schiebener.net\/wordpress\/in-unserem-briefkasten-dirk-wiese-fuer-wahlrecht-ab-16-jahren\/\" class=\"more-link\"><span class=\"screen-reader-text\">\u201eIn unserem Briefkasten: Dirk Wiese f\u00fcr Wahlrecht ab 16 Jahren\u201c <\/span>weiterlesen<\/a><\/p>\n","protected":false},"author":17,"featured_media":0,"comment_status":"open","ping_status":"open","sticky":false,"template":"","format":"standard","meta":{"footnotes":""},"categories":[303,24,1043],"tags":[3104,8058,8059],"class_list":["post-43619","post","type-post","status-publish","format-standard","hentry","category-in-unserem-briefkasten","category-politik","category-pressemitteilungen","tag-dirk-wiese","tag-wahlalter","tag-wahlrecht"],"_links":{"self":[{"href":"https:\/\/www.schiebener.net\/wordpress\/wp-json\/wp\/v2\/posts\/43619","targetHints":{"allow":["GET"]}}],"collection":[{"href":"https:\/\/www.schiebener.net\/wordpress\/wp-json\/wp\/v2\/posts"}],"about":[{"href":"https:\/\/www.schiebener.net\/wordpress\/wp-json\/wp\/v2\/types\/post"}],"author":[{"embeddable":true,"href":"https:\/\/www.schiebener.net\/wordpress\/wp-json\/wp\/v2\/users\/17"}],"replies":[{"embeddable":true,"href":"https:\/\/www.schiebener.net\/wordpress\/wp-json\/wp\/v2\/comments?post=43619"}],"version-history":[{"count":0,"href":"https:\/\/www.schiebener.net\/wordpress\/wp-json\/wp\/v2\/posts\/43619\/revisions"}],"wp:attachment":[{"href":"https:\/\/www.schiebener.net\/wordpress\/wp-json\/wp\/v2\/media?parent=43619"}],"wp:term":[{"taxonomy":"category","embeddable":true,"href":"https:\/\/www.schiebener.net\/wordpress\/wp-json\/wp\/v2\/categories?post=43619"},{"taxonomy":"post_tag","embeddable":true,"href":"https:\/\/www.schiebener.net\/wordpress\/wp-json\/wp\/v2\/tags?post=43619"}],"curies":[{"name":"wp","href":"https:\/\/api.w.org\/{rel}","templated":true}]}}