{"id":4359,"date":"2009-08-19T19:39:11","date_gmt":"2009-08-19T17:39:11","guid":{"rendered":"http:\/\/www.schiebener.net\/wordpress\/?p=4359"},"modified":"2009-08-19T19:42:34","modified_gmt":"2009-08-19T17:42:34","slug":"in-meinem-briefkasten-wahlkampfveranstaltung-der-bbl-in-der-lok","status":"publish","type":"post","link":"https:\/\/www.schiebener.net\/wordpress\/in-meinem-briefkasten-wahlkampfveranstaltung-der-bbl-in-der-lok\/","title":{"rendered":"In meinem Briefkasten: Wahlkampfveranstaltung der BBL in der &#8222;Lok&#8220;"},"content":{"rendered":"<blockquote><p><img loading=\"lazy\" decoding=\"async\" class=\"alignleft size-full wp-image-2182\" src=\"http:\/\/www.schiebener.net\/wordpress\/wp-content\/uploads\/2009\/02\/lt_briefkasten01.jpg\" alt=\"\" width=\"120\" height=\"91\" \/>Zu einer \u00e2\u20ac\u017eLesezeit\u00e2\u20ac\u0153 l\u00e4dt die<a href=\"http:\/\/www.briloner-buergerliste.de\/\" target=\"_blank\"> Briloner B\u00fcrger-Liste (BBL)<\/a> f\u00fcr kommenden Donnerstag (20. August), 20 Uhr, in die \u00e2\u20ac\u017eLok\u00e2\u20ac\u0153 im Alten Bahnhof ein. Unter dem Titel \u00e2\u20ac\u017eAlles Gr\u00fcn\u00e2\u20ac\u0153 geht es um fremdes Land, um Brennnesselsonne und englischen Harem, um Briefe aus dem Inneren, um den Mann, der B\u00e4ume pflanzte, um das Beispiel des Hummers und um gr\u00fcne Gedichte.<br \/>\nMitwirkende sind die Schauspielerin Beate Ritter und Christiane Kretzschmar aus der Alten Werkstatt &amp; B\u00fccher. Beide sind Kandidatinnen der BBL bei der Kommunalwahl am 30. August.<br \/>\nDiese Veranstaltung findet im Rahmen der Angebote zum 25j\u00e4hrigen Bestehen der BBL statt.<\/p><\/blockquote>\n","protected":false},"excerpt":{"rendered":"<p>Zu einer \u00e2\u20ac\u017eLesezeit\u00e2\u20ac\u0153 l\u00e4dt die Briloner B\u00fcrger-Liste (BBL) f\u00fcr kommenden Donnerstag (20. August), 20 Uhr, in die \u00e2\u20ac\u017eLok\u00e2\u20ac\u0153 im Alten Bahnhof ein. Unter dem Titel \u00e2\u20ac\u017eAlles Gr\u00fcn\u00e2\u20ac\u0153 geht es um &hellip; <a href=\"https:\/\/www.schiebener.net\/wordpress\/in-meinem-briefkasten-wahlkampfveranstaltung-der-bbl-in-der-lok\/\" class=\"more-link\"><span class=\"screen-reader-text\">\u201eIn meinem Briefkasten: Wahlkampfveranstaltung der BBL in der &#8222;Lok&#8220;\u201c <\/span>weiterlesen<\/a><\/p>\n","protected":false},"author":3,"featured_media":0,"comment_status":"open","ping_status":"open","sticky":false,"template":"","format":"standard","meta":{"footnotes":""},"categories":[303,80,24],"tags":[720,721,598],"class_list":["post-4359","post","type-post","status-publish","format-standard","hentry","category-in-unserem-briefkasten","category-lokales","category-politik","tag-bbl","tag-briloner-burgerliste","tag-kommunalwahlen"],"_links":{"self":[{"href":"https:\/\/www.schiebener.net\/wordpress\/wp-json\/wp\/v2\/posts\/4359","targetHints":{"allow":["GET"]}}],"collection":[{"href":"https:\/\/www.schiebener.net\/wordpress\/wp-json\/wp\/v2\/posts"}],"about":[{"href":"https:\/\/www.schiebener.net\/wordpress\/wp-json\/wp\/v2\/types\/post"}],"author":[{"embeddable":true,"href":"https:\/\/www.schiebener.net\/wordpress\/wp-json\/wp\/v2\/users\/3"}],"replies":[{"embeddable":true,"href":"https:\/\/www.schiebener.net\/wordpress\/wp-json\/wp\/v2\/comments?post=4359"}],"version-history":[{"count":0,"href":"https:\/\/www.schiebener.net\/wordpress\/wp-json\/wp\/v2\/posts\/4359\/revisions"}],"wp:attachment":[{"href":"https:\/\/www.schiebener.net\/wordpress\/wp-json\/wp\/v2\/media?parent=4359"}],"wp:term":[{"taxonomy":"category","embeddable":true,"href":"https:\/\/www.schiebener.net\/wordpress\/wp-json\/wp\/v2\/categories?post=4359"},{"taxonomy":"post_tag","embeddable":true,"href":"https:\/\/www.schiebener.net\/wordpress\/wp-json\/wp\/v2\/tags?post=4359"}],"curies":[{"name":"wp","href":"https:\/\/api.w.org\/{rel}","templated":true}]}}