{"id":43526,"date":"2019-02-22T23:28:46","date_gmt":"2019-02-22T22:28:46","guid":{"rendered":"https:\/\/www.schiebener.net\/wordpress\/?p=43526"},"modified":"2019-02-23T00:23:24","modified_gmt":"2019-02-22T23:23:24","slug":"pressemitteilung-der-spd-wie-wir-gut-und-sicher-leben-koennen","status":"publish","type":"post","link":"https:\/\/www.schiebener.net\/wordpress\/pressemitteilung-der-spd-wie-wir-gut-und-sicher-leben-koennen\/","title":{"rendered":"Pressemitteilung der SPD: &#8222;Wie wir gut und sicher leben k\u00f6nnen&#8220;"},"content":{"rendered":"<figure id=\"attachment_43528\" aria-describedby=\"caption-attachment-43528\" style=\"width: 127px\" class=\"wp-caption alignleft\"><img loading=\"lazy\" decoding=\"async\" class=\"wp-image-43528 \" src=\"https:\/\/www.schiebener.net\/wordpress\/wp-content\/uploads\/2019\/02\/LischkaBurkhard-Foto-Nils-B\u00f6hme-247x300.jpg\" alt=\"\" width=\"127\" height=\"155\" srcset=\"https:\/\/www.schiebener.net\/wordpress\/wp-content\/uploads\/2019\/02\/LischkaBurkhard-Foto-Nils-B\u00f6hme-247x300.jpg 247w, https:\/\/www.schiebener.net\/wordpress\/wp-content\/uploads\/2019\/02\/LischkaBurkhard-Foto-Nils-B\u00f6hme.jpg 640w\" sizes=\"auto, (max-width: 127px) 85vw, 127px\" \/><figcaption id=\"caption-attachment-43528\" class=\"wp-caption-text\">Kommt nach Marsberg: Burkhard Lischka (foto: Nils B\u00f6hme)<\/figcaption><\/figure>\n<p><strong>Auf Einladung des heimischen Bundestagsabgeordneten, Dirk Wiese, wird sein Kollege und innenpolitischer Sprecher der SPD Bundestagsfraktion, Burkhard Lischka, am 27. Februar 2019 um 17:00 Uhr im Deutschen Haus in Marsberg im Rahmen der Veranstaltungsreihe \u201eSPD-Bundestagsfraktion vor Ort\u201c \u00fcber die Herausforderungen sozialdemokratischer Innenpolitik sprechen.<\/strong><\/p>\n<p><em>(Pressemitteilung der SPD HSK im Wortlaut)<\/em><\/p>\n<p>Vom internationalen Terrorismus bis hin zu Wohnungseinbr\u00fcchen, vom Datenschutz und Cybersicherheit bis hin zu den vielen Fragen rund um Asyl und Migration oder einer vern\u00fcnftigen Ausstattung der Sicherheitsbeh\u00f6rden \u2013 das Themenfeld der Innenpolitik im Deutschen Bundestag ist breit gef\u00e4chert.<\/p>\n<p>Der Staat hat in den letzten Jahren viel f\u00fcr die Sicherheit getan. Personell und technisch wurde aufger\u00fcstet, Video\u00fcberwachung an neuralgischen Punkten wurde ausgeweitet und neue Kommunikationsmittel genutzt. Auch die Statistiken zeigen regelm\u00e4\u00dfig, dass unsere Welt sicherer wird, beispielsweise gibt es weniger Schwerkriminalit\u00e4t oder Hauseinbr\u00fcche als im letzten Jahr.<\/p>\n<p>Zwischen objektiver und subjektiver Sicherheit liegt jedoch oft eine gro\u00dfe Kluft. Denn wer selbst auch nur einen \u00dcbergriff erlebt hat, f\u00fchlt sich danach meist nicht mehr sicher. Die SPD-Bundestagsfraktion hat sich in diesem Zusammenhang unter anderem daf\u00fcr eingesetzt, dass 2019 f\u00fcr die Sicherheitsbeh\u00f6rden \u00fcber 3.000 neue Stellen zus\u00e4tzlich geschaffen wurden. Denn Sicherheit entscheidet sich vor Ort.<\/p>\n<p>Daneben umfasst Innenpolitik aber auch weitere Themen. So setzt sich die SPD-Bundestagsfraktion seit langem f\u00fcr die Schaffung eines Einwanderungsgesetzes ein.<\/p>\n<p>Im Anschluss an das Referat f\u00fchrt Dirk Wiese durch die Podiumsdiskussion mit Burkhard Lischka sowie dem Leiter der Kreispolizeibeh\u00f6rde, Klaus Bunse und mit Heinz-J\u00fcrgen Lipke, dem Vorsitzenden der GdP Kreisgruppe Westfalen-Ruhr. Danach hat das Publikum Gelegenheit Fragen zu stellen und sich in die Diskussion einzubringen.<\/p>\n<p>\u201eWir freuen uns auf zahlreiche G\u00e4ste und laden alle interessierten B\u00fcrgerinnen und B\u00fcrger herzlich ein mit uns zu diskutieren und \u00fcber weitere Vorhaben der SPD-Bundestagsfraktion ins Gespr\u00e4ch zu kommen\u201c, erkl\u00e4rt Wiese.<\/p>\n","protected":false},"excerpt":{"rendered":"<p>Auf Einladung des heimischen Bundestagsabgeordneten, Dirk Wiese, wird sein Kollege und innenpolitischer Sprecher der SPD Bundestagsfraktion, Burkhard Lischka, am 27. Februar 2019 um 17:00 Uhr im Deutschen Haus in Marsberg &hellip; <a href=\"https:\/\/www.schiebener.net\/wordpress\/pressemitteilung-der-spd-wie-wir-gut-und-sicher-leben-koennen\/\" class=\"more-link\"><span class=\"screen-reader-text\">\u201ePressemitteilung der SPD: &#8222;Wie wir gut und sicher leben k\u00f6nnen&#8220;\u201c <\/span>weiterlesen<\/a><\/p>\n","protected":false},"author":17,"featured_media":0,"comment_status":"open","ping_status":"open","sticky":false,"template":"","format":"standard","meta":{"footnotes":""},"categories":[303,80,1043],"tags":[8038,3104,873,655,4682],"class_list":["post-43526","post","type-post","status-publish","format-standard","hentry","category-in-unserem-briefkasten","category-lokales","category-pressemitteilungen","tag-burkhard-lischka","tag-dirk-wiese","tag-marsberg","tag-pressemitteilung","tag-spd-hsk"],"_links":{"self":[{"href":"https:\/\/www.schiebener.net\/wordpress\/wp-json\/wp\/v2\/posts\/43526","targetHints":{"allow":["GET"]}}],"collection":[{"href":"https:\/\/www.schiebener.net\/wordpress\/wp-json\/wp\/v2\/posts"}],"about":[{"href":"https:\/\/www.schiebener.net\/wordpress\/wp-json\/wp\/v2\/types\/post"}],"author":[{"embeddable":true,"href":"https:\/\/www.schiebener.net\/wordpress\/wp-json\/wp\/v2\/users\/17"}],"replies":[{"embeddable":true,"href":"https:\/\/www.schiebener.net\/wordpress\/wp-json\/wp\/v2\/comments?post=43526"}],"version-history":[{"count":0,"href":"https:\/\/www.schiebener.net\/wordpress\/wp-json\/wp\/v2\/posts\/43526\/revisions"}],"wp:attachment":[{"href":"https:\/\/www.schiebener.net\/wordpress\/wp-json\/wp\/v2\/media?parent=43526"}],"wp:term":[{"taxonomy":"category","embeddable":true,"href":"https:\/\/www.schiebener.net\/wordpress\/wp-json\/wp\/v2\/categories?post=43526"},{"taxonomy":"post_tag","embeddable":true,"href":"https:\/\/www.schiebener.net\/wordpress\/wp-json\/wp\/v2\/tags?post=43526"}],"curies":[{"name":"wp","href":"https:\/\/api.w.org\/{rel}","templated":true}]}}