{"id":4352,"date":"2009-08-19T18:58:34","date_gmt":"2009-08-19T16:58:34","guid":{"rendered":"http:\/\/www.schiebener.net\/wordpress\/?p=4352"},"modified":"2009-08-19T19:13:21","modified_gmt":"2009-08-19T17:13:21","slug":"fdp-winterberg-ein-paar-fragen-und-anmerkungen-zum-programm","status":"publish","type":"post","link":"https:\/\/www.schiebener.net\/wordpress\/fdp-winterberg-ein-paar-fragen-und-anmerkungen-zum-programm\/","title":{"rendered":"FDP Winterberg. Ein paar Fragen und Anmerkungen zum Programm"},"content":{"rendered":"<h2 class=\"mceTemp mceIEcenter\">\n<dl id=\"attachment_4354\" class=\"wp-caption aligncenter\" style=\"width: 455px;\">\n<dt class=\"wp-caption-dt\"><img loading=\"lazy\" decoding=\"async\" class=\"size-full wp-image-4354\" title=\"FDP Winterberg: Kommunalwahlprogramm\" src=\"http:\/\/www.schiebener.net\/wordpress\/wp-content\/uploads\/2009\/08\/fdp03.png\" alt=\"FDP Winterberg: Kommunalwahlprogramm\" width=\"445\" height=\"297\" srcset=\"https:\/\/www.schiebener.net\/wordpress\/wp-content\/uploads\/2009\/08\/fdp03.png 445w, https:\/\/www.schiebener.net\/wordpress\/wp-content\/uploads\/2009\/08\/fdp03-300x200.png 300w\" sizes=\"auto, (max-width: 445px) 85vw, 445px\" \/><\/dt>\n<dd class=\"wp-caption-dd\">FDP Winterberg: Kommunalwahlprogramm (screenshot von heute)\n<\/dd>\n<\/dl>\n<\/h2>\n<p>Nachdem ich mich <a href=\"http:\/\/www.schiebener.net\/wordpress\/?p=4269\" target=\"_blank\">vor kurzem polemisch<\/a> mit dem Wahlkampfauftritt der FDP in Winterberg und seinen D\u00f6rfern auseinandergesetzt hatte, m\u00f6chte ich heute ein paar Fragen zum <a href=\"http:\/\/www.fdp-winterberg.info\/pages\/programm.php\" target=\"_blank\">Programm der Winterberger FDP <\/a>stellen, die mir spontan beim Durchlesen des &#8222;Print-Outs&#8220; eingefallen sind. Den Fettdruck habe ich selbst hinzugef\u00fcgt.<\/p>\n<blockquote><p>Die FDP Winterberg will jedem einzelnen B\u00fcrger die M\u00f6glichkeit geben, sein Lebensumfeld mitzugestalten und seine Interessen und Sichtweisen in die politischen Entscheidungen vor Ort einzubringen. Die Kommune ist der ideale Ort f\u00fcr b\u00fcrgerliches Engagement. Die FDP sieht die B\u00fcrger nicht als l\u00e4stige Bedenkentr\u00e4ger, sondern will sie aktiv und fr\u00fchzeitig an der Entscheidungsfindung beteiligen. Dieses Ziel ersch\u00f6pft sich nicht in den Beteiligungsm\u00f6glichkeiten der Gemeindeordnung (z.B. B\u00fcrgerbegehren und B\u00fcrgerentscheid), vielmehr setzen wir <strong>auf den direkten Dialog zwischen unseren Vertretern der Kommunalpolitik und dem B\u00fcrger<\/strong>.<\/p><\/blockquote>\n<p><strong>Frage:<\/strong> Wie soll dieser direkte Dialog gestaltet werden, wie muss ich mir das &#8222;in echt&#8220; vorstellen?<\/p>\n<blockquote><p>Wir wollen dazu beitragen, die <strong>Struktur der Schulen und Kinderg\u00e4rten zu sichern. Dazu geh\u00f6rt eine fortlaufende Verbesserung der Rahmenbedingungen<\/strong>, der Baustruktur sowie der Ausstattung an den einzelnen Schulen und Kinderg\u00e4rten. \u00dcber das Konjunkturpaket II hinaus sind weitere Finanzmittel zugunsten der Schulen aus dem Stadthaushalt aufzuwenden.<\/p><\/blockquote>\n<p><strong>Anmerkung und Frage:<\/strong> Diese Aussagen sind mir ebenfalls zu abstrakt. Wie stellt sich die FDP die Entwicklung der Schullandschaft in Winterberg vor? Entspricht die Schaffung dezentraler Strukturen wie jetzt die Aufsplittung des Gymnasiums auf die Standorte Medebach und Winterberg den Vorstellungen der FDP? Hintergrund meiner Frage: Bei weiter sinkenden Sch\u00fclerzahlen werden dezentrale Standorte meiner Meinung nach eher geschw\u00e4cht.<\/p>\n<blockquote><p>Wir wollen die vorhandenen Einzelh\u00e4ndler st\u00fctzen. Die FDP sieht in den kleinen und mittleren Unternehmen das R\u00fcckgrat unserer Wirtschaft. Diese brauchen faire Wettbewerbsm\u00f6glichkeiten und Freir\u00e4ume zur wirtschaftlichen Entwicklung. Daf\u00fcr bildet eine <strong>zukunftsorientierte und wirtschaftlich sinnvoll gestaltete und verbindliche Bauleitplanung<\/strong> ein geeignetes Mittel. Eine zu enge Bauleitplanung verhindert Investitionen und somit wirtschaftliches Wachstum.<\/p><\/blockquote>\n<p><strong>Verst\u00e4ndnisfrage:<\/strong> Was ist eine Bauleitplanung? Was eine zu enge Bauleitplanung, und wo gibt es in Winterberg Beispiele f\u00fcr eine zu enge Bauleitplanung?<\/p>\n<blockquote><p>Wir wollen verhindern, dass in Winterberg noch einmal <strong>Projekte wie die &#8222;Neue Mitte&#8220; <\/strong>entstehen, die <strong>nicht so geworden sind, wie sie urspr\u00fcnglich geplant<\/strong> waren.<\/p><\/blockquote>\n<p><strong>Anmerkung und Frage:<\/strong> Ich stehe der &#8222;Neuen Mitte&#8220; auch eher skeptisch gegen\u00fcber, wobei eher \u00e4sthetische Gr\u00fcnde eine Rolle spielen. Ich verf\u00fcge dar\u00fcber hinaus \u00fcber keine harten (wirtschaftlichen) Fakten, um das Projekt genauer beurteilen zu k\u00f6nnen. Was ist an dem Projekt so geworden, wie es nicht geplant war? Was genau st\u00f6rt die FDP Winterberg?<\/p>\n<blockquote><p>Die <strong>st\u00e4dtischen Finanzmittel sollen gleicherma\u00dfen f\u00fcr die Stadt Winterberg, wie auch seine D\u00f6rfer gerecht aufgeteilt werden<\/strong>, so dass die Ortsteile nicht benachteiligt werden. Denn die Kernstadt Winterberg und seine Ortsteile sind aufeinander angewiesen.<\/p><\/blockquote>\n<p><strong>Frage:<\/strong> Gibt es Beispiele, wo st\u00e4dtische Finanzmittel ungerecht zu Ungunsten der Ortsteile aufgeteilt wurden?<\/p>\n","protected":false},"excerpt":{"rendered":"<p>FDP Winterberg: Kommunalwahlprogramm (screenshot von heute) Nachdem ich mich vor kurzem polemisch mit dem Wahlkampfauftritt der FDP in Winterberg und seinen D\u00f6rfern auseinandergesetzt hatte, m\u00f6chte ich heute ein paar Fragen &hellip; <a href=\"https:\/\/www.schiebener.net\/wordpress\/fdp-winterberg-ein-paar-fragen-und-anmerkungen-zum-programm\/\" class=\"more-link\"><span class=\"screen-reader-text\">\u201eFDP Winterberg. Ein paar Fragen und Anmerkungen zum Programm\u201c <\/span>weiterlesen<\/a><\/p>\n","protected":false},"author":3,"featured_media":0,"comment_status":"open","ping_status":"open","sticky":false,"template":"","format":"standard","meta":{"footnotes":""},"categories":[80,24],"tags":[417,598,719,322],"class_list":["post-4352","post","type-post","status-publish","format-standard","hentry","category-lokales","category-politik","tag-fdp","tag-kommunalwahlen","tag-programm","tag-winterberg"],"_links":{"self":[{"href":"https:\/\/www.schiebener.net\/wordpress\/wp-json\/wp\/v2\/posts\/4352","targetHints":{"allow":["GET"]}}],"collection":[{"href":"https:\/\/www.schiebener.net\/wordpress\/wp-json\/wp\/v2\/posts"}],"about":[{"href":"https:\/\/www.schiebener.net\/wordpress\/wp-json\/wp\/v2\/types\/post"}],"author":[{"embeddable":true,"href":"https:\/\/www.schiebener.net\/wordpress\/wp-json\/wp\/v2\/users\/3"}],"replies":[{"embeddable":true,"href":"https:\/\/www.schiebener.net\/wordpress\/wp-json\/wp\/v2\/comments?post=4352"}],"version-history":[{"count":0,"href":"https:\/\/www.schiebener.net\/wordpress\/wp-json\/wp\/v2\/posts\/4352\/revisions"}],"wp:attachment":[{"href":"https:\/\/www.schiebener.net\/wordpress\/wp-json\/wp\/v2\/media?parent=4352"}],"wp:term":[{"taxonomy":"category","embeddable":true,"href":"https:\/\/www.schiebener.net\/wordpress\/wp-json\/wp\/v2\/categories?post=4352"},{"taxonomy":"post_tag","embeddable":true,"href":"https:\/\/www.schiebener.net\/wordpress\/wp-json\/wp\/v2\/tags?post=4352"}],"curies":[{"name":"wp","href":"https:\/\/api.w.org\/{rel}","templated":true}]}}