{"id":43482,"date":"2019-02-17T22:42:31","date_gmt":"2019-02-17T21:42:31","guid":{"rendered":"https:\/\/www.schiebener.net\/wordpress\/?p=43482"},"modified":"2019-02-18T21:15:08","modified_gmt":"2019-02-18T20:15:08","slug":"die-fahrradsaison-ist-eroeffnet-siedlinghausen-meschede-siedlinghausen","status":"publish","type":"post","link":"https:\/\/www.schiebener.net\/wordpress\/die-fahrradsaison-ist-eroeffnet-siedlinghausen-meschede-siedlinghausen\/","title":{"rendered":"Die Fahrradsaison ist er\u00f6ffnet: Siedlinghausen &#8211; Meschede &#8211; Siedlinghausen"},"content":{"rendered":"<figure id=\"attachment_43483\" aria-describedby=\"caption-attachment-43483\" style=\"width: 700px\" class=\"wp-caption aligncenter\"><img loading=\"lazy\" decoding=\"async\" class=\"wp-image-43483\" src=\"https:\/\/www.schiebener.net\/wordpress\/wp-content\/uploads\/2019\/02\/Fahrrad2019021701.jpg\" alt=\"\" width=\"700\" height=\"910\" srcset=\"https:\/\/www.schiebener.net\/wordpress\/wp-content\/uploads\/2019\/02\/Fahrrad2019021701.jpg 1082w, https:\/\/www.schiebener.net\/wordpress\/wp-content\/uploads\/2019\/02\/Fahrrad2019021701-231x300.jpg 231w, https:\/\/www.schiebener.net\/wordpress\/wp-content\/uploads\/2019\/02\/Fahrrad2019021701-768x999.jpg 768w, https:\/\/www.schiebener.net\/wordpress\/wp-content\/uploads\/2019\/02\/Fahrrad2019021701-787x1024.jpg 787w\" sizes=\"auto, (max-width: 709px) 85vw, (max-width: 909px) 67vw, (max-width: 984px) 61vw, (max-width: 1362px) 45vw, 600px\" \/><figcaption id=\"caption-attachment-43483\" class=\"wp-caption-text\">Gleich geht&#8217;s los. Schnell noch mit dem Tablet ein Beweisfoto knipsen (foto: zoom)<\/figcaption><\/figure>\n<p><strong>Das Wetter war heute fantastisch &#8211; zum Radfahren besser geeignet als der vergangene Sommer &#8211;\u00a0 und das am 17. Februar 2019.<\/strong><\/p>\n<p>Rad aus dem Keller geholt, wo es seit der <a href=\"https:\/\/www.schiebener.net\/wordpress\/radtour-siedlinghausen-marburg-siedlinghausen-das-letzte-aus-dem-oktober-herausholen\/\" target=\"_blank\" rel=\"noopener\">Marburg-Radtour Ende Oktober 2018<\/a> einstaubte.<\/p>\n<p>Die Wartung war trotzdem schnell erledigt. Felgen und Speichen vom schmierigen Dreck befreien. Kette \u00f6len und putzen. Reifen aufpumpen: vier Bar. Fertig.<\/p>\n<p>Sonntags kann man die L742 Richtung Olsberg stressfrei hinunter radeln. Bei Steinhelle sto\u00dfe ich auf den Ruhrtalradweg. Mein Zwischenziel ist traditionell die B\u00e4ckerei im Bahnhof Bestwig. K\u00e4sekuchen und ein Pott Kaffee.<\/p>\n<p>Weiter den Ruhrtalradweg bis Meschede. Im Kreisel bei Honsel steht der Gie\u00dfer.<\/p>\n<figure id=\"attachment_43484\" aria-describedby=\"caption-attachment-43484\" style=\"width: 700px\" class=\"wp-caption aligncenter\"><img loading=\"lazy\" decoding=\"async\" class=\"wp-image-43484\" src=\"https:\/\/www.schiebener.net\/wordpress\/wp-content\/uploads\/2019\/02\/MeschedeGiesser2019021701.jpg\" alt=\"\" width=\"700\" height=\"374\" srcset=\"https:\/\/www.schiebener.net\/wordpress\/wp-content\/uploads\/2019\/02\/MeschedeGiesser2019021701.jpg 2048w, https:\/\/www.schiebener.net\/wordpress\/wp-content\/uploads\/2019\/02\/MeschedeGiesser2019021701-300x160.jpg 300w, https:\/\/www.schiebener.net\/wordpress\/wp-content\/uploads\/2019\/02\/MeschedeGiesser2019021701-768x410.jpg 768w, https:\/\/www.schiebener.net\/wordpress\/wp-content\/uploads\/2019\/02\/MeschedeGiesser2019021701-1024x547.jpg 1024w\" sizes=\"auto, (max-width: 709px) 85vw, (max-width: 909px) 67vw, (max-width: 984px) 61vw, (max-width: 1362px) 45vw, 600px\" \/><figcaption id=\"caption-attachment-43484\" class=\"wp-caption-text\">Der Gie\u00dfer im Zentrum des Kreisverkehrs vor der Firma Honsel in Meschede (foto: zoom)<\/figcaption><\/figure>\n<p>Der Gie\u00dfer ist anscheinend die Gestalt, die momentan im Hochsauerland umgeht, denn auch einer der zahlreichen Olsberger Kreisel soll mit einem Gie\u00dfer best\u00fcckt werden.<\/p>\n<p>Man sollte denken, dass der Klimawandel und das zuk\u00fcnftige Aus des Skitourismus das Hochsauerland erregte. Falsch gedacht. In Olsberg wird in den Medien heftig <a href=\"https:\/\/www.sauerlandkurier.de\/hochsauerlandkreis\/olsberg\/olsberg-spricht-sich-giesser-skulptur-kreisel-11768748.html\" rel=\"noopener\" target=\"_blank\">\u00fcber den Gie\u00dfer debattiert<\/a>.<\/p>\n<p>In Meschede habe ich eine B\u00e4ckerei in der Fu\u00dfg\u00e4ngerzone angesteuert. W\u00e4hrend ich auf einer Bank in der Sonne in das belegte Br\u00f6tchen biss, habe ich \u00fcber die &#8222;Gie\u00dfer-Debatten&#8220; nachgedacht.<\/p>\n<p>Meine Gedanken wanderten zur\u00fcck bis in meine Kindheit. Eigentlich war es immer so, dass, sobald ein Bauwerk errichtet wurde, die B\u00fcrgerinnen und B\u00fcrger heftig und emotional diskutierten. Es ufert manchmal aus, aber so ist es eben.<\/p>\n<p>In Arnsberg versuchen die Verantwortlichen einer Debatte \u00fcber &#8222;Kreisverkehrskunst&#8220; die Spitze zu nehmen, indem sie in Geheimniskr\u00e4merei versinken. <\/p>\n<p>&#8222;<a href=\"https:\/\/www.wp.de\/staedte\/arnsberg\/gestaltung-des-kreisverkehrs-in-arnsberg-ist-ein-geheimnis-id216450787.html\" rel=\"noopener\" target=\"_blank\">Gestaltung des Kreisverkehrs in Arnsberg ist ein \u201eGeheimnis\u201c<\/a>&#8220; berichtet die Lokalpresse.<\/p>\n<p>Das ist politisch ein fatales Signal an die B\u00fcrgerinnen und B\u00fcrger: Ihr seid zu bekloppt, um bei derart wichtigen Entscheidungen wie der Gestaltung eines Kreisverkehrs mitzureden. Na ja, was soll&#8217;s. Ein Gie\u00dfer wird es wohl nicht, ein Dixie-Klo ist unwahrscheinlich. <\/p>\n<p>Mein Tipp: Irgend etwas mit &#8222;A&#8220;.<\/p>\n<p>Allerdings liege ich h\u00e4ufig daneben.<\/p>\n","protected":false},"excerpt":{"rendered":"<p>Das Wetter war heute fantastisch &#8211; zum Radfahren besser geeignet als der vergangene Sommer &#8211;\u00a0 und das am 17. Februar 2019. Rad aus dem Keller geholt, wo es seit der &hellip; <a href=\"https:\/\/www.schiebener.net\/wordpress\/die-fahrradsaison-ist-eroeffnet-siedlinghausen-meschede-siedlinghausen\/\" class=\"more-link\"><span class=\"screen-reader-text\">\u201eDie Fahrradsaison ist er\u00f6ffnet: Siedlinghausen &#8211; Meschede &#8211; Siedlinghausen\u201c <\/span>weiterlesen<\/a><\/p>\n","protected":false},"author":3,"featured_media":0,"comment_status":"open","ping_status":"open","sticky":false,"template":"","format":"standard","meta":{"footnotes":""},"categories":[174,1732,2489,674,80,71],"tags":[1350,8033,485,827,264,190,1769],"class_list":["post-43482","post","type-post","status-publish","format-standard","hentry","category-dit-und-dat","category-freizeit","category-in-eigener-sache","category-kultur","category-lokales","category-sport","tag-arnsberg","tag-giesser","tag-honsel","tag-kreisverkehr","tag-meschede","tag-olsberg","tag-radtour"],"_links":{"self":[{"href":"https:\/\/www.schiebener.net\/wordpress\/wp-json\/wp\/v2\/posts\/43482","targetHints":{"allow":["GET"]}}],"collection":[{"href":"https:\/\/www.schiebener.net\/wordpress\/wp-json\/wp\/v2\/posts"}],"about":[{"href":"https:\/\/www.schiebener.net\/wordpress\/wp-json\/wp\/v2\/types\/post"}],"author":[{"embeddable":true,"href":"https:\/\/www.schiebener.net\/wordpress\/wp-json\/wp\/v2\/users\/3"}],"replies":[{"embeddable":true,"href":"https:\/\/www.schiebener.net\/wordpress\/wp-json\/wp\/v2\/comments?post=43482"}],"version-history":[{"count":0,"href":"https:\/\/www.schiebener.net\/wordpress\/wp-json\/wp\/v2\/posts\/43482\/revisions"}],"wp:attachment":[{"href":"https:\/\/www.schiebener.net\/wordpress\/wp-json\/wp\/v2\/media?parent=43482"}],"wp:term":[{"taxonomy":"category","embeddable":true,"href":"https:\/\/www.schiebener.net\/wordpress\/wp-json\/wp\/v2\/categories?post=43482"},{"taxonomy":"post_tag","embeddable":true,"href":"https:\/\/www.schiebener.net\/wordpress\/wp-json\/wp\/v2\/tags?post=43482"}],"curies":[{"name":"wp","href":"https:\/\/api.w.org\/{rel}","templated":true}]}}