{"id":43469,"date":"2019-02-17T00:10:19","date_gmt":"2019-02-16T23:10:19","guid":{"rendered":"https:\/\/www.schiebener.net\/wordpress\/?p=43469"},"modified":"2019-02-17T00:29:59","modified_gmt":"2019-02-16T23:29:59","slug":"wochenrueckblick-darueber-haette-ich-schreiben-wollen-kein-mensch-ist-illegal-lehrer-streik-schneekanonen-gegen-klimawandel-in-winterberg","status":"publish","type":"post","link":"https:\/\/www.schiebener.net\/wordpress\/wochenrueckblick-darueber-haette-ich-schreiben-wollen-kein-mensch-ist-illegal-lehrer-streik-schneekanonen-gegen-klimawandel-in-winterberg\/","title":{"rendered":"Wochenr\u00fcckblick: Dar\u00fcber h\u00e4tte ich schreiben wollen &#8230; Kein Mensch ist illegal, Lehrer-Streik, Schneekanonen gegen Klimawandel in Winterberg."},"content":{"rendered":"<figure id=\"attachment_43470\" aria-describedby=\"caption-attachment-43470\" style=\"width: 699px\" class=\"wp-caption aligncenter\"><a href=\"https:\/\/www.schiebener.net\/wordpress\/wp-content\/uploads\/2019\/02\/Herdringen20190216.jpg\" target=\"_blank\" rel=\"noopener\"><img loading=\"lazy\" decoding=\"async\" class=\"wp-image-43470\" src=\"https:\/\/www.schiebener.net\/wordpress\/wp-content\/uploads\/2019\/02\/Herdringen20190216.jpg\" alt=\"\" width=\"699\" height=\"466\" srcset=\"https:\/\/www.schiebener.net\/wordpress\/wp-content\/uploads\/2019\/02\/Herdringen20190216.jpg 2048w, https:\/\/www.schiebener.net\/wordpress\/wp-content\/uploads\/2019\/02\/Herdringen20190216-300x200.jpg 300w, https:\/\/www.schiebener.net\/wordpress\/wp-content\/uploads\/2019\/02\/Herdringen20190216-768x512.jpg 768w, https:\/\/www.schiebener.net\/wordpress\/wp-content\/uploads\/2019\/02\/Herdringen20190216-1024x683.jpg 1024w\" sizes=\"auto, (max-width: 709px) 85vw, (max-width: 909px) 67vw, (max-width: 984px) 61vw, (max-width: 1362px) 45vw, 600px\" \/><\/a><figcaption id=\"caption-attachment-43470\" class=\"wp-caption-text\">Ich schau dir in &#8230;. (foto: zoom)<\/figcaption><\/figure>\n<p><strong>Da ich in dieser Woche kaum etwas f\u00fcr das Blog geschrieben habe, versuche ich, mich mit einem kleinen Wochenr\u00fcckblick wieder ins Spiel zu bringen.<\/strong><\/p>\n<p>Es begann in Bonn mit einem Gartenzwerg. Ich empfehle die Ausstellung &#8222;Deutsche Angst&#8220; im <a href=\"https:\/\/www.hdg.de\/haus-der-geschichte\/\" target=\"_blank\" rel=\"noopener\">Haus der Geschichte<\/a> in Bonn. Den Gartenzwerg habe ich am Ende der Dauerausstellung geerntet.<\/p>\n<figure id=\"attachment_43471\" aria-describedby=\"caption-attachment-43471\" style=\"width: 700px\" class=\"wp-caption aligncenter\"><a href=\"https:\/\/www.schiebener.net\/wordpress\/wp-content\/uploads\/2019\/02\/DSC_0693_DxO.jpg\" target=\"_blank\" rel=\"noopener\"><img loading=\"lazy\" decoding=\"async\" class=\"wp-image-43471\" src=\"https:\/\/www.schiebener.net\/wordpress\/wp-content\/uploads\/2019\/02\/DSC_0693_DxO.jpg\" alt=\"\" width=\"700\" height=\"1637\" srcset=\"https:\/\/www.schiebener.net\/wordpress\/wp-content\/uploads\/2019\/02\/DSC_0693_DxO.jpg 876w, https:\/\/www.schiebener.net\/wordpress\/wp-content\/uploads\/2019\/02\/DSC_0693_DxO-128x300.jpg 128w, https:\/\/www.schiebener.net\/wordpress\/wp-content\/uploads\/2019\/02\/DSC_0693_DxO-768x1796.jpg 768w, https:\/\/www.schiebener.net\/wordpress\/wp-content\/uploads\/2019\/02\/DSC_0693_DxO-438x1024.jpg 438w\" sizes=\"auto, (max-width: 709px) 85vw, (max-width: 909px) 67vw, (max-width: 984px) 61vw, (max-width: 1362px) 45vw, 600px\" \/><\/a><figcaption id=\"caption-attachment-43471\" class=\"wp-caption-text\">Dieser Zwerg am Ende der deutschen Geschichte hat mir sehr gefallen. (foto: zoom)<\/figcaption><\/figure>\n<p>Auf der Arbeit gab es ziemlich viel Stress. Trotzdem habe ich am Mittwoch gestreikt und bin zum Demonstrieren nach Dortmund gefahren.<\/p>\n<figure id=\"attachment_43472\" aria-describedby=\"caption-attachment-43472\" style=\"width: 700px\" class=\"wp-caption aligncenter\"><a href=\"https:\/\/www.schiebener.net\/wordpress\/wp-content\/uploads\/2019\/02\/DSC00923_DxO.jpg\" target=\"_blank\" rel=\"noopener\"><img loading=\"lazy\" decoding=\"async\" class=\"wp-image-43472\" src=\"https:\/\/www.schiebener.net\/wordpress\/wp-content\/uploads\/2019\/02\/DSC00923_DxO.jpg\" alt=\"\" width=\"700\" height=\"391\" srcset=\"https:\/\/www.schiebener.net\/wordpress\/wp-content\/uploads\/2019\/02\/DSC00923_DxO.jpg 2048w, https:\/\/www.schiebener.net\/wordpress\/wp-content\/uploads\/2019\/02\/DSC00923_DxO-300x168.jpg 300w, https:\/\/www.schiebener.net\/wordpress\/wp-content\/uploads\/2019\/02\/DSC00923_DxO-768x429.jpg 768w, https:\/\/www.schiebener.net\/wordpress\/wp-content\/uploads\/2019\/02\/DSC00923_DxO-1024x572.jpg 1024w\" sizes=\"auto, (max-width: 709px) 85vw, (max-width: 909px) 67vw, (max-width: 984px) 61vw, (max-width: 1362px) 45vw, 600px\" \/><\/a><figcaption id=\"caption-attachment-43472\" class=\"wp-caption-text\">Streik-Demo in Dortmund so la la mit 500 Leuten (foto: zoom)<\/figcaption><\/figure>\n<p>Die Gewerkschaft fordert 6% mehr Lohn und Gehalt und hat es geschafft, die &#8222;6&#8220; auf den Friedensplatz zu bringen. Um die Aufnahme zu machen, bin ich kreativ in die H\u00f6he gekrabbelt.<\/p>\n<figure id=\"attachment_43473\" aria-describedby=\"caption-attachment-43473\" style=\"width: 700px\" class=\"wp-caption aligncenter\"><a href=\"https:\/\/www.schiebener.net\/wordpress\/wp-content\/uploads\/2019\/02\/DortmundGEWStreik2019021302.jpg\" target=\"_blank\" rel=\"noopener\"><img loading=\"lazy\" decoding=\"async\" class=\"wp-image-43473\" src=\"https:\/\/www.schiebener.net\/wordpress\/wp-content\/uploads\/2019\/02\/DortmundGEWStreik2019021302.jpg\" alt=\"\" width=\"700\" height=\"942\" srcset=\"https:\/\/www.schiebener.net\/wordpress\/wp-content\/uploads\/2019\/02\/DortmundGEWStreik2019021302.jpg 1522w, https:\/\/www.schiebener.net\/wordpress\/wp-content\/uploads\/2019\/02\/DortmundGEWStreik2019021302-223x300.jpg 223w, https:\/\/www.schiebener.net\/wordpress\/wp-content\/uploads\/2019\/02\/DortmundGEWStreik2019021302-768x1033.jpg 768w, https:\/\/www.schiebener.net\/wordpress\/wp-content\/uploads\/2019\/02\/DortmundGEWStreik2019021302-761x1024.jpg 761w\" sizes=\"auto, (max-width: 709px) 85vw, (max-width: 909px) 67vw, (max-width: 984px) 61vw, (max-width: 1362px) 45vw, 600px\" \/><\/a><figcaption id=\"caption-attachment-43473\" class=\"wp-caption-text\">Immerhin ist es den Lehrerinnen und Lehrern gelungen eine &#8222;6&#8220; auf den Friedensplatz zu stellen. (foto: zoom)<\/figcaption><\/figure>\n<p>Am Donnerstag habe ich das <a href=\"https:\/\/www1.wdr.de\/mediathek\/audio\/wdr5\/wdr5-stadtgespraech\/audio-stadtgespraech-aus-winterberg-schneekanonen-gegen-klimawandel-100.html\" target=\"_blank\" rel=\"noopener\">WDR 5 Stadtgespr\u00e4ch<\/a> im Oversum in Winterberg besucht: &#8222;Schneekanonen gegen Klimawandel&#8220;. Ihr solltet euch <a href=\"https:\/\/www1.wdr.de\/mediathek\/audio\/wdr5\/wdr5-stadtgespraech\/audio-stadtgespraech-aus-winterberg-schneekanonen-gegen-klimawandel-100.html\" target=\"_blank\" rel=\"noopener\">die Aufzeichnung<\/a> anh\u00f6ren. Meine Meinung zu der Veranstaltung werde ich (hoffentlich) demn\u00e4chst im Blog ver\u00f6ffentlichen.<\/p>\n<figure id=\"attachment_43474\" aria-describedby=\"caption-attachment-43474\" style=\"width: 700px\" class=\"wp-caption aligncenter\"><a href=\"https:\/\/www.schiebener.net\/wordpress\/wp-content\/uploads\/2019\/02\/WDR5Stadtgespraech20190214-1.jpg\" target=\"_blank\" rel=\"noopener\"><img loading=\"lazy\" decoding=\"async\" class=\"wp-image-43474\" src=\"https:\/\/www.schiebener.net\/wordpress\/wp-content\/uploads\/2019\/02\/WDR5Stadtgespraech20190214-1.jpg\" alt=\"\" width=\"700\" height=\"271\" srcset=\"https:\/\/www.schiebener.net\/wordpress\/wp-content\/uploads\/2019\/02\/WDR5Stadtgespraech20190214-1.jpg 2048w, https:\/\/www.schiebener.net\/wordpress\/wp-content\/uploads\/2019\/02\/WDR5Stadtgespraech20190214-1-300x116.jpg 300w, https:\/\/www.schiebener.net\/wordpress\/wp-content\/uploads\/2019\/02\/WDR5Stadtgespraech20190214-1-768x297.jpg 768w, https:\/\/www.schiebener.net\/wordpress\/wp-content\/uploads\/2019\/02\/WDR5Stadtgespraech20190214-1-1024x396.jpg 1024w\" sizes=\"auto, (max-width: 709px) 85vw, (max-width: 909px) 67vw, (max-width: 984px) 61vw, (max-width: 1362px) 45vw, 600px\" \/><\/a><figcaption id=\"caption-attachment-43474\" class=\"wp-caption-text\">Da sind sie von links nach rechts: Judith Schulte-Loh (Moderation), Michael Beckmann (Tourismusdirektor), Karsten Schwanke (Meteorologe), Ralf Roth (Natursport-Experte), Dirk Jansen (BUND). (foto: zoom)<\/figcaption><\/figure>\n<p>In ein paar Tagen mehr.<\/p>\n","protected":false},"excerpt":{"rendered":"<p>Da ich in dieser Woche kaum etwas f\u00fcr das Blog geschrieben habe, versuche ich, mich mit einem kleinen Wochenr\u00fcckblick wieder ins Spiel zu bringen. Es begann in Bonn mit einem &hellip; <a href=\"https:\/\/www.schiebener.net\/wordpress\/wochenrueckblick-darueber-haette-ich-schreiben-wollen-kein-mensch-ist-illegal-lehrer-streik-schneekanonen-gegen-klimawandel-in-winterberg\/\" class=\"more-link\"><span class=\"screen-reader-text\">\u201eWochenr\u00fcckblick: Dar\u00fcber h\u00e4tte ich schreiben wollen &#8230; Kein Mensch ist illegal, Lehrer-Streik, Schneekanonen gegen Klimawandel in Winterberg.\u201c <\/span>weiterlesen<\/a><\/p>\n","protected":false},"author":3,"featured_media":0,"comment_status":"open","ping_status":"open","sticky":false,"template":"","format":"standard","meta":{"footnotes":""},"categories":[3,3182,6658,319,2489,674,80,32,4761],"tags":[8029,348,1982,2415,669,322],"class_list":["post-43469","post","type-post","status-publish","format-standard","hentry","category-bildung-und-schule","category-finanzen","category-fluechtlinge","category-geschichte","category-in-eigener-sache","category-kultur","category-lokales","category-medien","category-soziales","tag-deutsche-angst","tag-gew","tag-klimawandel","tag-warnstreik","tag-wdr-5","tag-winterberg"],"_links":{"self":[{"href":"https:\/\/www.schiebener.net\/wordpress\/wp-json\/wp\/v2\/posts\/43469","targetHints":{"allow":["GET"]}}],"collection":[{"href":"https:\/\/www.schiebener.net\/wordpress\/wp-json\/wp\/v2\/posts"}],"about":[{"href":"https:\/\/www.schiebener.net\/wordpress\/wp-json\/wp\/v2\/types\/post"}],"author":[{"embeddable":true,"href":"https:\/\/www.schiebener.net\/wordpress\/wp-json\/wp\/v2\/users\/3"}],"replies":[{"embeddable":true,"href":"https:\/\/www.schiebener.net\/wordpress\/wp-json\/wp\/v2\/comments?post=43469"}],"version-history":[{"count":0,"href":"https:\/\/www.schiebener.net\/wordpress\/wp-json\/wp\/v2\/posts\/43469\/revisions"}],"wp:attachment":[{"href":"https:\/\/www.schiebener.net\/wordpress\/wp-json\/wp\/v2\/media?parent=43469"}],"wp:term":[{"taxonomy":"category","embeddable":true,"href":"https:\/\/www.schiebener.net\/wordpress\/wp-json\/wp\/v2\/categories?post=43469"},{"taxonomy":"post_tag","embeddable":true,"href":"https:\/\/www.schiebener.net\/wordpress\/wp-json\/wp\/v2\/tags?post=43469"}],"curies":[{"name":"wp","href":"https:\/\/api.w.org\/{rel}","templated":true}]}}