{"id":43339,"date":"2019-01-28T21:28:48","date_gmt":"2019-01-28T20:28:48","guid":{"rendered":"https:\/\/www.schiebener.net\/wordpress\/?p=43339"},"modified":"2019-01-28T21:28:48","modified_gmt":"2019-01-28T20:28:48","slug":"nebel-im-august","status":"publish","type":"post","link":"https:\/\/www.schiebener.net\/wordpress\/nebel-im-august\/","title":{"rendered":"Nebel im August"},"content":{"rendered":"<p><strong>Gestern lief der hervorragende Film \u201eNebel im August\u201c von Kai Wessel im Fernsehen, den es schon lange als DVD zu kaufen gibt.<\/strong><\/p>\n<figure id=\"attachment_43340\" aria-describedby=\"caption-attachment-43340\" style=\"width: 700px\" class=\"wp-caption aligncenter\"><a href=\"https:\/\/www.schiebener.net\/wordpress\/wp-content\/uploads\/2019\/01\/neuBild-1.jpg\" target=\"_blank\" rel=\"noopener\"><img loading=\"lazy\" decoding=\"async\" class=\"wp-image-43340\" src=\"https:\/\/www.schiebener.net\/wordpress\/wp-content\/uploads\/2019\/01\/neuBild-1.jpg\" alt=\"\" width=\"700\" height=\"509\" srcset=\"https:\/\/www.schiebener.net\/wordpress\/wp-content\/uploads\/2019\/01\/neuBild-1.jpg 1024w, https:\/\/www.schiebener.net\/wordpress\/wp-content\/uploads\/2019\/01\/neuBild-1-300x218.jpg 300w, https:\/\/www.schiebener.net\/wordpress\/wp-content\/uploads\/2019\/01\/neuBild-1-768x559.jpg 768w\" sizes=\"auto, (max-width: 709px) 85vw, (max-width: 909px) 67vw, (max-width: 984px) 61vw, (max-width: 1362px) 45vw, 600px\" \/><\/a><figcaption id=\"caption-attachment-43340\" class=\"wp-caption-text\">DVD mit Begleitheft (fotos: thelen-khoder)<\/figcaption><\/figure>\n<p>Der DVD liegt ein Begleitheft bei.<\/p>\n<figure id=\"attachment_43341\" aria-describedby=\"caption-attachment-43341\" style=\"width: 700px\" class=\"wp-caption aligncenter\"><a href=\"https:\/\/www.schiebener.net\/wordpress\/wp-content\/uploads\/2019\/01\/neuBild-2.jpg\" target=\"_blank\" rel=\"noopener\"><img loading=\"lazy\" decoding=\"async\" class=\"wp-image-43341\" src=\"https:\/\/www.schiebener.net\/wordpress\/wp-content\/uploads\/2019\/01\/neuBild-2.jpg\" alt=\"\" width=\"700\" height=\"509\" srcset=\"https:\/\/www.schiebener.net\/wordpress\/wp-content\/uploads\/2019\/01\/neuBild-2.jpg 1024w, https:\/\/www.schiebener.net\/wordpress\/wp-content\/uploads\/2019\/01\/neuBild-2-300x218.jpg 300w, https:\/\/www.schiebener.net\/wordpress\/wp-content\/uploads\/2019\/01\/neuBild-2-768x559.jpg 768w\" sizes=\"auto, (max-width: 709px) 85vw, (max-width: 909px) 67vw, (max-width: 984px) 61vw, (max-width: 1362px) 45vw, 600px\" \/><\/a><figcaption id=\"caption-attachment-43341\" class=\"wp-caption-text\">Zeittafel 1933 &#8211; 1945<\/figcaption><\/figure>\n<p>Gedreht wurden die Szenen in Schlaf- und Speisesaal in der \u201eWestf\u00e4lischen Klinik f\u00fcr Psychiatrie\u201c in Warstein, kurz LWL-Klinik, der ehemaligen ,Provinzialheilanstalt Warstein\u201c und \u201eProvinzialheilst\u00e4tte Stillenberg\u201c.[1]<\/p>\n<figure id=\"attachment_43342\" aria-describedby=\"caption-attachment-43342\" style=\"width: 700px\" class=\"wp-caption aligncenter\"><a href=\"https:\/\/www.schiebener.net\/wordpress\/wp-content\/uploads\/2019\/01\/neuBild-3.jpg\" target=\"_blank\" rel=\"noopener\"><img loading=\"lazy\" decoding=\"async\" class=\"wp-image-43342\" src=\"https:\/\/www.schiebener.net\/wordpress\/wp-content\/uploads\/2019\/01\/neuBild-3.jpg\" alt=\"\" width=\"700\" height=\"466\" srcset=\"https:\/\/www.schiebener.net\/wordpress\/wp-content\/uploads\/2019\/01\/neuBild-3.jpg 1024w, https:\/\/www.schiebener.net\/wordpress\/wp-content\/uploads\/2019\/01\/neuBild-3-300x200.jpg 300w, https:\/\/www.schiebener.net\/wordpress\/wp-content\/uploads\/2019\/01\/neuBild-3-768x511.jpg 768w\" sizes=\"auto, (max-width: 709px) 85vw, (max-width: 909px) 67vw, (max-width: 984px) 61vw, (max-width: 1362px) 45vw, 600px\" \/><\/a><figcaption id=\"caption-attachment-43342\" class=\"wp-caption-text\">Dr. Werner Veithausen (Sebastian Koch) und Schwester Sophia (Fritzi Haberlandt) \u00a9 Studiocanal \/ Bernd Spauke<\/figcaption><\/figure>\n<figure id=\"attachment_43343\" aria-describedby=\"caption-attachment-43343\" style=\"width: 700px\" class=\"wp-caption aligncenter\"><a href=\"https:\/\/www.schiebener.net\/wordpress\/wp-content\/uploads\/2019\/01\/neuBild-4.jpg\" target=\"_blank\" rel=\"noopener\"><img loading=\"lazy\" decoding=\"async\" class=\"wp-image-43343\" src=\"https:\/\/www.schiebener.net\/wordpress\/wp-content\/uploads\/2019\/01\/neuBild-4.jpg\" alt=\"\" width=\"700\" height=\"294\" srcset=\"https:\/\/www.schiebener.net\/wordpress\/wp-content\/uploads\/2019\/01\/neuBild-4.jpg 1600w, https:\/\/www.schiebener.net\/wordpress\/wp-content\/uploads\/2019\/01\/neuBild-4-300x126.jpg 300w, https:\/\/www.schiebener.net\/wordpress\/wp-content\/uploads\/2019\/01\/neuBild-4-768x322.jpg 768w, https:\/\/www.schiebener.net\/wordpress\/wp-content\/uploads\/2019\/01\/neuBild-4-1024x429.jpg 1024w\" sizes=\"auto, (max-width: 709px) 85vw, (max-width: 909px) 67vw, (max-width: 984px) 61vw, (max-width: 1362px) 45vw, 600px\" \/><\/a><figcaption id=\"caption-attachment-43343\" class=\"wp-caption-text\">Still aus \u201eNebel im August\u201c<\/figcaption><\/figure>\n<p>Von Warstein aus wurden 1575 Menschen u.a. nach Weilm\u00fcnster und Hadamar deportiert, von denen die ersten 21 Juden waren.[2]<\/p>\n<p>Es folgten u.a. Ernst Putzki aus Hagen und Natalia Tarutina (\u201eOstarbeiterin\u201c)[3].<\/p>\n<p>Andere \u201eOstarbeiter\u201c, die bereits selbst an Tuberkulose erkrankt waren, wurden an die \u201eProvinzialheilst\u00e4tte Stillenberg\u201c \u00fcber Arbeits\u00e4mter (z.B. in L\u00fcdenscheid und Siegen)vermittelt, um dort mit dieser hochinfekti\u00f6sen Krankheit als \u201eK\u00fcchenhilfe\u201c oder \u201ePutzhilfe\u201c zu arbeiten. Einige von Ihnen liegen auf dem \u201eRussischen Ehrenfriedhof des Anstaltsfriedhofes\u201c[4].<\/p>\n<p>Michail Woronin, der ebenfalls dort liegt, geh\u00f6rt auch zum \u201eFranzosenfriedhof\u201c in Meschede, wo seine Frau Nina und seine Tochter Valentina liegen.[5]<\/p>\n<p>Nebel, nicht nur im August &#8230;<\/p>\n<p><a href=\"https:\/\/www.schiebener.net\/wordpress\/wp-content\/uploads\/2019\/01\/neuBild-5.jpg\" target=\"_blank\" rel=\"noopener\"><img loading=\"lazy\" decoding=\"async\" class=\"aligncenter wp-image-43344\" src=\"https:\/\/www.schiebener.net\/wordpress\/wp-content\/uploads\/2019\/01\/neuBild-5.jpg\" alt=\"\" width=\"700\" height=\"933\" srcset=\"https:\/\/www.schiebener.net\/wordpress\/wp-content\/uploads\/2019\/01\/neuBild-5.jpg 1024w, https:\/\/www.schiebener.net\/wordpress\/wp-content\/uploads\/2019\/01\/neuBild-5-225x300.jpg 225w, https:\/\/www.schiebener.net\/wordpress\/wp-content\/uploads\/2019\/01\/neuBild-5-768x1024.jpg 768w\" sizes=\"auto, (max-width: 709px) 85vw, (max-width: 909px) 67vw, (max-width: 984px) 61vw, (max-width: 1362px) 45vw, 600px\" \/><\/a><br \/>\nund<br \/>\n<a href=\"https:\/\/www.schiebener.net\/wordpress\/wp-content\/uploads\/2019\/01\/neuBild-6.jpg\" target=\"_blank\" rel=\"noopener\"><img loading=\"lazy\" decoding=\"async\" class=\"aligncenter wp-image-43345\" src=\"https:\/\/www.schiebener.net\/wordpress\/wp-content\/uploads\/2019\/01\/neuBild-6.jpg\" alt=\"\" width=\"700\" height=\"933\" srcset=\"https:\/\/www.schiebener.net\/wordpress\/wp-content\/uploads\/2019\/01\/neuBild-6.jpg 1200w, https:\/\/www.schiebener.net\/wordpress\/wp-content\/uploads\/2019\/01\/neuBild-6-225x300.jpg 225w, https:\/\/www.schiebener.net\/wordpress\/wp-content\/uploads\/2019\/01\/neuBild-6-768x1024.jpg 768w\" sizes=\"auto, (max-width: 709px) 85vw, (max-width: 909px) 67vw, (max-width: 984px) 61vw, (max-width: 1362px) 45vw, 600px\" \/><\/a><\/p>\n<p>&#8212;&#8212;&#8212;&#8212;&#8212;&#8212;&#8212;&#8212;&#8211;<\/p>\n<p><em>[1] \u201eSuttrop II. Zum Russischen Ehrenfriedhof der LWL-Klinik\u201c auf <a href=\"https:\/\/www.schiebener.net\/wordpress\/wp-content\/uploads\/2018\/05\/65.-Suttrop-II.-Zum-Russischen-Ehrenfriedhof-der-LWL-Klinik.pdf\" target=\"_blank\" rel=\"noopener\">https:\/\/www.schiebener.net\/wordpress\/wp-content\/uploads\/2018\/05\/65.-Suttrop-II.-Zum-Russischen-Ehrenfriedhof-der-LWL-Klinik.pdf<\/a><\/em><\/p>\n<p>[2] \u201e ,Euthanasie\u2019 in Warstein. Der erste Transport: 21 Juden nach Wunstorf\u201c<br \/>\n<a href=\"https:\/\/www.schiebener.net\/wordpress\/wp-content\/uploads\/2018\/12\/131.-Euthanasie-in-Warstein.pdf\" target=\"_blank\" rel=\"noopener\">https:\/\/www.schiebener.net\/wordpress\/wp-content\/uploads\/2018\/12\/131.-Euthanasie-in-Warstein.pdf<\/a><\/p>\n<p>[3] \u201e ,Euthanasie\u2019 in Warstein. Rosa L\u00f6wenstein, Ernst Putzki, Pelaheja Babjuk, Anna Ilkiw, Taitjanna Kasa(n)kowa, Natalia Tarutina, Schenja Hunens oder Humena, Katharina Jermakowa, Helena Wendesle oder Wendisla. Neun von 1575 Menschen\u201c<br \/>\n<a href=\"http:\/\/www.hpgrumpe.de\/ns_verbrechen_an_zwangsarbeitern_suttrop,_warstein,_meschede\/139_Neun_von_1575_Menschen.pdf\" target=\"_blank\" rel=\"noopener\">http:\/\/www.hpgrumpe.de\/ns_verbrechen_an_zwangsarbeitern_suttrop,_warstein,_meschede\/139_Neun_von_1575_Menschen.pdf<\/a><\/p>\n<p>[4] \u201eDie Grabsteine auf dem ,Russischen Ehrenfriedhof des Anstaltsfriedhofs\u2019\u201c<br \/>\n<a href=\"https:\/\/www.schiebener.net\/wordpress\/wp-content\/uploads\/2017\/11\/Die-Grabsteine-auf-dem-Anstaltsfriedhof-klein.pdf\" target=\"_blank\" rel=\"noopener\">https:\/\/www.schiebener.net\/wordpress\/wp-content\/uploads\/2017\/11\/Die-Grabsteine-auf-dem-Anstaltsfriedhof-klein.pdf<\/a><\/p>\n<p>[5] \u201eEine Familie stirbt. Die Sterbeurkunden der Familie Woronin (StA Suttrop II und StA Meschede)\u201c<br \/>\n<a href=\"https:\/\/www.schiebener.net\/wordpress\/wp-content\/uploads\/2019\/01\/137.-Eine-Familie-stirbt.pdf\" target=\"_blank\" rel=\"noopener\">https:\/\/www.schiebener.net\/wordpress\/wp-content\/uploads\/2019\/01\/137.-Eine-Familie-stirbt.pdf<\/a><\/p>\n","protected":false},"excerpt":{"rendered":"<p>Gestern lief der hervorragende Film \u201eNebel im August\u201c von Kai Wessel im Fernsehen, den es schon lange als DVD zu kaufen gibt. Der DVD liegt ein Begleitheft bei. Gedreht wurden &hellip; <a href=\"https:\/\/www.schiebener.net\/wordpress\/nebel-im-august\/\" class=\"more-link\"><span class=\"screen-reader-text\">\u201eNebel im August\u201c <\/span>weiterlesen<\/a><\/p>\n","protected":false},"author":63,"featured_media":0,"comment_status":"open","ping_status":"open","sticky":false,"template":"","format":"standard","meta":{"footnotes":""},"categories":[319,32,7507],"tags":[7988,7987,3294],"class_list":["post-43339","post","type-post","status-publish","format-standard","hentry","category-geschichte","category-medien","category-nationalsozialismus","tag-kai-wessel","tag-nebel-im-august","tag-warstein"],"_links":{"self":[{"href":"https:\/\/www.schiebener.net\/wordpress\/wp-json\/wp\/v2\/posts\/43339","targetHints":{"allow":["GET"]}}],"collection":[{"href":"https:\/\/www.schiebener.net\/wordpress\/wp-json\/wp\/v2\/posts"}],"about":[{"href":"https:\/\/www.schiebener.net\/wordpress\/wp-json\/wp\/v2\/types\/post"}],"author":[{"embeddable":true,"href":"https:\/\/www.schiebener.net\/wordpress\/wp-json\/wp\/v2\/users\/63"}],"replies":[{"embeddable":true,"href":"https:\/\/www.schiebener.net\/wordpress\/wp-json\/wp\/v2\/comments?post=43339"}],"version-history":[{"count":0,"href":"https:\/\/www.schiebener.net\/wordpress\/wp-json\/wp\/v2\/posts\/43339\/revisions"}],"wp:attachment":[{"href":"https:\/\/www.schiebener.net\/wordpress\/wp-json\/wp\/v2\/media?parent=43339"}],"wp:term":[{"taxonomy":"category","embeddable":true,"href":"https:\/\/www.schiebener.net\/wordpress\/wp-json\/wp\/v2\/categories?post=43339"},{"taxonomy":"post_tag","embeddable":true,"href":"https:\/\/www.schiebener.net\/wordpress\/wp-json\/wp\/v2\/tags?post=43339"}],"curies":[{"name":"wp","href":"https:\/\/api.w.org\/{rel}","templated":true}]}}