{"id":43299,"date":"2019-01-25T23:29:31","date_gmt":"2019-01-25T22:29:31","guid":{"rendered":"https:\/\/www.schiebener.net\/wordpress\/?p=43299"},"modified":"2019-01-25T23:36:35","modified_gmt":"2019-01-25T22:36:35","slug":"europe-united-martin-schulz-kommt-nach-brilon","status":"publish","type":"post","link":"https:\/\/www.schiebener.net\/wordpress\/europe-united-martin-schulz-kommt-nach-brilon\/","title":{"rendered":"&#8222;Europe united!&#8220; &#8211; Martin Schulz kommt nach Brilon"},"content":{"rendered":"<figure id=\"attachment_43300\" aria-describedby=\"caption-attachment-43300\" style=\"width: 700px\" class=\"wp-caption aligncenter\"><a href=\"https:\/\/www.schiebener.net\/wordpress\/wp-content\/uploads\/2019\/01\/MartinSchulzDBT_Stella-von-Saldern.jpg\" target=\"_blank\" rel=\"noopener\"><img loading=\"lazy\" decoding=\"async\" class=\"wp-image-43300\" src=\"https:\/\/www.schiebener.net\/wordpress\/wp-content\/uploads\/2019\/01\/MartinSchulzDBT_Stella-von-Saldern.jpg\" alt=\"\" width=\"700\" height=\"467\" srcset=\"https:\/\/www.schiebener.net\/wordpress\/wp-content\/uploads\/2019\/01\/MartinSchulzDBT_Stella-von-Saldern.jpg 1024w, https:\/\/www.schiebener.net\/wordpress\/wp-content\/uploads\/2019\/01\/MartinSchulzDBT_Stella-von-Saldern-300x200.jpg 300w, https:\/\/www.schiebener.net\/wordpress\/wp-content\/uploads\/2019\/01\/MartinSchulzDBT_Stella-von-Saldern-768x512.jpg 768w\" sizes=\"auto, (max-width: 709px) 85vw, (max-width: 909px) 67vw, (max-width: 984px) 61vw, (max-width: 1362px) 45vw, 600px\" \/><\/a><figcaption id=\"caption-attachment-43300\" class=\"wp-caption-text\">Kommt nach Brilon. Martin Schulz hier noch in Berlin. (foto: DBT Stella von Saldern)<\/figcaption><\/figure>\n<p><strong>Brilon. (spd_pm) Auf Einladung des heimischen SPD-Bundestagsabgeordneten Dirk Wiese kommt MdB Martin Schulz am 6. Februar 2019 um 17:00 Uhr in das B\u00fcrgerzentrum Kolpinghaus in Brilon zu einer Veranstaltung im Rahmen der Reihe SPD-Bundestagsfraktion vor Ort. \u201eDie Antwort hei\u00dft: EUROPA \u2013 Wege aus der Krise der EU\u201c ist der Titel, zu dem Martin Schulz sprechen wird.<\/strong><\/p>\n<p><em>(Pressemeldung der SPD HSK)<\/em><\/p>\n<p>Die EU steht am Scheideweg: als erstes Mitglied verl\u00e4sst Gro\u00dfbritannien die Gemeinschaft. Eine gemeinsame Fl\u00fcchtlingspolitik will nicht gelingen. Rechte Parteien gewinnen in allen europ\u00e4ischen L\u00e4ndern immer mehr Zustimmung, obwohl sie grundlegende europ\u00e4ische Werte wie die Meinungs- und Versammlungsfreiheit bek\u00e4mpfen.<\/p>\n<p>Gerade in Krisenzeiten lohnt es sich, f\u00fcr die europ\u00e4ische Idee zu k\u00e4mpfen. Die EU ist seit \u00fcber 70 Jahren Garant f\u00fcr den Frieden auf unserem Kontinent. Alle Mitglieder der EU, aber besonders Deutschland profitieren von Europa. Offene Grenzen f\u00fcr Personen, Waren und Kapital haben entscheidend zum Wohlstand aller Europ\u00e4er beigetragen und die Lebensverh\u00e4ltnisse enorm verbessert.<\/p>\n<p>Die SPD-Bundestagsfraktion ist \u00fcberzeugt davon, dass die (Vertrauens-)Krise \u00fcberwunden werden kann. Mehr noch: Die Europ\u00e4ische Union muss gest\u00e4rkt aus dieser Krise hervorgehen. Mit einem Europ\u00e4ischen Sozialpakt wollen wir Lohn-, Sozial- und Steuerdumping verhindern und die sozialen Grundrechte der Besch\u00e4ftigten in der EU st\u00e4rken. Dazu geh\u00f6ren Mindestl\u00f6hne in der EU, das Prinzip des gleichen Lohns f\u00fcr gleiche Arbeit am gleichen Ort und mehr Geld gegen Jugendarbeitslosigkeit. Um Wachstum und Besch\u00e4ftigung in der Eurozone voranzubringen, brauchen wir mehr Investitionen statt einseitiger Spardiktate. Wir gehen gegen Steuerdumping vor. Unternehmen m\u00fcssen in Europa gerecht besteuert werden.<\/p>\n<p>Ein starkes Europa ist entscheidend f\u00fcr Frieden und Sicherheit. Die Antwort auf die weltpolitischen Herausforderungen von heute und morgen kann nur lauten: Europe united! Wir m\u00f6chten Sie \u00fcber die europapolitischen Vorhaben der SPD-Bundestagsfraktion informieren und mit Ihnen \u00fcber Fragen zur Zukunft Europas ins Gespr\u00e4ch kommen.<\/p>\n<p>Im Anschluss an die Podiumsdiskussion mit Martin Schulz MdB, Tobias Mehler vom Youth-Hansa-Team Brilon und dem Vorsitzenden des Jugendparlaments Brilon, Felix Wrede, besteht f\u00fcr das Publikum die M\u00f6glichkeit Fragen zu stellen und sich in die Diskussion einzubringen.<\/p>\n<p>\u201eAlle B\u00fcrgerinnen und B\u00fcrger sind herzlich eingeladen. Wir freuen uns auf eine rege Teilnahme und eine interessante Diskussion,\u201c so Wiese.<\/p>\n<p>&#8212;&#8212;&#8212;&#8212;&#8212;&#8212;&#8212;-<\/p>\n<p><em>Um Anmeldungen wird gebeten unter 0291-99 67 13 oder via E-Mail an <a href=\"mailto:dirk.wiese.wk@bundestag.de\" target=\"_blank\" rel=\"noopener\">dirk.wiese.wk@bundestag.de<\/a><\/em><\/p>\n","protected":false},"excerpt":{"rendered":"<p>Brilon. (spd_pm) Auf Einladung des heimischen SPD-Bundestagsabgeordneten Dirk Wiese kommt MdB Martin Schulz am 6. Februar 2019 um 17:00 Uhr in das B\u00fcrgerzentrum Kolpinghaus in Brilon zu einer Veranstaltung im &hellip; <a href=\"https:\/\/www.schiebener.net\/wordpress\/europe-united-martin-schulz-kommt-nach-brilon\/\" class=\"more-link\"><span class=\"screen-reader-text\">\u201e&#8222;Europe united!&#8220; &#8211; Martin Schulz kommt nach Brilon\u201c <\/span>weiterlesen<\/a><\/p>\n","protected":false},"author":17,"featured_media":0,"comment_status":"open","ping_status":"open","sticky":false,"template":"","format":"standard","meta":{"footnotes":""},"categories":[533,303,80,24,1043],"tags":[579,4826,655,4682],"class_list":["post-43299","post","type-post","status-publish","format-standard","hentry","category-europa","category-in-unserem-briefkasten","category-lokales","category-politik","category-pressemitteilungen","tag-brilon","tag-martin-schulz","tag-pressemitteilung","tag-spd-hsk"],"_links":{"self":[{"href":"https:\/\/www.schiebener.net\/wordpress\/wp-json\/wp\/v2\/posts\/43299","targetHints":{"allow":["GET"]}}],"collection":[{"href":"https:\/\/www.schiebener.net\/wordpress\/wp-json\/wp\/v2\/posts"}],"about":[{"href":"https:\/\/www.schiebener.net\/wordpress\/wp-json\/wp\/v2\/types\/post"}],"author":[{"embeddable":true,"href":"https:\/\/www.schiebener.net\/wordpress\/wp-json\/wp\/v2\/users\/17"}],"replies":[{"embeddable":true,"href":"https:\/\/www.schiebener.net\/wordpress\/wp-json\/wp\/v2\/comments?post=43299"}],"version-history":[{"count":0,"href":"https:\/\/www.schiebener.net\/wordpress\/wp-json\/wp\/v2\/posts\/43299\/revisions"}],"wp:attachment":[{"href":"https:\/\/www.schiebener.net\/wordpress\/wp-json\/wp\/v2\/media?parent=43299"}],"wp:term":[{"taxonomy":"category","embeddable":true,"href":"https:\/\/www.schiebener.net\/wordpress\/wp-json\/wp\/v2\/categories?post=43299"},{"taxonomy":"post_tag","embeddable":true,"href":"https:\/\/www.schiebener.net\/wordpress\/wp-json\/wp\/v2\/tags?post=43299"}],"curies":[{"name":"wp","href":"https:\/\/api.w.org\/{rel}","templated":true}]}}