{"id":4325,"date":"2009-08-17T19:13:27","date_gmt":"2009-08-17T17:13:27","guid":{"rendered":"http:\/\/www.schiebener.net\/wordpress\/?p=4325"},"modified":"2009-08-17T19:17:42","modified_gmt":"2009-08-17T17:17:42","slug":"hochsauerlandkreis-vier-fur-volksentscheide","status":"publish","type":"post","link":"https:\/\/www.schiebener.net\/wordpress\/hochsauerlandkreis-vier-fur-volksentscheide\/","title":{"rendered":"Hochsauerlandkreis: Vier f\u00fcr Volksentscheide"},"content":{"rendered":"<p><img loading=\"lazy\" decoding=\"async\" class=\"alignleft size-full wp-image-2182\" src=\"http:\/\/www.schiebener.net\/wordpress\/wp-content\/uploads\/2009\/02\/lt_briefkasten01.jpg\" alt=\"\" width=\"120\" height=\"91\" \/>In meinem Briefkasten habe ich folgenden Text zum Thema &#8222;Volksentscheide&#8220; gefunden. Ich habe ihn geringf\u00fcgig redigiert und mit einer kleinen Anmerkung versehen:<\/p>\n<blockquote><p>viermal &#8222;Ja&#8220; f\u00fcr Volksentscheide und nur einmal &#8222;Nein&#8220;. Vier von f\u00fcnf Hochsauerland-Kandidaten zur Bundestagswahl am 27. September sprechen sich auf <a href=\"http:\/\/www.volksentscheid.de\/wahlkreis\/hochsauerlandkreis\" target=\"_blank\">unserer Internetseite volksentscheid.de<\/a> f\u00fcr die Einf\u00fchrung bundesweiter Volksabstimmungen aus.<\/p>\n<p>Damit ist der Volksentscheid in Ihrem Kreis w\u00e4hlbar! Nutzen Sie am 27. September Ihre Stimme f\u00fcr die direkte Demokratie: W\u00e4hlen Sie nur diejenigen Kandidaten, die sich f\u00fcr mehr B\u00fcrgermacht in Deutschland einsetzen wollen.<\/p><\/blockquote>\n<p>Hier bemerke ich, dass sich die vier Pro-Volksentscheid-Kandidaten nicht alle uneingeschr\u00e4nkt f\u00fcr diese Form der B\u00fcrgerbeteiligung aussprechen. Auch halte ich das Gegenargument des CDU-Kandidaten bedenkenswert:<\/p>\n<p>&#8222;Auf Bundesebene sind Volksentscheide in der Regel nicht sinnvoll. Auf viele Fragestellungen kann nicht mit Ja oder Nein geantwortet werden. Manche Themen stellen sogar Gefahren dar, z.B. Volksentscheide \u00fcber die Einf\u00fchrung der Todesstrafe&#8230;&#8220;<\/p>\n<p>Doch weiter im Text und die fehlenden Links nachgeliefert:<\/p>\n<blockquote><p>Das k\u00f6nnen Sie au\u00dferdem f\u00fcr Volksentscheide tun:<\/p>\n<p>&#8211;   Drucken Sie Wahlkreis-Flugbl\u00e4tter mit den Statements der Kandidaten aus und verteilen<br \/>\nSie diese an Freunde und Bekannte:<br \/>\n<a href=\"http:\/\/www.volksentscheid.de\/media\/flyer_web\/hochsauerlandkreis.pdf\" target=\"_blank\">http:\/\/www.volksentscheid.de\/media\/flyer_web\/hochsauerlandkreis.pdf<\/a><br \/>\n&#8211;   Bestellen Sie Flugbl\u00e4tter zu Weiterverteilen:<br \/>\n<a href=\"https:\/\/www.volksentscheid.de\/flugblatt\/bestellen\/148\" target=\"_blank\">https:\/\/www.volksentscheid.de\/flugblatt\/bestellen\/148<\/a><br \/>\n&#8211;   Spenden Sie f\u00fcr die Verteilung von Flugbl\u00e4ttern:<br \/>\n<a href=\"https:\/\/www.volksentscheid.de\/flugblatt\/verteilen\/148\" target=\"_blank\">https:\/\/www.volksentscheid.de\/flugblatt\/verteilen\/148<\/a><br \/>\nAm 29. August ist unsere Volksentscheid-Kampagne auch Thema unserer NRW-<br \/>\nMitgliederversammlung in D\u00fcsseldorf. Auch Nichtmitglieder sind herzlich eingeladen:<\/p>\n<p><a href=\"http:\/\/www.nrw.mehr-demokratie.de\/mv-nrw.html\" target=\"_blank\">http:\/\/www.nrw.mehr-demokratie.de\/mv-nrw.html<\/a><\/p><\/blockquote>\n","protected":false},"excerpt":{"rendered":"<p>In meinem Briefkasten habe ich folgenden Text zum Thema &#8222;Volksentscheide&#8220; gefunden. Ich habe ihn geringf\u00fcgig redigiert und mit einer kleinen Anmerkung versehen: viermal &#8222;Ja&#8220; f\u00fcr Volksentscheide und nur einmal &#8222;Nein&#8220;. &hellip; <a href=\"https:\/\/www.schiebener.net\/wordpress\/hochsauerlandkreis-vier-fur-volksentscheide\/\" class=\"more-link\"><span class=\"screen-reader-text\">\u201eHochsauerlandkreis: Vier f\u00fcr Volksentscheide\u201c <\/span>weiterlesen<\/a><\/p>\n","protected":false},"author":3,"featured_media":0,"comment_status":"open","ping_status":"open","sticky":false,"template":"","format":"standard","meta":{"footnotes":""},"categories":[80,32,24],"tags":[212,598,713],"class_list":["post-4325","post","type-post","status-publish","format-standard","hentry","category-lokales","category-medien","category-politik","tag-hochsauerland","tag-kommunalwahlen","tag-volksentscheid"],"_links":{"self":[{"href":"https:\/\/www.schiebener.net\/wordpress\/wp-json\/wp\/v2\/posts\/4325","targetHints":{"allow":["GET"]}}],"collection":[{"href":"https:\/\/www.schiebener.net\/wordpress\/wp-json\/wp\/v2\/posts"}],"about":[{"href":"https:\/\/www.schiebener.net\/wordpress\/wp-json\/wp\/v2\/types\/post"}],"author":[{"embeddable":true,"href":"https:\/\/www.schiebener.net\/wordpress\/wp-json\/wp\/v2\/users\/3"}],"replies":[{"embeddable":true,"href":"https:\/\/www.schiebener.net\/wordpress\/wp-json\/wp\/v2\/comments?post=4325"}],"version-history":[{"count":0,"href":"https:\/\/www.schiebener.net\/wordpress\/wp-json\/wp\/v2\/posts\/4325\/revisions"}],"wp:attachment":[{"href":"https:\/\/www.schiebener.net\/wordpress\/wp-json\/wp\/v2\/media?parent=4325"}],"wp:term":[{"taxonomy":"category","embeddable":true,"href":"https:\/\/www.schiebener.net\/wordpress\/wp-json\/wp\/v2\/categories?post=4325"},{"taxonomy":"post_tag","embeddable":true,"href":"https:\/\/www.schiebener.net\/wordpress\/wp-json\/wp\/v2\/tags?post=4325"}],"curies":[{"name":"wp","href":"https:\/\/api.w.org\/{rel}","templated":true}]}}