{"id":43197,"date":"2019-01-12T23:20:16","date_gmt":"2019-01-12T22:20:16","guid":{"rendered":"https:\/\/www.schiebener.net\/wordpress\/?p=43197"},"modified":"2019-01-12T23:20:16","modified_gmt":"2019-01-12T22:20:16","slug":"bevor-ich-heute-mit-grippe-nichts-poste-mohren-apotheke-einverstanden","status":"publish","type":"post","link":"https:\/\/www.schiebener.net\/wordpress\/bevor-ich-heute-mit-grippe-nichts-poste-mohren-apotheke-einverstanden\/","title":{"rendered":"Bevor ich heute mit Grippe nichts poste: &#8222;Mohren-Apotheke&#8220; &#8211; einverstanden?"},"content":{"rendered":"<figure id=\"attachment_43198\" aria-describedby=\"caption-attachment-43198\" style=\"width: 700px\" class=\"wp-caption aligncenter\"><a href=\"https:\/\/www.schiebener.net\/wordpress\/wp-content\/uploads\/2019\/01\/KasselMohrenApotheke20180112.jpg\" target=\"_blank\" rel=\"noopener\"><img loading=\"lazy\" decoding=\"async\" class=\"wp-image-43198\" src=\"https:\/\/www.schiebener.net\/wordpress\/wp-content\/uploads\/2019\/01\/KasselMohrenApotheke20180112.jpg\" alt=\"\" width=\"700\" height=\"467\" srcset=\"https:\/\/www.schiebener.net\/wordpress\/wp-content\/uploads\/2019\/01\/KasselMohrenApotheke20180112.jpg 2048w, https:\/\/www.schiebener.net\/wordpress\/wp-content\/uploads\/2019\/01\/KasselMohrenApotheke20180112-300x200.jpg 300w, https:\/\/www.schiebener.net\/wordpress\/wp-content\/uploads\/2019\/01\/KasselMohrenApotheke20180112-768x512.jpg 768w, https:\/\/www.schiebener.net\/wordpress\/wp-content\/uploads\/2019\/01\/KasselMohrenApotheke20180112-1024x683.jpg 1024w\" sizes=\"auto, (max-width: 709px) 85vw, (max-width: 909px) 67vw, (max-width: 984px) 61vw, (max-width: 1362px) 45vw, 600px\" \/><\/a><figcaption id=\"caption-attachment-43198\" class=\"wp-caption-text\">Die Mohren-Apotheke am Bebelplatz in Kassel (foto: zoom)<\/figcaption><\/figure>\n<p><strong>Verschnupft und vergrippt habe ich eine Frage:<\/strong><\/p>\n<p>Ist es ok, dass die Mohren-Apotheke in Kassel &#8222;Mohren-Apotheke&#8220; hei\u00dft oder ist das rassistisch?<\/p>\n<p>Wie ich <a href=\"https:\/\/www.hna.de\/kassel\/vorderer-westen-ort140786\/mohren-apotheke-in-kassel-behaelt-namen-diskussion-um-rassismus-9572401.html\" target=\"_blank\" rel=\"noopener\">der HNA entnehme<\/a>, k\u00f6nnte die Inhaberin das Problem l\u00f6sen, indem sie das Gesch\u00e4ft in bspw. &#8222;M\u00f6hren-Apotheke&#8220; umbenennt.<\/p>\n<p>Kostet Geld. Egal?<\/p>\n","protected":false},"excerpt":{"rendered":"<p>Verschnupft und vergrippt habe ich eine Frage: Ist es ok, dass die Mohren-Apotheke in Kassel &#8222;Mohren-Apotheke&#8220; hei\u00dft oder ist das rassistisch? Wie ich der HNA entnehme, k\u00f6nnte die Inhaberin das &hellip; <a href=\"https:\/\/www.schiebener.net\/wordpress\/bevor-ich-heute-mit-grippe-nichts-poste-mohren-apotheke-einverstanden\/\" class=\"more-link\"><span class=\"screen-reader-text\">\u201eBevor ich heute mit Grippe nichts poste: &#8222;Mohren-Apotheke&#8220; &#8211; einverstanden?\u201c <\/span>weiterlesen<\/a><\/p>\n","protected":false},"author":3,"featured_media":0,"comment_status":"open","ping_status":"open","sticky":false,"template":"","format":"standard","meta":{"footnotes":""},"categories":[174,2729],"tags":[2270,7956],"class_list":["post-43197","post","type-post","status-publish","format-standard","hentry","category-dit-und-dat","category-reisen","tag-kassel","tag-mohren-apotheke"],"_links":{"self":[{"href":"https:\/\/www.schiebener.net\/wordpress\/wp-json\/wp\/v2\/posts\/43197","targetHints":{"allow":["GET"]}}],"collection":[{"href":"https:\/\/www.schiebener.net\/wordpress\/wp-json\/wp\/v2\/posts"}],"about":[{"href":"https:\/\/www.schiebener.net\/wordpress\/wp-json\/wp\/v2\/types\/post"}],"author":[{"embeddable":true,"href":"https:\/\/www.schiebener.net\/wordpress\/wp-json\/wp\/v2\/users\/3"}],"replies":[{"embeddable":true,"href":"https:\/\/www.schiebener.net\/wordpress\/wp-json\/wp\/v2\/comments?post=43197"}],"version-history":[{"count":0,"href":"https:\/\/www.schiebener.net\/wordpress\/wp-json\/wp\/v2\/posts\/43197\/revisions"}],"wp:attachment":[{"href":"https:\/\/www.schiebener.net\/wordpress\/wp-json\/wp\/v2\/media?parent=43197"}],"wp:term":[{"taxonomy":"category","embeddable":true,"href":"https:\/\/www.schiebener.net\/wordpress\/wp-json\/wp\/v2\/categories?post=43197"},{"taxonomy":"post_tag","embeddable":true,"href":"https:\/\/www.schiebener.net\/wordpress\/wp-json\/wp\/v2\/tags?post=43197"}],"curies":[{"name":"wp","href":"https:\/\/api.w.org\/{rel}","templated":true}]}}