{"id":43122,"date":"2019-01-01T21:46:24","date_gmt":"2019-01-01T20:46:24","guid":{"rendered":"https:\/\/www.schiebener.net\/wordpress\/?p=43122"},"modified":"2019-01-01T22:11:03","modified_gmt":"2019-01-01T21:11:03","slug":"geschafft-silvester-im-kasten-und-2019-angelebt","status":"publish","type":"post","link":"https:\/\/www.schiebener.net\/wordpress\/geschafft-silvester-im-kasten-und-2019-angelebt\/","title":{"rendered":"Geschafft! Silvester im Kasten und 2019 angelebt."},"content":{"rendered":"<figure id=\"attachment_43123\" aria-describedby=\"caption-attachment-43123\" style=\"width: 700px\" class=\"wp-caption aligncenter\"><a href=\"https:\/\/www.schiebener.net\/wordpress\/wp-content\/uploads\/2019\/01\/Silvester2018123101.jpg\" target=\"_blank\" rel=\"noopener\"><img loading=\"lazy\" decoding=\"async\" class=\"wp-image-43123\" src=\"https:\/\/www.schiebener.net\/wordpress\/wp-content\/uploads\/2019\/01\/Silvester2018123101.jpg\" alt=\"\" width=\"700\" height=\"486\" srcset=\"https:\/\/www.schiebener.net\/wordpress\/wp-content\/uploads\/2019\/01\/Silvester2018123101.jpg 2048w, https:\/\/www.schiebener.net\/wordpress\/wp-content\/uploads\/2019\/01\/Silvester2018123101-300x208.jpg 300w, https:\/\/www.schiebener.net\/wordpress\/wp-content\/uploads\/2019\/01\/Silvester2018123101-768x533.jpg 768w, https:\/\/www.schiebener.net\/wordpress\/wp-content\/uploads\/2019\/01\/Silvester2018123101-1024x711.jpg 1024w\" sizes=\"auto, (max-width: 709px) 85vw, (max-width: 909px) 67vw, (max-width: 984px) 61vw, (max-width: 1362px) 45vw, 600px\" \/><\/a><figcaption id=\"caption-attachment-43123\" class=\"wp-caption-text\">Es war nicht trivial diesen Blick auf das Silvesterfeuerwerk\u00a0 in Humboldt zu fixieren. (foto: zoom)<\/figcaption><\/figure>\n<p><strong>Dieses Silvester hatte ich keine Zeit f\u00fcr tiefgr\u00fcndige Lebensphilosophie und Zukunftsentw\u00fcrfe. Der kleine Sohn unserer Gastgeber hat alles von mir gefordert.<\/strong><\/p>\n<p>W\u00e4hrend der Rest der Gesellschaft die Getr\u00e4nke dezimierte und die Weltlage analysierte, habe ich mit dem kleinen J. f\u00fcnf Puzzles mehrmals auf dem Fu\u00dfboden vor der Balkont\u00fcr gel\u00f6st und ausgelegt. Bei den leichten mit lediglich 15 oder 30 Teilen sind wir am Ende dazu \u00fcbergegangen, die Einzelteile auf die falsche Seite zu legen und sie lediglich nach Form zusammenzupassen. Das Motiv haben wir dann &#8222;Kalk im Nebel&#8220; genannt.<\/p>\n<p>Ich habe mich wirklich angestrengt und dachte, dass J., erm\u00fcdet vom Spiel, mich in die Rotweinrunde entlassen w\u00fcrde.<\/p>\n<p>Kinder sind unerbittlich und gnadenlos. J. schleppte gef\u00fchlt mehrere Regalmeter Kinderfachliteratur zu den Themen Hausbau, Feuerwehr, K\u00f6rper, Flugreisen, Tiere, Kindergarten, &#8230; ad infinitum an.<\/p>\n<p>Wie haben wir es nur geschafft, das Raclette-Besteck nebenbei zu bedienen?<\/p>\n<p>10 Minuten vor Mitternacht riss ich mich los und stand auf dem Balkon. Die Erwachsenen begannen ihre Sektgl\u00e4ser zu f\u00fcllen.<\/p>\n<p>Es wurde Ernst im Stadtteil Humboldt. Kein Stativ. Was tun? Die Faustregel lautet: ISO 100, Blende 10, 10 Sekunden Belichtung, Autofokus aus, Entfernung unendlich, Stativ.<\/p>\n<p>Das Feuerwerk explodierte \u00fcber den D\u00e4chern des Hinterhofs auf der Scheel Sick von K\u00f6ln.<\/p>\n<p>Bewegungslos erstarrt, die Kamera auf die Balkonbr\u00fcstung gedr\u00fcckt. Salzs\u00e4ule. Klick. Zehn Sekunden. Klack. Siehe oben.<\/p>\n<p>Dann war es 2019 und wir haben noch ein wenig Kinderfachliteratur gelesen. Im Feuerwehrbuch gab es sogar eine Feuerwehrfrau, aber die musste in Humboldt nicht eingreifen.<\/p>\n","protected":false},"excerpt":{"rendered":"<p>Dieses Silvester hatte ich keine Zeit f\u00fcr tiefgr\u00fcndige Lebensphilosophie und Zukunftsentw\u00fcrfe. Der kleine Sohn unserer Gastgeber hat alles von mir gefordert. W\u00e4hrend der Rest der Gesellschaft die Getr\u00e4nke dezimierte und &hellip; <a href=\"https:\/\/www.schiebener.net\/wordpress\/geschafft-silvester-im-kasten-und-2019-angelebt\/\" class=\"more-link\"><span class=\"screen-reader-text\">\u201eGeschafft! Silvester im Kasten und 2019 angelebt.\u201c <\/span>weiterlesen<\/a><\/p>\n","protected":false},"author":3,"featured_media":0,"comment_status":"open","ping_status":"open","sticky":false,"template":"","format":"standard","meta":{"footnotes":""},"categories":[174,2489],"tags":[5098,667,7943,7942],"class_list":["post-43122","post","type-post","status-publish","format-standard","hentry","category-dit-und-dat","category-in-eigener-sache","tag-humboldt","tag-koln","tag-neujahr-2019","tag-silvester-2018"],"_links":{"self":[{"href":"https:\/\/www.schiebener.net\/wordpress\/wp-json\/wp\/v2\/posts\/43122","targetHints":{"allow":["GET"]}}],"collection":[{"href":"https:\/\/www.schiebener.net\/wordpress\/wp-json\/wp\/v2\/posts"}],"about":[{"href":"https:\/\/www.schiebener.net\/wordpress\/wp-json\/wp\/v2\/types\/post"}],"author":[{"embeddable":true,"href":"https:\/\/www.schiebener.net\/wordpress\/wp-json\/wp\/v2\/users\/3"}],"replies":[{"embeddable":true,"href":"https:\/\/www.schiebener.net\/wordpress\/wp-json\/wp\/v2\/comments?post=43122"}],"version-history":[{"count":0,"href":"https:\/\/www.schiebener.net\/wordpress\/wp-json\/wp\/v2\/posts\/43122\/revisions"}],"wp:attachment":[{"href":"https:\/\/www.schiebener.net\/wordpress\/wp-json\/wp\/v2\/media?parent=43122"}],"wp:term":[{"taxonomy":"category","embeddable":true,"href":"https:\/\/www.schiebener.net\/wordpress\/wp-json\/wp\/v2\/categories?post=43122"},{"taxonomy":"post_tag","embeddable":true,"href":"https:\/\/www.schiebener.net\/wordpress\/wp-json\/wp\/v2\/tags?post=43122"}],"curies":[{"name":"wp","href":"https:\/\/api.w.org\/{rel}","templated":true}]}}