{"id":43026,"date":"2018-12-22T19:50:58","date_gmt":"2018-12-22T18:50:58","guid":{"rendered":"https:\/\/www.schiebener.net\/wordpress\/?p=43026"},"modified":"2018-12-22T20:17:55","modified_gmt":"2018-12-22T19:17:55","slug":"im-briefkasten-die-linke-hochsauerlandkreis-waehlte-neuen-kreisvorstand","status":"publish","type":"post","link":"https:\/\/www.schiebener.net\/wordpress\/im-briefkasten-die-linke-hochsauerlandkreis-waehlte-neuen-kreisvorstand\/","title":{"rendered":"Im Briefkasten: DIE LINKE Hochsauerlandkreis w\u00e4hlte neuen Kreisvorstand"},"content":{"rendered":"<figure id=\"attachment_43027\" aria-describedby=\"caption-attachment-43027\" style=\"width: 700px\" class=\"wp-caption aligncenter\"><a href=\"https:\/\/www.schiebener.net\/wordpress\/wp-content\/uploads\/2018\/12\/Kreisvorstand.jpg\" target=\"_blank\" rel=\"noopener\"><img loading=\"lazy\" decoding=\"async\" class=\"wp-image-43027\" src=\"https:\/\/www.schiebener.net\/wordpress\/wp-content\/uploads\/2018\/12\/Kreisvorstand.jpg\" alt=\"\" width=\"700\" height=\"498\" srcset=\"https:\/\/www.schiebener.net\/wordpress\/wp-content\/uploads\/2018\/12\/Kreisvorstand.jpg 1024w, https:\/\/www.schiebener.net\/wordpress\/wp-content\/uploads\/2018\/12\/Kreisvorstand-300x213.jpg 300w, https:\/\/www.schiebener.net\/wordpress\/wp-content\/uploads\/2018\/12\/Kreisvorstand-768x546.jpg 768w\" sizes=\"auto, (max-width: 709px) 85vw, (max-width: 909px) 67vw, (max-width: 984px) 61vw, (max-width: 1362px) 45vw, 600px\" \/><\/a><figcaption id=\"caption-attachment-43027\" class=\"wp-caption-text\">Der neue Vorstand des Kreisverbandes DIE LINKE Hochsauerlandkreis. Obere Reihe von links:\u00a0 Armin Johannes Kleck, Ipek Mansuroglu, Sehnaz Avci. Untere Reihe von links:\u00a0Joachim Blei, Franz-Josef Ahlbracht, Hartmut Zieger, Dietmar Schwalm (collage: dieLinke)<\/figcaption><\/figure>\n<p><strong>Am Sonntag, 16.12.2018, wurde auf einer Mitgliederversammlung ein neuer Vorstand des Kreisverbands gew\u00e4hlt. Um endlich einen Neustart vor allem f\u00fcr die inhaltliche Arbeit der Partei zu gew\u00e4hrleisten, war vorher der bisherige Vorstand einstimmig geschlossen zur\u00fcckgetreten.<\/strong><\/p>\n<p><em>(Pressemitteilung von <a href=\"https:\/\/www.linksfraktion-hochsauerlandkreis.de\/parteigliederungen-im-hsk\/kreisverband\/\" target=\"_blank\" rel=\"noopener\">DIE LINKE Hochsauerlandkreis<\/a>)<\/em><\/p>\n<p>Der neue Kreisverband hat sich unter anderem auch zum Ziel gesetzt, die politischen Aktivit\u00e4ten in den gr\u00f6\u00dferen Kommunen des Kreisgebiets zu st\u00e4rken.<\/p>\n<p>\u201eEs muss neben der Fraktionsarbeit auch eine Parteiarbeit in Arnsberg, Sundern und Brilon geben. Sie ist in den letzten Monaten unter dem alten Kreisvorstand etwas zu kurz gekommen\u201c, so der neugew\u00e4hlte Kreisgesch\u00e4ftsf\u00fchrer Joachim Blei.<\/p>\n<p>Mit den beschlossenen neuen Parteistrukturen sollen neue M\u00f6glichkeiten zur Aktivierung der Mitglieder vor Ort geschaffen werden.<\/p>\n<p>Der neue Vorstand besteht jetzt aus folgenden Personen:<\/p>\n<ul>\n<li>Sprecherin: Ipek Mansuroglu, Marsberg<\/li>\n<li>Sprecher: Armin Johannes Kleck, Marsberg<\/li>\n<li>Schatzmeisterin: Sehnaz Avci, Marsberg<\/li>\n<li>Gesch\u00e4ftsf\u00fchrer: Joachim Blei, Sundern<\/li>\n<li>Beisitzer: Franz-Josef Ahlbracht, Marsberg<\/li>\n<li>Beisitzer: Hartmut Zieger, Meschede<\/li>\n<li>Beisitzer: Dietmar Schwalm, Arnsberg<\/li>\n<\/ul>\n<p>Die drei Pl\u00e4tze f\u00fcr die Beisitzerinnen konnten leider nicht besetzt werden.<\/p>\n<p>&#8212;&#8212;&#8212;&#8212;&#8212;&#8212;&#8212;<\/p>\n<p><em>Weitere Infos unter <a href=\"https:\/\/www.linksfraktion-hochsauerlandkreis.de\/ueber-uns\/kreisverband\/\" target=\"_blank\" rel=\"noopener\">https:\/\/www.linksfraktion-hochsauerlandkreis.de\/ueber-uns\/kreisverband\/<\/a><\/em><\/p>\n","protected":false},"excerpt":{"rendered":"<p>Am Sonntag, 16.12.2018, wurde auf einer Mitgliederversammlung ein neuer Vorstand des Kreisverbands gew\u00e4hlt. Um endlich einen Neustart vor allem f\u00fcr die inhaltliche Arbeit der Partei zu gew\u00e4hrleisten, war vorher der &hellip; <a href=\"https:\/\/www.schiebener.net\/wordpress\/im-briefkasten-die-linke-hochsauerlandkreis-waehlte-neuen-kreisvorstand\/\" class=\"more-link\"><span class=\"screen-reader-text\">\u201eIm Briefkasten: DIE LINKE Hochsauerlandkreis w\u00e4hlte neuen Kreisvorstand\u201c <\/span>weiterlesen<\/a><\/p>\n","protected":false},"author":17,"featured_media":0,"comment_status":"open","ping_status":"open","sticky":false,"template":"","format":"standard","meta":{"footnotes":""},"categories":[303,80,24],"tags":[7008],"class_list":["post-43026","post","type-post","status-publish","format-standard","hentry","category-in-unserem-briefkasten","category-lokales","category-politik","tag-die-linke-hsk"],"_links":{"self":[{"href":"https:\/\/www.schiebener.net\/wordpress\/wp-json\/wp\/v2\/posts\/43026","targetHints":{"allow":["GET"]}}],"collection":[{"href":"https:\/\/www.schiebener.net\/wordpress\/wp-json\/wp\/v2\/posts"}],"about":[{"href":"https:\/\/www.schiebener.net\/wordpress\/wp-json\/wp\/v2\/types\/post"}],"author":[{"embeddable":true,"href":"https:\/\/www.schiebener.net\/wordpress\/wp-json\/wp\/v2\/users\/17"}],"replies":[{"embeddable":true,"href":"https:\/\/www.schiebener.net\/wordpress\/wp-json\/wp\/v2\/comments?post=43026"}],"version-history":[{"count":0,"href":"https:\/\/www.schiebener.net\/wordpress\/wp-json\/wp\/v2\/posts\/43026\/revisions"}],"wp:attachment":[{"href":"https:\/\/www.schiebener.net\/wordpress\/wp-json\/wp\/v2\/media?parent=43026"}],"wp:term":[{"taxonomy":"category","embeddable":true,"href":"https:\/\/www.schiebener.net\/wordpress\/wp-json\/wp\/v2\/categories?post=43026"},{"taxonomy":"post_tag","embeddable":true,"href":"https:\/\/www.schiebener.net\/wordpress\/wp-json\/wp\/v2\/tags?post=43026"}],"curies":[{"name":"wp","href":"https:\/\/api.w.org\/{rel}","templated":true}]}}