{"id":4295,"date":"2009-08-14T20:34:41","date_gmt":"2009-08-14T18:34:41","guid":{"rendered":"http:\/\/www.schiebener.net\/wordpress\/?p=4295"},"modified":"2009-08-14T20:59:56","modified_gmt":"2009-08-14T18:59:56","slug":"wennemen-burgerinitiative-ruhrtaltrasse-nein-geht-online","status":"publish","type":"post","link":"https:\/\/www.schiebener.net\/wordpress\/wennemen-burgerinitiative-ruhrtaltrasse-nein-geht-online\/","title":{"rendered":"Wennemen: B\u00fcrgerinitiative &#8222;Ruhrtaltrasse &#8211; Nein&#8220; geht Online"},"content":{"rendered":"<h2 class=\"mceTemp mceIEcenter\">\n<dl id=\"attachment_4294\" class=\"wp-caption aligncenter\" style=\"width: 490px;\">\n<dt class=\"wp-caption-dt\"><a href=\"http:\/\/www.ruhrtaltrasse-nein.de\/index.html\" target=\"_blank\"><img loading=\"lazy\" decoding=\"async\" class=\"size-full wp-image-4294\" title=\"B\u00fcrgerinitiative Wennemen\" src=\"http:\/\/www.schiebener.net\/wordpress\/wp-content\/uploads\/2009\/08\/ruhrtaltrasse01.png\" alt=\"B\u00fcrgerinitiative Wennemen geht Online\" width=\"480\" height=\"199\" srcset=\"https:\/\/www.schiebener.net\/wordpress\/wp-content\/uploads\/2009\/08\/ruhrtaltrasse01.png 480w, https:\/\/www.schiebener.net\/wordpress\/wp-content\/uploads\/2009\/08\/ruhrtaltrasse01-300x124.png 300w\" sizes=\"auto, (max-width: 480px) 85vw, 480px\" \/><\/a><\/dt>\n<dd class=\"wp-caption-dd\">\n<h3>B\u00fcrgerinitiative Wennemen geht Online<\/h3>\n<\/dd>\n<\/dl>\n<\/h2>\n<p>Die B\u00fcrgerinitiative gegen die Ruhrtaltrasse l\u00e4ngs des kleinen Ortes Wennemen im Sauerland <a href=\"http:\/\/www.ruhrtaltrasse-nein.de\/index.html\" target=\"_blank\">hat sich online gemeldet.<\/a><\/p>\n<p>Das Stra\u00dfenbauvorhaben, gegen das sie sich wendet, wird <a href=\"http:\/\/www.lvp.nrw.de\/igvp\/download\/dossier\/21022_Dossier.pdf\" target=\"_blank\">in den Unterlagen <\/a>der Projektgruppe integrierte Gesamtverkehrsplanung NRW folgenderma\u00dfen definiert:<\/p>\n<blockquote><p>Zubringerfunktion zur A46 und Verbindungsfunktion A46 und B55 Entlastung der OD Olpe und OD Freienohl vom Durchgangsverkehr (besonders von dem hohen Anteil des Schwerlastverkehrs) und St\u00e4rkung der inner\u00f6rtlichen Entwicklungspotentiale<\/p><\/blockquote>\n<p>Ich habe mich mit den Zusammenh\u00e4ngen bislang nicht besch\u00e4ftigt und erlaube mir daher noch kein Urteil.<\/p>\n<p>Wennemen ist <a href=\"http:\/\/www.schiebener.net\/wordpress\/?p=1881\" target=\"_blank\">hier im Blog<\/a> lediglich im Rahmen eines schwachen Kalauers erw\u00e4hnt.<\/p>\n<p>Zur Einsch\u00e4tzung von B\u00fcrgerinitiativen stelle ich als Erstes folgende Fragen:<\/p>\n<p>Vertritt die B\u00fcrgerinitiative mit ihren Forderungen ein allgemeines Interesse oder werden Partikular-Interessen unter dem Deckmantel einer h\u00f6heren Moral verborgen?<\/p>\n<p>Kann es auch sein, dass der Staat, in diesem Falle wohl das Land NRW samt seiner Beh\u00f6rden im Zielkonflikt mit der B\u00fcrgerinitiative die Wahrheit zumindest verbiegt?<\/p>\n<p>Die Fragen sind gestellt. Ich belasse es f\u00fcr heute bei diesem Eintrag, verweise(verlinke) auf\u00a0 die Initiative im\u00a0 Seitenmen\u00fc unter &#8222;Links&#8220; und werde mich in Zukunft n\u00e4her und kontinuierlicher mit dem Thema Umgehungsstra\u00dfe L 541 bei Wennemen besch\u00e4ftigen.<\/p>\n<p>Update: weitere Infos<\/p>\n<p><a href=\"http:\/\/www.derwesten.de\/nachrichten\/staedte\/meschede\/2009\/4\/24\/news-117909811\/detail.html\" target=\"_blank\">Westfalenpost Meschede<\/a><\/p>\n<p><a href=\"http:\/\/www.jusos-meschede.de\/aktuelles\/news.php?id=175\" target=\"_blank\">Jusos Meschede<\/a><\/p>\n<p><a href=\"http:\/\/sbl-fraktion.de\/aus-dem-kreistag\/ortsumgehung-olpe-es-regt-sich-widerstand.html\" target=\"_blank\">Sauerl\u00e4nder B\u00fcrgerliste<\/a><\/p>\n","protected":false},"excerpt":{"rendered":"<p>B\u00fcrgerinitiative Wennemen geht Online Die B\u00fcrgerinitiative gegen die Ruhrtaltrasse l\u00e4ngs des kleinen Ortes Wennemen im Sauerland hat sich online gemeldet. Das Stra\u00dfenbauvorhaben, gegen das sie sich wendet, wird in den &hellip; <a href=\"https:\/\/www.schiebener.net\/wordpress\/wennemen-burgerinitiative-ruhrtaltrasse-nein-geht-online\/\" class=\"more-link\"><span class=\"screen-reader-text\">\u201eWennemen: B\u00fcrgerinitiative &#8222;Ruhrtaltrasse &#8211; Nein&#8220; geht Online\u201c <\/span>weiterlesen<\/a><\/p>\n","protected":false},"author":3,"featured_media":0,"comment_status":"open","ping_status":"open","sticky":false,"template":"","format":"standard","meta":{"footnotes":""},"categories":[80,24],"tags":[707,705,706,345],"class_list":["post-4295","post","type-post","status-publish","format-standard","hentry","category-lokales","category-politik","tag-burgerinitiative","tag-l-541","tag-umgehungsstrase","tag-wennemen"],"_links":{"self":[{"href":"https:\/\/www.schiebener.net\/wordpress\/wp-json\/wp\/v2\/posts\/4295","targetHints":{"allow":["GET"]}}],"collection":[{"href":"https:\/\/www.schiebener.net\/wordpress\/wp-json\/wp\/v2\/posts"}],"about":[{"href":"https:\/\/www.schiebener.net\/wordpress\/wp-json\/wp\/v2\/types\/post"}],"author":[{"embeddable":true,"href":"https:\/\/www.schiebener.net\/wordpress\/wp-json\/wp\/v2\/users\/3"}],"replies":[{"embeddable":true,"href":"https:\/\/www.schiebener.net\/wordpress\/wp-json\/wp\/v2\/comments?post=4295"}],"version-history":[{"count":0,"href":"https:\/\/www.schiebener.net\/wordpress\/wp-json\/wp\/v2\/posts\/4295\/revisions"}],"wp:attachment":[{"href":"https:\/\/www.schiebener.net\/wordpress\/wp-json\/wp\/v2\/media?parent=4295"}],"wp:term":[{"taxonomy":"category","embeddable":true,"href":"https:\/\/www.schiebener.net\/wordpress\/wp-json\/wp\/v2\/categories?post=4295"},{"taxonomy":"post_tag","embeddable":true,"href":"https:\/\/www.schiebener.net\/wordpress\/wp-json\/wp\/v2\/tags?post=4295"}],"curies":[{"name":"wp","href":"https:\/\/api.w.org\/{rel}","templated":true}]}}