{"id":42860,"date":"2018-12-04T19:39:04","date_gmt":"2018-12-04T18:39:04","guid":{"rendered":"https:\/\/www.schiebener.net\/wordpress\/?p=42860"},"modified":"2018-12-04T19:39:04","modified_gmt":"2018-12-04T18:39:04","slug":"wirtschaft-ab-2020-21-an-allen-weiterfuehrenden-allgemeinbildenden-schulen-in-nrw-pflichtfach-gew-gegen-schulfach-wirtschaft-kein-pflichtfach-informatik","status":"publish","type":"post","link":"https:\/\/www.schiebener.net\/wordpress\/wirtschaft-ab-2020-21-an-allen-weiterfuehrenden-allgemeinbildenden-schulen-in-nrw-pflichtfach-gew-gegen-schulfach-wirtschaft-kein-pflichtfach-informatik\/","title":{"rendered":"\u201eWirtschaft\u201c ab 2020\/21 an allen weiterf\u00fchrenden allgemeinbildenden Schulen in NRW Pflichtfach. <div><small>GEW gegen Schulfach \u201eWirtschaft\u201c. Kein Pflichtfach \u201eInformatik\u201c in NRW.<\/small><\/div>"},"content":{"rendered":"<p><img loading=\"lazy\" decoding=\"async\" src=\"https:\/\/www.schiebener.net\/wordpress\/wp-content\/uploads\/2018\/12\/PflichtfachWirtschaft20181204-1024x768.jpg\" alt=\"\" width=\"520\" height=\"390\" class=\"aligncenter size-large wp-image-42866\" srcset=\"https:\/\/www.schiebener.net\/wordpress\/wp-content\/uploads\/2018\/12\/PflichtfachWirtschaft20181204.jpg 1024w, https:\/\/www.schiebener.net\/wordpress\/wp-content\/uploads\/2018\/12\/PflichtfachWirtschaft20181204-300x225.jpg 300w, https:\/\/www.schiebener.net\/wordpress\/wp-content\/uploads\/2018\/12\/PflichtfachWirtschaft20181204-768x576.jpg 768w\" sizes=\"auto, (max-width: 520px) 85vw, 520px\" \/><strong>Die Gewerkschaft Erziehung und Wissenschaft(GEW) NRW hat sich gegen die Pl\u00e4ne von Schulministerin Yvonne Gebauer zur Einf\u00fchrung eines Faches Wirtschaft bzw. Wirtschaft\/Politik ausgesprochen.<\/strong><\/p>\n<p><em>(Zur <a href=\"https:\/\/www.gew-nrw.de\/presse\/pressemitteilungen-2018\/detail-pressemitteilungen-2018\/news\/gew-nrw-lehnt-schulfach-wirtschaft-ab.html\" rel=\"noopener\" target=\"_blank\">Pressemitteilung der GEW<\/a>)<\/em><\/p>\n<p>In Zeiten eines erstarkenden Rechtspopulismus sei vielmehr eine St\u00e4rkung der Demokratiebildung mit Hilfe eines fundierten Politikunterrichts, der von daf\u00fcr ausgebildeten Lehrkr\u00e4ften erteilt werde, erforderlich. <\/p>\n<p>Die ablehnende Haltung der GEW scheint allerdings keine Wirkung zu haben, denn, <a href=\"https:\/\/www.schulministerium.nrw.de\/docs\/bp\/Ministerium\/Presse\/Hintergrundinformationen\/Schulfach-Wirtschaft\/index.html\" rel=\"noopener\" target=\"_blank\">so das Bildungsministerium NRW<\/a>,  das Fach \u201eWirtschaft\u201c werde vom Schuljahr 2020\/21 an allen weiterf\u00fchrenden allgemeinbildenden Schulen Pflichtfach werden. <\/p>\n<p>An den Gymnasien erfolge der Start bereits zum kommenden Schuljahr 2019\/20 im Zuge der Umstellung auf G9, an den Hauptschulen, Realschulen, Sekundarschulen und Gesamtschulen im darauf folgenden Schuljahr.<\/p>\n<p>\u201eInsbesondere die Pl\u00e4ne, die Anteile an \u00f6konomischer Bildung aus den anderen gesellschaftswissenschaftlichen F\u00e4chern auszugliedern und in das neue Fach zu \u00fcberf\u00fchren\u201c, seien, so die GEW, kontraproduktiv. Es m\u00fcsse darum gehen, den Sch\u00fcler*innen wirtschaftliche Themen im Zusammenhang und aus verschiedenen Perspektiven zu vermitteln. <\/p>\n<p>Daher sei es nicht sinnvoll, sie auf ein eigenes Fach zu konzentrieren, erkl\u00e4rte in der vergangenen Woche GEW-Landesvorsitzende, Dorothea Sch\u00e4fer. Wirtschaftsbezogene Themen f\u00e4nden sich bereits ausreichend in den Lehrpl\u00e4nen der F\u00e4cher Politik und Sozialwissenschaften bzw. Arbeitslehre.<\/p>\n<p>Einer Studie von Prof. Dr. Reinhold Hedtke, Universit\u00e4t Bielefeld, zufolge verbringen Sch\u00fcler*innen an Gymnasien, Gesamtschulen und Realschulen nur 1 % ihrer Lernzeit mit politischen Themen und haben durchschnittlich nur 20 Sekunden pro Woche Zeit und Gelegenheit, ihre politische Meinung zu \u00e4u\u00dfern bzw. zu diskutieren. Schon jetzt, so weist die Studie aus, ist der Anteil an wirtschaftlichen Themen deutlich gr\u00f6\u00dfer als der Anteil an politischen Themen.<\/p>\n<p>Die GEW-Landesvorsitzende sprach sich vehement f\u00fcr eine St\u00e4rkung der politischen Bildung an unseren Schulen aus. \u201eAngesichts dieser Zahlen und aktueller besorgniserregender Befunde zum Thema Demokratiebildung an unseren Schulen brauchen wir dringend eine St\u00e4rkung der politischen Bildung. Gerade in Zeiten eines erstarkenden Rechtspopulismus ist ein fundierter Politikunterricht n\u00f6tiger denn je. Dies bedeutet auch, dass es eine St\u00e4rkung der Ausbildung der Politiklehrkr\u00e4fte braucht, denn Politik ist eines der F\u00e4cher, die am h\u00e4ufigsten fachfremd unterrichtet werden.\u201c<\/p>\n<p>W\u00e4hrend die CDU\/FDP-Regierung die W\u00fcnsche ihrer Klientel aus Politik und Wirtschaft aus dem Koalitionsvertrag z\u00fcgig umsetzt, bleibt ein anderer Ruf ungeh\u00f6rt:<\/p>\n<p><strong>Randbemerkung:<\/strong><\/p>\n<p>Das Pflichtfach Informatik, welches im Zeitalter der Digitalisierung von NRW-Bildungsexperten seit langem gefordert wird, schafft es weder in die breite Bildungsdiskussion noch in die Stundentafeln des Landes NRW.<\/p>\n<p>Siehe dazu:<br \/>\n<a href=\"https:\/\/informatiktag-nrw.de\/material\/FG-IBN_schriftliche-Stellungnahme-PflichtfachInformatik.pdf\" rel=\"noopener\" target=\"_blank\">https:\/\/informatiktag-nrw.de\/material\/FG-IBN_schriftliche-Stellungnahme-PflichtfachInformatik.pdf<\/a><\/p>\n","protected":false},"excerpt":{"rendered":"<p>Die Gewerkschaft Erziehung und Wissenschaft(GEW) NRW hat sich gegen die Pl\u00e4ne von Schulministerin Yvonne Gebauer zur Einf\u00fchrung eines Faches Wirtschaft bzw. Wirtschaft\/Politik ausgesprochen. (Zur Pressemitteilung der GEW) In Zeiten eines &hellip; <a href=\"https:\/\/www.schiebener.net\/wordpress\/wirtschaft-ab-2020-21-an-allen-weiterfuehrenden-allgemeinbildenden-schulen-in-nrw-pflichtfach-gew-gegen-schulfach-wirtschaft-kein-pflichtfach-informatik\/\" class=\"more-link\"><span class=\"screen-reader-text\">\u201e\u201eWirtschaft\u201c ab 2020\/21 an allen weiterf\u00fchrenden allgemeinbildenden Schulen in NRW Pflichtfach. <\/p>\n<div><small>GEW gegen Schulfach \u201eWirtschaft\u201c. Kein Pflichtfach \u201eInformatik\u201c in NRW.<\/small><\/div>\n<p>\u201c <\/span>weiterlesen<\/a><\/p>\n","protected":false},"author":3,"featured_media":0,"comment_status":"open","ping_status":"open","sticky":false,"template":"","format":"standard","meta":{"footnotes":""},"categories":[3,303,1043,1208],"tags":[3948,7893,7892],"class_list":["post-42860","post","type-post","status-publish","format-standard","hentry","category-bildung-und-schule","category-in-unserem-briefkasten","category-pressemitteilungen","category-wirtschaft","tag-bildungspolitik-nrw","tag-pflichtfach-informatik","tag-pflichtfach-wirtschaft"],"_links":{"self":[{"href":"https:\/\/www.schiebener.net\/wordpress\/wp-json\/wp\/v2\/posts\/42860","targetHints":{"allow":["GET"]}}],"collection":[{"href":"https:\/\/www.schiebener.net\/wordpress\/wp-json\/wp\/v2\/posts"}],"about":[{"href":"https:\/\/www.schiebener.net\/wordpress\/wp-json\/wp\/v2\/types\/post"}],"author":[{"embeddable":true,"href":"https:\/\/www.schiebener.net\/wordpress\/wp-json\/wp\/v2\/users\/3"}],"replies":[{"embeddable":true,"href":"https:\/\/www.schiebener.net\/wordpress\/wp-json\/wp\/v2\/comments?post=42860"}],"version-history":[{"count":0,"href":"https:\/\/www.schiebener.net\/wordpress\/wp-json\/wp\/v2\/posts\/42860\/revisions"}],"wp:attachment":[{"href":"https:\/\/www.schiebener.net\/wordpress\/wp-json\/wp\/v2\/media?parent=42860"}],"wp:term":[{"taxonomy":"category","embeddable":true,"href":"https:\/\/www.schiebener.net\/wordpress\/wp-json\/wp\/v2\/categories?post=42860"},{"taxonomy":"post_tag","embeddable":true,"href":"https:\/\/www.schiebener.net\/wordpress\/wp-json\/wp\/v2\/tags?post=42860"}],"curies":[{"name":"wp","href":"https:\/\/api.w.org\/{rel}","templated":true}]}}