{"id":42744,"date":"2018-11-20T20:59:11","date_gmt":"2018-11-20T19:59:11","guid":{"rendered":"https:\/\/www.schiebener.net\/wordpress\/?p=42744"},"modified":"2018-11-20T20:59:11","modified_gmt":"2018-11-20T19:59:11","slug":"winterberg-schneeflocken-greifen-portraets-einer-kindheit-im-hotel-hochsauerland-1933-bis-1968","status":"publish","type":"post","link":"https:\/\/www.schiebener.net\/wordpress\/winterberg-schneeflocken-greifen-portraets-einer-kindheit-im-hotel-hochsauerland-1933-bis-1968\/","title":{"rendered":"Winterberg: &#8222;schneeflocken greifen. portr\u00e4ts einer kindheit im hotel hochsauerland 1933 bis 1968.&#8220;"},"content":{"rendered":"<p><figure id=\"attachment_42745\" aria-describedby=\"caption-attachment-42745\" style=\"width: 700px\" class=\"wp-caption aligncenter\"><a href=\"https:\/\/www.schiebener.net\/wordpress\/wp-content\/uploads\/2018\/11\/Schneeflocken2018112001.jpg\" target=\"_blank\" rel=\"noopener\"><img loading=\"lazy\" decoding=\"async\" class=\"wp-image-42745\" src=\"https:\/\/www.schiebener.net\/wordpress\/wp-content\/uploads\/2018\/11\/Schneeflocken2018112001.jpg\" alt=\"\" width=\"700\" height=\"1050\" srcset=\"https:\/\/www.schiebener.net\/wordpress\/wp-content\/uploads\/2018\/11\/Schneeflocken2018112001.jpg 1365w, https:\/\/www.schiebener.net\/wordpress\/wp-content\/uploads\/2018\/11\/Schneeflocken2018112001-200x300.jpg 200w, https:\/\/www.schiebener.net\/wordpress\/wp-content\/uploads\/2018\/11\/Schneeflocken2018112001-768x1152.jpg 768w, https:\/\/www.schiebener.net\/wordpress\/wp-content\/uploads\/2018\/11\/Schneeflocken2018112001-683x1024.jpg 683w\" sizes=\"auto, (max-width: 709px) 85vw, (max-width: 909px) 67vw, (max-width: 984px) 61vw, (max-width: 1362px) 45vw, 600px\" \/><\/a><figcaption id=\"caption-attachment-42745\" class=\"wp-caption-text\">Vor mir liegt das Buch von Barbara Kreissl. Schneeflocken greifen. Winterberg. Der Faschismus. Die Juden. Die verschwiegenen Jahre. (foto: zoom)<\/figcaption><\/figure><strong>Vor mir liegt das kleine wei\u00dfe Buch von Barbara Kreissl (B\u00e4rbel Otto, Tochter von Franz Otto). Die Einheimischen werden wissen.<\/strong><\/p>\n<p>Barbara Kreissl, 1950 im Hochsauerland geboren, Kindheit im Hotel, trifft nach Jahrzehnten ihre Kindheitsfreundin Franziska wieder.<\/p>\n<p>Mit ein paar Erinnerungen, Interviews mit befreundeten Zeitzeugen vor Ort, mit historischen Dokumenten, Fotos, Gem\u00e4lden, ein paar \u00fcberlassenen Postkarten, Briefen und Aufzeichnungen und geerbten B\u00fcchern setzen sie im Gespr\u00e4ch das Lebensgef\u00fchl der Zeit bis in die 30er Jahre zur\u00fcckgehend zusammen.<\/p>\n<p>Eine wichtige St\u00fctze sind die Unterlagen des Rechtsanwalts Nikolaus Sch\u00e4fer, der die Geschichte der Juden, insbesondere Medebachs, erarbeitet hat. Schon schwer erkrankt, hat er der Autorin 2015 seine Unterlagen \u00fcber die Hochsauerl\u00e4nder Juden \u00fcberlassen.<\/p>\n<p>Aus diesem historischen Rohmaterial zeichnet Barbara Kreissl ein feinnerviges Portr\u00e4t der damaligen Gesellschaft. Sie versucht sowohl den Zauber der Zeit als auch das &#8222;Unerkl\u00e4rliche&#8220; der verschwiegenen &#8222;j\u00fcdischen und faschistischen Jahre&#8220; zu erfassen, hinter der Gewalt, hinter dem Schweigen.<\/p>\n<p>Barbara Kreissl verbrachte ihre Kindheit im Hotel. Danach Schulen in Saarbr\u00fccken und Tegernsee. Im Alter von 19 bis 23 Jahren in Lyon. 1972 Kultur- und Sprachdiplom an der Facult\u00e9 de lettres, Universit\u00e4t Lyon. Heirat drei Kinder.<\/p>\n<p>Abitur 1991, 1998 Magister der italienischen und franz\u00f6sischen Literaturwissenschaft und Kunstgeschichte. Stipendien in Florenz, Perugia, den Marken und in Sizilien.<\/p>\n<p>15 Jahre Unterricht in den Studienf\u00e4chern. K\u00fcnstlerseminare.<\/p>\n<p>Ver\u00f6ffentlichung &#8222;Ecrits et entretiens, Schriften und Gespr\u00e4che&#8220; \u00fcber und mit dem franz\u00f6sischen ZERO-K\u00fcnstler Bernard Aubertin. Sechs Enkel.<\/p>\n<p>&#8222;schneeflocken greifen&#8220; wurde von 2015 bis 2018 erarbeitet, geschrieben, gesetzt und gedruckt.<\/p>\n<p>Ich habe zu lesen begonnen und springe mitten hinein in die Zeit des Faschismus auf Seite 115:<\/p>\n<blockquote><p>&#8222;Der B\u00fcrgermeister als Polizeibeh\u00f6rde des kleinen Ortes [Winterberg?] machte aktenkundig:<\/p>\n<p>Der Jude Israel ist heute, den 18 November 1938, vormittags 11 Uhr aus dem Gerichtsgef\u00e4ngnis entlassen worden &#8230;.&#8220;<\/p><\/blockquote>\n<p>Mehr in ein paar Tagen nach(!) Lekt\u00fcre des gesamten Buches. Ich bin gespannt, was und wie viel ich von Winterberg und seiner Vergangenheit in Barabara Kreissls Buch entdecken werde.<\/p>\n<p>&#8212;&#8212;&#8212;&#8212;&#8212;&#8212;&#8212;<\/p>\n<p><em>Barbara Kreissl, Schneeflocken greifen, Reutlingen 2018, ISBN 978-3-00-060295-5, 168 Seiten, 19,80 Euro<\/em><\/p>\n","protected":false},"excerpt":{"rendered":"<p>Vor mir liegt das kleine wei\u00dfe Buch von Barbara Kreissl (B\u00e4rbel Otto, Tochter von Franz Otto). Die Einheimischen werden wissen. Barbara Kreissl, 1950 im Hochsauerland geboren, Kindheit im Hotel, trifft &hellip; <a href=\"https:\/\/www.schiebener.net\/wordpress\/winterberg-schneeflocken-greifen-portraets-einer-kindheit-im-hotel-hochsauerland-1933-bis-1968\/\" class=\"more-link\"><span class=\"screen-reader-text\">\u201eWinterberg: &#8222;schneeflocken greifen. portr\u00e4ts einer kindheit im hotel hochsauerland 1933 bis 1968.&#8220;\u201c <\/span>weiterlesen<\/a><\/p>\n","protected":false},"author":3,"featured_media":0,"comment_status":"open","ping_status":"open","sticky":false,"template":"","format":"standard","meta":{"footnotes":""},"categories":[218,319,303,674,80],"tags":[7865,4378,1823,612,5639,322],"class_list":["post-42744","post","type-post","status-publish","format-standard","hentry","category-bucher","category-geschichte","category-in-unserem-briefkasten","category-kultur","category-lokales","tag-barbara-kreissl","tag-faschismus","tag-juden","tag-medebach","tag-nikolaus-schaefer","tag-winterberg"],"_links":{"self":[{"href":"https:\/\/www.schiebener.net\/wordpress\/wp-json\/wp\/v2\/posts\/42744","targetHints":{"allow":["GET"]}}],"collection":[{"href":"https:\/\/www.schiebener.net\/wordpress\/wp-json\/wp\/v2\/posts"}],"about":[{"href":"https:\/\/www.schiebener.net\/wordpress\/wp-json\/wp\/v2\/types\/post"}],"author":[{"embeddable":true,"href":"https:\/\/www.schiebener.net\/wordpress\/wp-json\/wp\/v2\/users\/3"}],"replies":[{"embeddable":true,"href":"https:\/\/www.schiebener.net\/wordpress\/wp-json\/wp\/v2\/comments?post=42744"}],"version-history":[{"count":0,"href":"https:\/\/www.schiebener.net\/wordpress\/wp-json\/wp\/v2\/posts\/42744\/revisions"}],"wp:attachment":[{"href":"https:\/\/www.schiebener.net\/wordpress\/wp-json\/wp\/v2\/media?parent=42744"}],"wp:term":[{"taxonomy":"category","embeddable":true,"href":"https:\/\/www.schiebener.net\/wordpress\/wp-json\/wp\/v2\/categories?post=42744"},{"taxonomy":"post_tag","embeddable":true,"href":"https:\/\/www.schiebener.net\/wordpress\/wp-json\/wp\/v2\/tags?post=42744"}],"curies":[{"name":"wp","href":"https:\/\/api.w.org\/{rel}","templated":true}]}}