{"id":42692,"date":"2018-11-16T23:18:05","date_gmt":"2018-11-16T22:18:05","guid":{"rendered":"https:\/\/www.schiebener.net\/wordpress\/?p=42692"},"modified":"2018-11-16T23:18:47","modified_gmt":"2018-11-16T22:18:47","slug":"landesbetrieb-it-nrw-lediglich-272-prozent-der-lehrkraefte-an-allgemeinbildenden-schulen-in-nrw-sind-maenner","status":"publish","type":"post","link":"https:\/\/www.schiebener.net\/wordpress\/landesbetrieb-it-nrw-lediglich-272-prozent-der-lehrkraefte-an-allgemeinbildenden-schulen-in-nrw-sind-maenner\/","title":{"rendered":"Landesbetrieb IT.NRW: Lediglich 27,2 Prozent der Lehrkr\u00e4fte an allgemeinbildenden Schulen in NRW sind M\u00e4nner"},"content":{"rendered":"<figure id=\"attachment_42693\" aria-describedby=\"caption-attachment-42693\" style=\"width: 699px\" class=\"wp-caption aligncenter\"><a href=\"https:\/\/www.schiebener.net\/wordpress\/wp-content\/uploads\/2018\/11\/MaennerAnSchulen2018.jpg\" target=\"_blank\" rel=\"noopener\"><img loading=\"lazy\" decoding=\"async\" class=\"wp-image-42693\" src=\"https:\/\/www.schiebener.net\/wordpress\/wp-content\/uploads\/2018\/11\/MaennerAnSchulen2018.jpg\" alt=\"\" width=\"699\" height=\"491\" srcset=\"https:\/\/www.schiebener.net\/wordpress\/wp-content\/uploads\/2018\/11\/MaennerAnSchulen2018.jpg 1181w, https:\/\/www.schiebener.net\/wordpress\/wp-content\/uploads\/2018\/11\/MaennerAnSchulen2018-300x211.jpg 300w, https:\/\/www.schiebener.net\/wordpress\/wp-content\/uploads\/2018\/11\/MaennerAnSchulen2018-768x539.jpg 768w, https:\/\/www.schiebener.net\/wordpress\/wp-content\/uploads\/2018\/11\/MaennerAnSchulen2018-1024x719.jpg 1024w\" sizes=\"auto, (max-width: 709px) 85vw, (max-width: 909px) 67vw, (max-width: 984px) 61vw, (max-width: 1362px) 45vw, 600px\" \/><\/a><figcaption id=\"caption-attachment-42693\" class=\"wp-caption-text\">Grafik: IT.NRW<\/figcaption><\/figure>\n<p><strong>D\u00fcsseldorf (<a href=\"https:\/\/www.it.nrw\/272-prozent-der-lehrkraefte-allgemeinbildenden-schulen-nrw-sind-maenner-93676\" target=\"_blank\" rel=\"noopener\">IT.NRW<\/a>). Von den 157 858 hauptamtlichen bzw. hauptberuflichen Lehrkr\u00e4ften an den allgemeinbildenden Schulen (ohne Weiterbildungskolleg) in Nordrhein-Westfalen waren im Schuljahr 2017\/18 etwa ein Viertel M\u00e4nner.<\/strong><\/p>\n<p>Wie Information und Technik Nordrhein-Westfalen als Statistisches Landesamt anl\u00e4sslich des Internationalen M\u00e4nnertages (19. November 2018) mitteilt, ist der Anteil der m\u00e4nnlichen Lehrer gegen\u00fcber dem Schuljahr 2012\/13 von 29,7 auf 27,2 Prozent gesunken.<\/p>\n<figure id=\"attachment_42694\" aria-describedby=\"caption-attachment-42694\" style=\"width: 700px\" class=\"wp-caption aligncenter\"><a href=\"https:\/\/www.schiebener.net\/wordpress\/wp-content\/uploads\/2018\/11\/MaennerAnSchulen201802.jpg\" target=\"_blank\" rel=\"noopener\"><img loading=\"lazy\" decoding=\"async\" class=\"wp-image-42694\" src=\"https:\/\/www.schiebener.net\/wordpress\/wp-content\/uploads\/2018\/11\/MaennerAnSchulen201802.jpg\" alt=\"\" width=\"700\" height=\"412\" srcset=\"https:\/\/www.schiebener.net\/wordpress\/wp-content\/uploads\/2018\/11\/MaennerAnSchulen201802.jpg 1155w, https:\/\/www.schiebener.net\/wordpress\/wp-content\/uploads\/2018\/11\/MaennerAnSchulen201802-300x176.jpg 300w, https:\/\/www.schiebener.net\/wordpress\/wp-content\/uploads\/2018\/11\/MaennerAnSchulen201802-768x451.jpg 768w, https:\/\/www.schiebener.net\/wordpress\/wp-content\/uploads\/2018\/11\/MaennerAnSchulen201802-1024x602.jpg 1024w\" sizes=\"auto, (max-width: 709px) 85vw, (max-width: 909px) 67vw, (max-width: 984px) 61vw, (max-width: 1362px) 45vw, 600px\" \/><\/a><figcaption id=\"caption-attachment-42694\" class=\"wp-caption-text\">Tabelle: ITNRW<\/figcaption><\/figure>\n<p>Am niedrigsten war der M\u00e4nneranteil im Schuljahr 2017\/18 an Grundschulen mit 9,0 Prozent (wie auch 2012\/13).<\/p>\n<p>Den h\u00f6chsten M\u00e4nneranteil gab es 2017\/18 mit 40,0 Prozent an den Gymnasien. F\u00fcnf Jahre zuvor hatte der Anteil der Gymnasiallehrer noch bei 44,2 Prozent gelegen. Hier war auch der R\u00fcckgang mit 4,2 Prozentpunkten am gr\u00f6\u00dften.<\/p>\n<p>Wie die Grafik zeigt, war die Zahl der m\u00e4nnlichen Lehrer auch an den \u00fcbrigen Regelschulformen \u2013 mit Ausnahme der Sekundarschulen \u2013 r\u00fcckl\u00e4ufig.<\/p>\n<p>Die absoluten und relativen Zahlen f\u00fcr beispielsweise den Hochsauerlandkreis\u00a0 kann man der PDF mit den Kreis und Genmeindergebnissen f\u00fcr NRW entnehmen.<\/p>\n<figure id=\"attachment_42697\" aria-describedby=\"caption-attachment-42697\" style=\"width: 700px\" class=\"wp-caption aligncenter\"><a href=\"https:\/\/www.schiebener.net\/wordpress\/wp-content\/uploads\/2018\/11\/MaennerAnSchulen201803.jpg\" target=\"_blank\" rel=\"noopener\"><img loading=\"lazy\" decoding=\"async\" class=\"wp-image-42697\" src=\"https:\/\/www.schiebener.net\/wordpress\/wp-content\/uploads\/2018\/11\/MaennerAnSchulen201803.jpg\" alt=\"\" width=\"700\" height=\"288\" srcset=\"https:\/\/www.schiebener.net\/wordpress\/wp-content\/uploads\/2018\/11\/MaennerAnSchulen201803.jpg 1434w, https:\/\/www.schiebener.net\/wordpress\/wp-content\/uploads\/2018\/11\/MaennerAnSchulen201803-300x124.jpg 300w, https:\/\/www.schiebener.net\/wordpress\/wp-content\/uploads\/2018\/11\/MaennerAnSchulen201803-768x317.jpg 768w, https:\/\/www.schiebener.net\/wordpress\/wp-content\/uploads\/2018\/11\/MaennerAnSchulen201803-1024x422.jpg 1024w\" sizes=\"auto, (max-width: 709px) 85vw, (max-width: 909px) 67vw, (max-width: 984px) 61vw, (max-width: 1362px) 45vw, 600px\" \/><\/a><figcaption id=\"caption-attachment-42697\" class=\"wp-caption-text\">Die Zahlen f\u00fcr den Hochsauerlandkreis, entnommen aus der PDF (siehe Quellenangabe unten)<\/figcaption><\/figure>\n<p>&#8212;&#8212;&#8212;&#8212;&#8212;&#8212;&#8212;-<\/p>\n<p><strong><em>Link zur Pressemitteilung: <\/em><\/strong><\/p>\n<p><em><a href=\"https:\/\/www.it.nrw\/272-prozent-der-lehrkraefte-allgemeinbildenden-schulen-nrw-sind-maenner-93676\" target=\"_blank\" rel=\"noopener\">https:\/\/www.it.nrw\/272-prozent-der-lehrkraefte-allgemeinbildenden-schulen-nrw-sind-maenner-93676<\/a><\/em><\/p>\n<p><strong><em>Hauptamtliche und hauptberufliche Lehrkr\u00e4fte an allgemeinbildenden Schulen in NRW 2017\/2018 (Gemeindeergebnisse):<\/em><\/strong><\/p>\n<p><em><a href=\"https:\/\/www.it.nrw\/sites\/default\/files\/atoms\/files\/324_18.pdf\" target=\"_blank\" rel=\"noopener\">https:\/\/www.it.nrw\/sites\/default\/files\/atoms\/files\/324_18.pdf<\/a><\/em><\/p>\n","protected":false},"excerpt":{"rendered":"<p>D\u00fcsseldorf (IT.NRW). Von den 157 858 hauptamtlichen bzw. hauptberuflichen Lehrkr\u00e4ften an den allgemeinbildenden Schulen (ohne Weiterbildungskolleg) in Nordrhein-Westfalen waren im Schuljahr 2017\/18 etwa ein Viertel M\u00e4nner. Wie Information und Technik &hellip; <a href=\"https:\/\/www.schiebener.net\/wordpress\/landesbetrieb-it-nrw-lediglich-272-prozent-der-lehrkraefte-an-allgemeinbildenden-schulen-in-nrw-sind-maenner\/\" class=\"more-link\"><span class=\"screen-reader-text\">\u201eLandesbetrieb IT.NRW: Lediglich 27,2 Prozent der Lehrkr\u00e4fte an allgemeinbildenden Schulen in NRW sind M\u00e4nner\u201c <\/span>weiterlesen<\/a><\/p>\n","protected":false},"author":17,"featured_media":0,"comment_status":"open","ping_status":"open","sticky":false,"template":"","format":"standard","meta":{"footnotes":""},"categories":[3,303,1043],"tags":[1191,6539,655,7854],"class_list":["post-42692","post","type-post","status-publish","format-standard","hentry","category-bildung-und-schule","category-in-unserem-briefkasten","category-pressemitteilungen","tag-itnrw","tag-maenneranteil-schulen","tag-pressemitteilung","tag-schuljahr-2017-2018"],"_links":{"self":[{"href":"https:\/\/www.schiebener.net\/wordpress\/wp-json\/wp\/v2\/posts\/42692","targetHints":{"allow":["GET"]}}],"collection":[{"href":"https:\/\/www.schiebener.net\/wordpress\/wp-json\/wp\/v2\/posts"}],"about":[{"href":"https:\/\/www.schiebener.net\/wordpress\/wp-json\/wp\/v2\/types\/post"}],"author":[{"embeddable":true,"href":"https:\/\/www.schiebener.net\/wordpress\/wp-json\/wp\/v2\/users\/17"}],"replies":[{"embeddable":true,"href":"https:\/\/www.schiebener.net\/wordpress\/wp-json\/wp\/v2\/comments?post=42692"}],"version-history":[{"count":0,"href":"https:\/\/www.schiebener.net\/wordpress\/wp-json\/wp\/v2\/posts\/42692\/revisions"}],"wp:attachment":[{"href":"https:\/\/www.schiebener.net\/wordpress\/wp-json\/wp\/v2\/media?parent=42692"}],"wp:term":[{"taxonomy":"category","embeddable":true,"href":"https:\/\/www.schiebener.net\/wordpress\/wp-json\/wp\/v2\/categories?post=42692"},{"taxonomy":"post_tag","embeddable":true,"href":"https:\/\/www.schiebener.net\/wordpress\/wp-json\/wp\/v2\/tags?post=42692"}],"curies":[{"name":"wp","href":"https:\/\/api.w.org\/{rel}","templated":true}]}}