{"id":42670,"date":"2018-11-14T09:19:13","date_gmt":"2018-11-14T08:19:13","guid":{"rendered":"https:\/\/www.schiebener.net\/wordpress\/?p=42670"},"modified":"2018-11-14T09:19:13","modified_gmt":"2018-11-14T08:19:13","slug":"pressemitteilung-leben-und-wohnen-im-sauerland","status":"publish","type":"post","link":"https:\/\/www.schiebener.net\/wordpress\/pressemitteilung-leben-und-wohnen-im-sauerland\/","title":{"rendered":"Pressemitteilung: Leben und Wohnen im Sauerland"},"content":{"rendered":"<figure id=\"attachment_42671\" aria-describedby=\"caption-attachment-42671\" style=\"width: 700px\" class=\"wp-caption aligncenter\"><a href=\"https:\/\/www.schiebener.net\/wordpress\/wp-content\/uploads\/2018\/11\/FotoPM20181107.jpg\" target=\"_blank\" rel=\"noopener\"><img loading=\"lazy\" decoding=\"async\" class=\"wp-image-42671\" src=\"https:\/\/www.schiebener.net\/wordpress\/wp-content\/uploads\/2018\/11\/FotoPM20181107.jpg\" alt=\"\" width=\"700\" height=\"246\" srcset=\"https:\/\/www.schiebener.net\/wordpress\/wp-content\/uploads\/2018\/11\/FotoPM20181107.jpg 1024w, https:\/\/www.schiebener.net\/wordpress\/wp-content\/uploads\/2018\/11\/FotoPM20181107-300x105.jpg 300w, https:\/\/www.schiebener.net\/wordpress\/wp-content\/uploads\/2018\/11\/FotoPM20181107-768x270.jpg 768w\" sizes=\"auto, (max-width: 709px) 85vw, (max-width: 909px) 67vw, (max-width: 984px) 61vw, (max-width: 1362px) 45vw, 600px\" \/><\/a><figcaption id=\"caption-attachment-42671\" class=\"wp-caption-text\">Der Vorsitzende des Sozialverbandes Deutschland (SOvD) in NRW, Franz Schrewe referierte in Marsberg. (foto: spd)<\/figcaption><\/figure>\n<p><strong>Marsberg. (spd_pm) Der Vorsitzende des Sozialverbandes Deutschland (SOvD) in NRW, Franz Schrewe referierte am 7. November 2018 in Marsberg, vor mehr als 50 B\u00fcrgerinnen und B\u00fcrgern im Rahmen der Reihe \u201eAG 60plus unterwegs im Sauerland\u201c zum Thema \u201e Leben und Wohnen im Sauerland\u201c.<\/strong><\/p>\n<p>Franz Schrewe ist f\u00fcr dieses Thema ein ausgesprochener Experte, ist er doch selbst Sauerl\u00e4nder und war viele Jahre B\u00fcrgermeister in Brilon.<\/p>\n<p>Schrewe spannte den Bogen in seinem Referat von den Arbeitspl\u00e4tzen, insbesondere auch f\u00fcr Schwerbehinderte, \u00fcber Wohnen allgemein bis hin zur Gesundheitsvorsorge im Sauerland.<\/p>\n<p>Leben und Wohnen ist mit einer guten bis sehr guten Lebensqualit\u00e4t auch im Sauerland m\u00f6glich. Um dieses f\u00fcr die Zukunft zu sichern sind aber in den n\u00e4chsten Jahren viele Anstrengungen von Staat, Kommunen und jedem einzelnen Menschen erforderlich.<\/p>\n<p>Laut Schrewe sind mindestens Anstrengungen zur Verbesserung bei folgenden Problemfeldern notwendig:<\/p>\n<ul>\n<li>Barriere arme Wohnungen nebst \u00f6rtlichem Umfeld<\/li>\n<li>Sicherung und Verbesserung der \u00e4rztlichen Versorgung<\/li>\n<li>Pflege im Alter durch Angeh\u00f6rige und soziale Einrichtungen<\/li>\n<li>Verbesserung der vorhandenen Infrastruktur, (Stra\u00dfen, \u00d6PNV), Internet und Breitbandversorgung<\/li>\n<\/ul>\n<p>Dem Vortrag folgte eine ausf\u00fchrliche und intensive Diskussion \u00fcber die angesprochenen Themen und zu den pers\u00f6nlichen Erfahrungen der Teilnehmerinnen und Teilnehmer. Beim Thema Wohnen wurde auch intensiv \u00fcber die Problematik der Anliegerkosten bei Ausbau der Stra\u00dfen in den Wohngebieten und den damit verbundenen Auswirkungen f\u00fcr junge Familien und besonders f\u00fcr Rentner diskutiert. Die Anwesenden bef\u00fcrworteten einstimmig die Abschaffung der jetzigen Regelungen.<\/p>\n<p>Zum Schluss kam man \u00fcberein, dass diese Veranstaltung in Marsberg im n\u00e4chsten Jahr fortgesetzt werden soll; dann mit einem \u201epolitischen Fr\u00fchst\u00fcck\u201c.<\/p>\n<p>Franz Schrewe: \u201eEin rundum gelungener Nachmittag mit guten Diskussion und Anregungen auch f\u00fcr meine pers\u00f6nliche Arbeit im Sozialverband NRW\u201c.<\/p>\n","protected":false},"excerpt":{"rendered":"<p>Marsberg. (spd_pm) Der Vorsitzende des Sozialverbandes Deutschland (SOvD) in NRW, Franz Schrewe referierte am 7. November 2018 in Marsberg, vor mehr als 50 B\u00fcrgerinnen und B\u00fcrgern im Rahmen der Reihe &hellip; <a href=\"https:\/\/www.schiebener.net\/wordpress\/pressemitteilung-leben-und-wohnen-im-sauerland\/\" class=\"more-link\"><span class=\"screen-reader-text\">\u201ePressemitteilung: Leben und Wohnen im Sauerland\u201c <\/span>weiterlesen<\/a><\/p>\n","protected":false},"author":17,"featured_media":0,"comment_status":"open","ping_status":"open","sticky":false,"template":"","format":"standard","meta":{"footnotes":""},"categories":[303,80,24,1043,4761],"tags":[7848,873,655,6276],"class_list":["post-42670","post","type-post","status-publish","format-standard","hentry","category-in-unserem-briefkasten","category-lokales","category-politik","category-pressemitteilungen","category-soziales","tag-franz-schrewe","tag-marsberg","tag-pressemitteilung","tag-spd-ag-60plus"],"_links":{"self":[{"href":"https:\/\/www.schiebener.net\/wordpress\/wp-json\/wp\/v2\/posts\/42670","targetHints":{"allow":["GET"]}}],"collection":[{"href":"https:\/\/www.schiebener.net\/wordpress\/wp-json\/wp\/v2\/posts"}],"about":[{"href":"https:\/\/www.schiebener.net\/wordpress\/wp-json\/wp\/v2\/types\/post"}],"author":[{"embeddable":true,"href":"https:\/\/www.schiebener.net\/wordpress\/wp-json\/wp\/v2\/users\/17"}],"replies":[{"embeddable":true,"href":"https:\/\/www.schiebener.net\/wordpress\/wp-json\/wp\/v2\/comments?post=42670"}],"version-history":[{"count":0,"href":"https:\/\/www.schiebener.net\/wordpress\/wp-json\/wp\/v2\/posts\/42670\/revisions"}],"wp:attachment":[{"href":"https:\/\/www.schiebener.net\/wordpress\/wp-json\/wp\/v2\/media?parent=42670"}],"wp:term":[{"taxonomy":"category","embeddable":true,"href":"https:\/\/www.schiebener.net\/wordpress\/wp-json\/wp\/v2\/categories?post=42670"},{"taxonomy":"post_tag","embeddable":true,"href":"https:\/\/www.schiebener.net\/wordpress\/wp-json\/wp\/v2\/tags?post=42670"}],"curies":[{"name":"wp","href":"https:\/\/api.w.org\/{rel}","templated":true}]}}